{"id":12598,"date":"2020-06-03T01:26:02","date_gmt":"2020-06-03T01:26:02","guid":{"rendered":"https:\/\/www.elsoldepuebla.com.mx\/mexico\/sociedad\/hugo-lopez-gatell-pide-dos-semanas-mas-de-confinamiento-15-junio-cuarentena-covid-19-coronvirus-nueva-normalidad-5313235.html"},"modified":"2020-06-03T01:26:02","modified_gmt":"2020-06-03T01:26:02","slug":"gatell-pide-a-poblacion-dos-semanas-mas-de-confinamiento","status":"publish","type":"post","link":"https:\/\/ferabrajan.com\/portal\/2020\/06\/03\/gatell-pide-a-poblacion-dos-semanas-mas-de-confinamiento\/","title":{"rendered":"Gatell pide a poblaci\u00f3n dos semanas m\u00e1s de confinamiento"},"content":{"rendered":"<div><img decoding=\"async\" src=\"https:\/\/www.elsoldemexico.com.mx\/mexico\/sociedad\/z1is1l-gatll-2junio.jpg\/ALTERNATES\/LANDSCAPE_1140\/gatll-2junio.jpg\" class=\"ff-og-image-inserted\"><\/div>\n<p>La Secretar\u00eda de Salud pidi\u00f3 a la poblaci\u00f3n \u201cresistir por lo menos hasta el 15 de junio\u201d en casa en espera de que hasta entonces se pueda presentar una reducci\u00f3n sostenida de los contagios de Covid-19, debido a que este es el \u201cmomento de m\u00e1xima intensidad\u201d, asegur\u00f3 el subsecretario de Prevenci\u00f3n y Promoci\u00f3n de la Salud, Hugo L\u00f3pez-Gatell.<\/p>\n<p>Anunci\u00f3 que si en la construcci\u00f3n del Tren Maya ocurriera un brote de Covid-19, ser\u00e1 \u201ctemporalmente suspendida\u201d.<\/p>\n<p>Indic\u00f3 que en el caso de la construcci\u00f3n tanto del Aeropuerto de Santa Luc\u00eda y de la refiner\u00eda Dos Bocas se autoriz\u00f3 que mantuvieran su construcci\u00f3n si se cumplen los protocolos se seguridad sanitaria para quienes laboran ah\u00ed.<\/p>\n<p>En conferencia de prensa en Palacio Nacional, el funcionario federal dijo que hasta esa fecha se prev\u00e9 una modificaci\u00f3n en las curvas epid\u00e9micas, en particular en la Zona Metropolitana del Valle de M\u00e9xico en donde en este momento \u201cest\u00e1 en el m\u00e1ximo nivel de intensidad\u201d.<\/p>\n<h4><strong>Te recomendamos \u2b07\ufe0f<\/strong><\/h4>\n<section>\n<article class=\"mexico media\">\n<div class=\"teaser\">\n<p>[embedded content]<\/p>\n<\/div>\n<\/article>\n<\/section>\n<p>Publicaci\u00f3n Original: <a href=\"https:\/\/www.elsoldepuebla.com.mx\/mexico\/sociedad\/hugo-lopez-gatell-pide-dos-semanas-mas-de-confinamiento-15-junio-cuarentena-covid-19-coronvirus-nueva-normalidad-5313235.html\" target=\"_blank\" rel=\"noopener noreferrer\">https:\/\/www.elsoldepuebla.com.mx\/mexico\/sociedad\/hugo-lopez-gatell-pide-dos-semanas-mas-de-confinamiento-15-junio-cuarentena-covid-19-coronvirus-nueva-normalidad-5313235.html<\/a><\/p>\n","protected":false},"excerpt":{"rendered":"<p>La Secretar\u00eda de Salud pidi\u00f3 a la poblaci\u00f3n \u201cresistir por lo menos hasta el 15 de junio\u201d en casa en espera de que hasta entonces se pueda presentar una reducci\u00f3n sostenida de los contagios de Covid-19, debido a que este es el \u201cmomento de m\u00e1xima intensidad\u201d, asegur\u00f3 el subsecretario de Prevenci\u00f3n y Promoci\u00f3n de la Salud, Hugo L\u00f3pez-Gatell. Anunci\u00f3 que si en la construcci\u00f3n del Tren Maya ocurriera un brote de Covid-19, ser\u00e1 \u201ctemporalmente suspendida\u201d. Indic\u00f3 que en el caso de la construcci\u00f3n tanto del Aeropuerto de Santa Luc\u00eda y de la refiner\u00eda Dos Bocas se autoriz\u00f3 que mantuvieran su construcci\u00f3n si se cumplen los protocolos se seguridad sanitaria para quienes laboran ah\u00ed. En conferencia de prensa en Palacio Nacional, el funcionario federal dijo que hasta esa fecha se prev\u00e9 una modificaci\u00f3n en las curvas epid\u00e9micas, en particular en la Zona Metropolitana del Valle de M\u00e9xico en donde en este momento \u201cest\u00e1 en el m\u00e1ximo nivel de intensidad\u201d. Te recomendamos \u2b07\ufe0f [embedded content] Publicaci\u00f3n Original: https:\/\/www.elsoldepuebla.com.mx\/mexico\/sociedad\/hugo-lopez-gatell-pide-dos-semanas-mas-de-confinamiento-15-junio-cuarentena-covid-19-coronvirus-nueva-normalidad-5313235.html<\/p>\n","protected":false},"author":1,"featured_media":12602,"comment_status":"closed","ping_status":"closed","sticky":false,"template":"","format":"standard","meta":{"_monsterinsights_skip_tracking":false,"_uf_show_specific_survey":0,"_uf_disable_surveys":false,"footnotes":""},"categories":[34],"tags":[],"class_list":["post-12598","post","type-post","status-publish","format-standard","has-post-thumbnail","hentry","category-puebla"],"yoast_head":"<!-- This site is optimized with the Yoast SEO plugin v27.5 - https:\/\/yoast.com\/product\/yoast-seo-wordpress\/ -->\n<title>Gatell pide a poblaci\u00f3n dos semanas m\u00e1s de confinamiento - Fer Abrajan<\/title>\n<meta name=\"robots\" content=\"index, follow, max-snippet:-1, max-image-preview:large, max-video-preview:-1\" \/>\n<link rel=\"canonical\" href=\"https:\/\/ferabrajan.com\/portal\/2020\/06\/03\/gatell-pide-a-poblacion-dos-semanas-mas-de-confinamiento\/\" \/>\n<meta property=\"og:locale\" content=\"es_ES\" \/>\n<meta property=\"og:type\" content=\"article\" \/>\n<meta property=\"og:title\" content=\"Gatell pide a poblaci\u00f3n dos semanas m\u00e1s de confinamiento - Fer Abrajan\" \/>\n<meta property=\"og:description\" content=\"La Secretar\u00eda de Salud pidi\u00f3 a la poblaci\u00f3n \u201cresistir por lo menos hasta el 15 de junio\u201d en casa en espera de que hasta entonces se pueda presentar una reducci\u00f3n sostenida de los contagios de Covid-19, debido a que este es el \u201cmomento de m\u00e1xima intensidad\u201d, asegur\u00f3 el subsecretario de Prevenci\u00f3n y Promoci\u00f3n de la Salud, Hugo L\u00f3pez-Gatell. Anunci\u00f3 que si en la construcci\u00f3n del Tren Maya ocurriera un brote de Covid-19, ser\u00e1 \u201ctemporalmente suspendida\u201d. Indic\u00f3 que en el caso de la construcci\u00f3n tanto del Aeropuerto de Santa Luc\u00eda y de la refiner\u00eda Dos Bocas se autoriz\u00f3 que mantuvieran su construcci\u00f3n si se cumplen los protocolos se seguridad sanitaria para quienes laboran ah\u00ed. En conferencia de prensa en Palacio Nacional, el funcionario federal dijo que hasta esa fecha se prev\u00e9 una modificaci\u00f3n en las curvas epid\u00e9micas, en particular en la Zona Metropolitana del Valle de M\u00e9xico en donde en este momento \u201cest\u00e1 en el m\u00e1ximo nivel de intensidad\u201d. Te recomendamos \u2b07\ufe0f [embedded content] Publicaci\u00f3n Original: https:\/\/www.elsoldepuebla.com.mx\/mexico\/sociedad\/hugo-lopez-gatell-pide-dos-semanas-mas-de-confinamiento-15-junio-cuarentena-covid-19-coronvirus-nueva-normalidad-5313235.html\" \/>\n<meta property=\"og:url\" content=\"https:\/\/ferabrajan.com\/portal\/2020\/06\/03\/gatell-pide-a-poblacion-dos-semanas-mas-de-confinamiento\/\" \/>\n<meta property=\"og:site_name\" content=\"Fer Abrajan\" \/>\n<meta property=\"article:publisher\" content=\"https:\/\/www.facebook.com\/NoticiasconFerAbrajan\/\" \/>\n<meta property=\"article:published_time\" content=\"2020-06-03T01:26:02+00:00\" \/>\n<meta name=\"author\" content=\"admin\" \/>\n<meta name=\"twitter:card\" content=\"summary_large_image\" \/>\n<meta name=\"twitter:creator\" content=\"@ferabrajan1\" \/>\n<meta name=\"twitter:site\" content=\"@ferabrajan1\" \/>\n<meta name=\"twitter:label1\" content=\"Escrito por\" \/>\n\t<meta name=\"twitter:data1\" content=\"admin\" \/>\n\t<meta name=\"twitter:label2\" content=\"Tiempo de lectura\" \/>\n\t<meta name=\"twitter:data2\" content=\"1 minuto\" \/>\n<script type=\"application\/ld+json\" class=\"yoast-schema-graph\">{\"@context\":\"https:\\\/\\\/schema.org\",\"@graph\":[{\"@type\":\"Article\",\"@id\":\"https:\\\/\\\/ferabrajan.com\\\/portal\\\/2020\\\/06\\\/03\\\/gatell-pide-a-poblacion-dos-semanas-mas-de-confinamiento\\\/#article\",\"isPartOf\":{\"@id\":\"https:\\\/\\\/ferabrajan.com\\\/portal\\\/2020\\\/06\\\/03\\\/gatell-pide-a-poblacion-dos-semanas-mas-de-confinamiento\\\/\"},\"author\":{\"name\":\"admin\",\"@id\":\"https:\\\/\\\/ferabrajan.com\\\/portal\\\/#\\\/schema\\\/person\\\/f6113b3cb1e036d5c6a9505685b257ba\"},\"headline\":\"Gatell pide a poblaci\u00f3n dos semanas m\u00e1s de confinamiento\",\"datePublished\":\"2020-06-03T01:26:02+00:00\",\"mainEntityOfPage\":{\"@id\":\"https:\\\/\\\/ferabrajan.com\\\/portal\\\/2020\\\/06\\\/03\\\/gatell-pide-a-poblacion-dos-semanas-mas-de-confinamiento\\\/\"},\"wordCount\":202,\"publisher\":{\"@id\":\"https:\\\/\\\/ferabrajan.com\\\/portal\\\/#organization\"},\"image\":{\"@id\":\"https:\\\/\\\/ferabrajan.com\\\/portal\\\/2020\\\/06\\\/03\\\/gatell-pide-a-poblacion-dos-semanas-mas-de-confinamiento\\\/#primaryimage\"},\"thumbnailUrl\":\"\",\"articleSection\":[\"Puebla\"],\"inLanguage\":\"es\"},{\"@type\":\"WebPage\",\"@id\":\"https:\\\/\\\/ferabrajan.com\\\/portal\\\/2020\\\/06\\\/03\\\/gatell-pide-a-poblacion-dos-semanas-mas-de-confinamiento\\\/\",\"url\":\"https:\\\/\\\/ferabrajan.com\\\/portal\\\/2020\\\/06\\\/03\\\/gatell-pide-a-poblacion-dos-semanas-mas-de-confinamiento\\\/\",\"name\":\"Gatell pide a poblaci\u00f3n dos semanas m\u00e1s de confinamiento - Fer Abrajan\",\"isPartOf\":{\"@id\":\"https:\\\/\\\/ferabrajan.com\\\/portal\\\/#website\"},\"primaryImageOfPage\":{\"@id\":\"https:\\\/\\\/ferabrajan.com\\\/portal\\\/2020\\\/06\\\/03\\\/gatell-pide-a-poblacion-dos-semanas-mas-de-confinamiento\\\/#primaryimage\"},\"image\":{\"@id\":\"https:\\\/\\\/ferabrajan.com\\\/portal\\\/2020\\\/06\\\/03\\\/gatell-pide-a-poblacion-dos-semanas-mas-de-confinamiento\\\/#primaryimage\"},\"thumbnailUrl\":\"\",\"datePublished\":\"2020-06-03T01:26:02+00:00\",\"breadcrumb\":{\"@id\":\"https:\\\/\\\/ferabrajan.com\\\/portal\\\/2020\\\/06\\\/03\\\/gatell-pide-a-poblacion-dos-semanas-mas-de-confinamiento\\\/#breadcrumb\"},\"inLanguage\":\"es\",\"potentialAction\":[{\"@type\":\"ReadAction\",\"target\":[\"https:\\\/\\\/ferabrajan.com\\\/portal\\\/2020\\\/06\\\/03\\\/gatell-pide-a-poblacion-dos-semanas-mas-de-confinamiento\\\/\"]}]},{\"@type\":\"ImageObject\",\"inLanguage\":\"es\",\"@id\":\"https:\\\/\\\/ferabrajan.com\\\/portal\\\/2020\\\/06\\\/03\\\/gatell-pide-a-poblacion-dos-semanas-mas-de-confinamiento\\\/#primaryimage\",\"url\":\"\",\"contentUrl\":\"\"},{\"@type\":\"BreadcrumbList\",\"@id\":\"https:\\\/\\\/ferabrajan.com\\\/portal\\\/2020\\\/06\\\/03\\\/gatell-pide-a-poblacion-dos-semanas-mas-de-confinamiento\\\/#breadcrumb\",\"itemListElement\":[{\"@type\":\"ListItem\",\"position\":1,\"name\":\"Portada\",\"item\":\"https:\\\/\\\/ferabrajan.com\\\/portal\\\/\"},{\"@type\":\"ListItem\",\"position\":2,\"name\":\"Gatell pide a poblaci\u00f3n dos semanas m\u00e1s de confinamiento\"}]},{\"@type\":\"WebSite\",\"@id\":\"https:\\\/\\\/ferabrajan.com\\\/portal\\\/#website\",\"url\":\"https:\\\/\\\/ferabrajan.com\\\/portal\\\/\",\"name\":\"Fer Abrajan\",\"description\":\"Noticias de Puebla, opini\u00f3n y radio en vivo\",\"publisher\":{\"@id\":\"https:\\\/\\\/ferabrajan.com\\\/portal\\\/#organization\"},\"potentialAction\":[{\"@type\":\"SearchAction\",\"target\":{\"@type\":\"EntryPoint\",\"urlTemplate\":\"https:\\\/\\\/ferabrajan.com\\\/portal\\\/?s={search_term_string}\"},\"query-input\":{\"@type\":\"PropertyValueSpecification\",\"valueRequired\":true,\"valueName\":\"search_term_string\"}}],\"inLanguage\":\"es\"},{\"@type\":\"Organization\",\"@id\":\"https:\\\/\\\/ferabrajan.com\\\/portal\\\/#organization\",\"name\":\"Fer Abrajan\",\"url\":\"https:\\\/\\\/ferabrajan.com\\\/portal\\\/\",\"logo\":{\"@type\":\"ImageObject\",\"inLanguage\":\"es\",\"@id\":\"https:\\\/\\\/ferabrajan.com\\\/portal\\\/#\\\/schema\\\/logo\\\/image\\\/\",\"url\":\"https:\\\/\\\/ferabrajan.com\\\/portal\\\/wp-content\\\/uploads\\\/2024\\\/10\\\/cropped-logo.jpeg\",\"contentUrl\":\"https:\\\/\\\/ferabrajan.com\\\/portal\\\/wp-content\\\/uploads\\\/2024\\\/10\\\/cropped-logo.jpeg\",\"width\":500,\"height\":250,\"caption\":\"Fer Abrajan\"},\"image\":{\"@id\":\"https:\\\/\\\/ferabrajan.com\\\/portal\\\/#\\\/schema\\\/logo\\\/image\\\/\"},\"sameAs\":[\"https:\\\/\\\/www.facebook.com\\\/NoticiasconFerAbrajan\\\/\",\"https:\\\/\\\/x.com\\\/ferabrajan1\"]},{\"@type\":\"Person\",\"@id\":\"https:\\\/\\\/ferabrajan.com\\\/portal\\\/#\\\/schema\\\/person\\\/f6113b3cb1e036d5c6a9505685b257ba\",\"name\":\"admin\",\"image\":{\"@type\":\"ImageObject\",\"inLanguage\":\"es\",\"@id\":\"https:\\\/\\\/secure.gravatar.com\\\/avatar\\\/072baa72775aad53c748dfc5d3048578e01b6c087eef335459ebfa04344e2d18?s=96&d=mm&r=g\",\"url\":\"https:\\\/\\\/secure.gravatar.com\\\/avatar\\\/072baa72775aad53c748dfc5d3048578e01b6c087eef335459ebfa04344e2d18?s=96&d=mm&r=g\",\"contentUrl\":\"https:\\\/\\\/secure.gravatar.com\\\/avatar\\\/072baa72775aad53c748dfc5d3048578e01b6c087eef335459ebfa04344e2d18?s=96&d=mm&r=g\",\"caption\":\"admin\"},\"sameAs\":[\"https:\\\/\\\/ferabrajan.com\\\/portal\"],\"url\":\"https:\\\/\\\/ferabrajan.com\\\/portal\\\/author\\\/admin\\\/\"}]}<\/script>\n<!-- \/ Yoast SEO plugin. -->","yoast_head_json":{"title":"Gatell pide a poblaci\u00f3n dos semanas m\u00e1s de confinamiento - Fer Abrajan","robots":{"index":"index","follow":"follow","max-snippet":"max-snippet:-1","max-image-preview":"max-image-preview:large","max-video-preview":"max-video-preview:-1"},"canonical":"https:\/\/ferabrajan.com\/portal\/2020\/06\/03\/gatell-pide-a-poblacion-dos-semanas-mas-de-confinamiento\/","og_locale":"es_ES","og_type":"article","og_title":"Gatell pide a poblaci\u00f3n dos semanas m\u00e1s de confinamiento - Fer Abrajan","og_description":"La Secretar\u00eda de Salud pidi\u00f3 a la poblaci\u00f3n \u201cresistir por lo menos hasta el 15 de junio\u201d en casa en espera de que hasta entonces se pueda presentar una reducci\u00f3n sostenida de los contagios de Covid-19, debido a que este es el \u201cmomento de m\u00e1xima intensidad\u201d, asegur\u00f3 el subsecretario de Prevenci\u00f3n y Promoci\u00f3n de la Salud, Hugo L\u00f3pez-Gatell. Anunci\u00f3 que si en la construcci\u00f3n del Tren Maya ocurriera un brote de Covid-19, ser\u00e1 \u201ctemporalmente suspendida\u201d. Indic\u00f3 que en el caso de la construcci\u00f3n tanto del Aeropuerto de Santa Luc\u00eda y de la refiner\u00eda Dos Bocas se autoriz\u00f3 que mantuvieran su construcci\u00f3n si se cumplen los protocolos se seguridad sanitaria para quienes laboran ah\u00ed. En conferencia de prensa en Palacio Nacional, el funcionario federal dijo que hasta esa fecha se prev\u00e9 una modificaci\u00f3n en las curvas epid\u00e9micas, en particular en la Zona Metropolitana del Valle de M\u00e9xico en donde en este momento \u201cest\u00e1 en el m\u00e1ximo nivel de intensidad\u201d. Te recomendamos \u2b07\ufe0f [embedded content] Publicaci\u00f3n Original: https:\/\/www.elsoldepuebla.com.mx\/mexico\/sociedad\/hugo-lopez-gatell-pide-dos-semanas-mas-de-confinamiento-15-junio-cuarentena-covid-19-coronvirus-nueva-normalidad-5313235.html","og_url":"https:\/\/ferabrajan.com\/portal\/2020\/06\/03\/gatell-pide-a-poblacion-dos-semanas-mas-de-confinamiento\/","og_site_name":"Fer Abrajan","article_publisher":"https:\/\/www.facebook.com\/NoticiasconFerAbrajan\/","article_published_time":"2020-06-03T01:26:02+00:00","author":"admin","twitter_card":"summary_large_image","twitter_creator":"@ferabrajan1","twitter_site":"@ferabrajan1","twitter_misc":{"Escrito por":"admin","Tiempo de lectura":"1 minuto"},"schema":{"@context":"https:\/\/schema.org","@graph":[{"@type":"Article","@id":"https:\/\/ferabrajan.com\/portal\/2020\/06\/03\/gatell-pide-a-poblacion-dos-semanas-mas-de-confinamiento\/#article","isPartOf":{"@id":"https:\/\/ferabrajan.com\/portal\/2020\/06\/03\/gatell-pide-a-poblacion-dos-semanas-mas-de-confinamiento\/"},"author":{"name":"admin","@id":"https:\/\/ferabrajan.com\/portal\/#\/schema\/person\/f6113b3cb1e036d5c6a9505685b257ba"},"headline":"Gatell pide a poblaci\u00f3n dos semanas m\u00e1s de confinamiento","datePublished":"2020-06-03T01:26:02+00:00","mainEntityOfPage":{"@id":"https:\/\/ferabrajan.com\/portal\/2020\/06\/03\/gatell-pide-a-poblacion-dos-semanas-mas-de-confinamiento\/"},"wordCount":202,"publisher":{"@id":"https:\/\/ferabrajan.com\/portal\/#organization"},"image":{"@id":"https:\/\/ferabrajan.com\/portal\/2020\/06\/03\/gatell-pide-a-poblacion-dos-semanas-mas-de-confinamiento\/#primaryimage"},"thumbnailUrl":"","articleSection":["Puebla"],"inLanguage":"es"},{"@type":"WebPage","@id":"https:\/\/ferabrajan.com\/portal\/2020\/06\/03\/gatell-pide-a-poblacion-dos-semanas-mas-de-confinamiento\/","url":"https:\/\/ferabrajan.com\/portal\/2020\/06\/03\/gatell-pide-a-poblacion-dos-semanas-mas-de-confinamiento\/","name":"Gatell pide a poblaci\u00f3n dos semanas m\u00e1s de confinamiento - Fer Abrajan","isPartOf":{"@id":"https:\/\/ferabrajan.com\/portal\/#website"},"primaryImageOfPage":{"@id":"https:\/\/ferabrajan.com\/portal\/2020\/06\/03\/gatell-pide-a-poblacion-dos-semanas-mas-de-confinamiento\/#primaryimage"},"image":{"@id":"https:\/\/ferabrajan.com\/portal\/2020\/06\/03\/gatell-pide-a-poblacion-dos-semanas-mas-de-confinamiento\/#primaryimage"},"thumbnailUrl":"","datePublished":"2020-06-03T01:26:02+00:00","breadcrumb":{"@id":"https:\/\/ferabrajan.com\/portal\/2020\/06\/03\/gatell-pide-a-poblacion-dos-semanas-mas-de-confinamiento\/#breadcrumb"},"inLanguage":"es","potentialAction":[{"@type":"ReadAction","target":["https:\/\/ferabrajan.com\/portal\/2020\/06\/03\/gatell-pide-a-poblacion-dos-semanas-mas-de-confinamiento\/"]}]},{"@type":"ImageObject","inLanguage":"es","@id":"https:\/\/ferabrajan.com\/portal\/2020\/06\/03\/gatell-pide-a-poblacion-dos-semanas-mas-de-confinamiento\/#primaryimage","url":"","contentUrl":""},{"@type":"BreadcrumbList","@id":"https:\/\/ferabrajan.com\/portal\/2020\/06\/03\/gatell-pide-a-poblacion-dos-semanas-mas-de-confinamiento\/#breadcrumb","itemListElement":[{"@type":"ListItem","position":1,"name":"Portada","item":"https:\/\/ferabrajan.com\/portal\/"},{"@type":"ListItem","position":2,"name":"Gatell pide a poblaci\u00f3n dos semanas m\u00e1s de confinamiento"}]},{"@type":"WebSite","@id":"https:\/\/ferabrajan.com\/portal\/#website","url":"https:\/\/ferabrajan.com\/portal\/","name":"Fer Abrajan","description":"Noticias de Puebla, opini\u00f3n y radio en vivo","publisher":{"@id":"https:\/\/ferabrajan.com\/portal\/#organization"},"potentialAction":[{"@type":"SearchAction","target":{"@type":"EntryPoint","urlTemplate":"https:\/\/ferabrajan.com\/portal\/?s={search_term_string}"},"query-input":{"@type":"PropertyValueSpecification","valueRequired":true,"valueName":"search_term_string"}}],"inLanguage":"es"},{"@type":"Organization","@id":"https:\/\/ferabrajan.com\/portal\/#organization","name":"Fer Abrajan","url":"https:\/\/ferabrajan.com\/portal\/","logo":{"@type":"ImageObject","inLanguage":"es","@id":"https:\/\/ferabrajan.com\/portal\/#\/schema\/logo\/image\/","url":"https:\/\/ferabrajan.com\/portal\/wp-content\/uploads\/2024\/10\/cropped-logo.jpeg","contentUrl":"https:\/\/ferabrajan.com\/portal\/wp-content\/uploads\/2024\/10\/cropped-logo.jpeg","width":500,"height":250,"caption":"Fer Abrajan"},"image":{"@id":"https:\/\/ferabrajan.com\/portal\/#\/schema\/logo\/image\/"},"sameAs":["https:\/\/www.facebook.com\/NoticiasconFerAbrajan\/","https:\/\/x.com\/ferabrajan1"]},{"@type":"Person","@id":"https:\/\/ferabrajan.com\/portal\/#\/schema\/person\/f6113b3cb1e036d5c6a9505685b257ba","name":"admin","image":{"@type":"ImageObject","inLanguage":"es","@id":"https:\/\/secure.gravatar.com\/avatar\/072baa72775aad53c748dfc5d3048578e01b6c087eef335459ebfa04344e2d18?s=96&d=mm&r=g","url":"https:\/\/secure.gravatar.com\/avatar\/072baa72775aad53c748dfc5d3048578e01b6c087eef335459ebfa04344e2d18?s=96&d=mm&r=g","contentUrl":"https:\/\/secure.gravatar.com\/avatar\/072baa72775aad53c748dfc5d3048578e01b6c087eef335459ebfa04344e2d18?s=96&d=mm&r=g","caption":"admin"},"sameAs":["https:\/\/ferabrajan.com\/portal"],"url":"https:\/\/ferabrajan.com\/portal\/author\/admin\/"}]}},"_links":{"self":[{"href":"https:\/\/ferabrajan.com\/portal\/wp-json\/wp\/v2\/posts\/12598","targetHints":{"allow":["GET"]}}],"collection":[{"href":"https:\/\/ferabrajan.com\/portal\/wp-json\/wp\/v2\/posts"}],"about":[{"href":"https:\/\/ferabrajan.com\/portal\/wp-json\/wp\/v2\/types\/post"}],"author":[{"embeddable":true,"href":"https:\/\/ferabrajan.com\/portal\/wp-json\/wp\/v2\/users\/1"}],"replies":[{"embeddable":true,"href":"https:\/\/ferabrajan.com\/portal\/wp-json\/wp\/v2\/comments?post=12598"}],"version-history":[{"count":0,"href":"https:\/\/ferabrajan.com\/portal\/wp-json\/wp\/v2\/posts\/12598\/revisions"}],"wp:attachment":[{"href":"https:\/\/ferabrajan.com\/portal\/wp-json\/wp\/v2\/media?parent=12598"}],"wp:term":[{"taxonomy":"category","embeddable":true,"href":"https:\/\/ferabrajan.com\/portal\/wp-json\/wp\/v2\/categories?post=12598"},{"taxonomy":"post_tag","embeddable":true,"href":"https:\/\/ferabrajan.com\/portal\/wp-json\/wp\/v2\/tags?post=12598"}],"curies":[{"name":"wp","href":"https:\/\/api.w.org\/{rel}","templated":true}]}}