{"id":12593,"date":"2020-06-03T01:42:37","date_gmt":"2020-06-03T01:42:37","guid":{"rendered":"https:\/\/www.elsoldepuebla.com.mx\/gossip\/celebridades\/el-merolico-el-programa-de-hector-suarez-que-nunca-vio-la-luz-por-culpa-de-televisa-mario-zaragoza-5312797.html"},"modified":"2020-06-03T01:42:37","modified_gmt":"2020-06-03T01:42:37","slug":"el-merolico-el-programa-de-hector-suarez-que-nunca-vio-la-luz-por-culpa-de-televisa","status":"publish","type":"post","link":"https:\/\/ferabrajan.com\/portal\/2020\/06\/03\/el-merolico-el-programa-de-hector-suarez-que-nunca-vio-la-luz-por-culpa-de-televisa\/","title":{"rendered":"&quot;El Merolico&quot;, el programa de H\u00e9ctor Su\u00e1rez que nunca vio la luz por culpa de Televisa"},"content":{"rendered":"<div><img decoding=\"async\" src=\"https:\/\/www.elsoldemexico.com.mx\/gossip\/celebridades\/x0vcbd-hector-suarez.jpeg\/ALTERNATES\/LANDSCAPE_1140\/hector%20sua%CC%81rez.jpeg\" class=\"ff-og-image-inserted\"><\/div>\n<p>Mario Zaragoza, el actor manten\u00eda una amistad de nueve a\u00f1os con el maestro desaparecido H\u00e9ctor Su\u00e1rez Hern\u00e1ndez.<\/p>\n<p>Se conocieron en la pel\u00edcula Suave Patria de Francisco Javier Padilla y estaban en contacto como amigos por tel\u00e9fono y por WhattsApp.<\/p>\n<p>Su\u00e1rez Hern\u00e1ndez cre\u00f3 para Mario Zarazoga, \u00abEl Merolico\u00bb, personaje que abrir\u00eda y cerrar\u00eda su nuevo programa para Televisa, que por cambio de ejecutivos en el cuarto trimestre del 2019, no llegaron a grabar.<\/p>\n<section> <\/section>\n<p>\u201cMe invit\u00f3 en septiembre del a\u00f1o pasado a su nuevo programa que marcar\u00eda su regreso a Televisa. \u00cdbamos a trabajar juntos, ya que no lo hac\u00edamos desde Suave Patria. \u00c9l me habl\u00f3 por tel\u00e9fono y luego me mand\u00f3 el borrador de El Merolico que lo creo para m\u00ed.<\/p>\n<p>Yo me entusiasm\u00e9 como un ni\u00f1o, porque trabajar con \u00e9l era muy importante para m\u00ed, siempre sus trabajos tienen la intenci\u00f3n de la cr\u00edtica social y este personaje cuestionar\u00eda a la clase pol\u00edtica, para indagar por qu\u00e9 hac\u00edan lo que hac\u00edan con los asuntos de la naci\u00f3n\u201d, dijo en entrevista para El Sol de M\u00e9xico.<\/p>\n<p>\u00abNo pudimos llevarlo a cabo para Televisa, porque de repente, las cabezas de la empresa se fueron y llegaron los nuevos y a pesar de tener luz verde, el programa ya no entr\u00f3 en el plan. El maestro H\u00e9ctor, busc\u00f3 a Canal 22 y no llegaron a un acuerdo; trat\u00f3 de hacerlo independiente y estaba en eso\u00bb, explica.<\/p>\n<section> <\/section>\n<p>Respecto al lamentable fallecimiento del actor, Zaragoza extern\u00f3 su sentir y asegur\u00f3 que para \u00e9l fue un muestro y toda una instituci\u00f3n.<\/p>\n<p>\u201cSe siente mucho en el coraz\u00f3n, pienso mucho en \u00e9l, porque comparto su ideolog\u00eda. Don H\u00e9ctor Su\u00e1rez padre, es un maestro, es una escuela. \u00c9l tuvo el don de atrapar el p\u00fablico en general, de todas las clases con una sola frase. Esa era su capacidad, su inteligencia, es un actor y comediante que trascendi\u00f3 en su juventud, en la \u00e9poca de los 60, y hasta la actualidad y es un maestro impresionante.<\/p>\n<section>\n<div class=\"teaser\">\n<div class=\"infographicWrapper\">\n<blockquote class=\"instagram-media\" data-instgrm-captioned data-instgrm-permalink=\"https:\/\/www.instagram.com\/p\/CA7wErDsSf1\/?utm_source=ig_embed&amp;utm_campaign=loading\" data-instgrm-version=\"12\">\n<div><a href=\"https:\/\/www.instagram.com\/p\/CA7wErDsSf1\/?utm_source=ig_embed&amp;utm_campaign=loading\" target=\"_blank\" rel=\"noopener noreferrer\"> <\/p>\n<div>\n<p>Ver esta publicaci\u00f3n en Instagram<\/p>\n<\/div>\n<p> <\/a><\/p>\n<p><a href=\"https:\/\/www.instagram.com\/p\/CA7wErDsSf1\/?utm_source=ig_embed&amp;utm_campaign=loading\" target=\"_blank\" rel=\"noopener noreferrer\">A los amigos, a los compa\u00f1eros y a todos los medios de comunicaci\u00f3n: Con profundo dolor, queremos compartir con ustedes el fallecimiento de H\u00e9ctor Su\u00e1rez Hern\u00e1ndez. La familia Su\u00e1rez, les pedimos que por favor comprendan este momento de gran tristeza que estamos viviendo y tambi\u00e9n esperamos que puedan respetar nuestro duelo. Para nosotros se va el pap\u00e1, el abuelo, el hermano, el esposo y no la figura p\u00fablica que merece todo el reconocimiento de la familia art\u00edstica y los medios de comunicaci\u00f3n. Dennos oportunidad de procesar este duelo y en unos d\u00edas podremos conversar con ustedes. \u00a1Gracias! Descanse en paz, H\u00e9ctor Su\u00e1rez. Atentamente Su viuda, Zara Calder\u00f3n. Sus hijos: H\u00e9ctor Su\u00e1rez Gom\u00eds, Julieta Su\u00e1rez Gom\u00eds, Rodrigo Su\u00e1rez Calder\u00f3n e Isabella Su\u00e1rez Calder\u00f3n. Sus nietos: Paula Su\u00e1rez Gom\u00eds, Ximena Su\u00e1rez Palacio y Pablo Su\u00e1rez Quiroz.<\/a><\/p>\n<p>Una publicaci\u00f3n compartida por <a href=\"https:\/\/www.instagram.com\/pelongomis\/?utm_source=ig_embed&amp;utm_campaign=loading\" target=\"_blank\" rel=\"noopener noreferrer\">H\u00e9ctor Su\u00e1rez Gom\u00eds<\/a> (@pelongomis) el 2 de Jun de 2020 a las 6:00 PDT<\/p>\n<\/div>\n<\/blockquote>\n<\/div>\n<\/div>\n<\/section>\n<p>\u00c9l era bondadoso, ten\u00eda su car\u00e1cter como todo artista, bien cimentado, era muy noble, muy humano, muy cordial, generoso, yo lo recuerdo as\u00ed\u201d.<\/p>\n<p>Cabe destacar, que Mario Zaragoza es ganador de tres Arieles por De la calle de Gerardo Tort; y La zona y Desierto adentro, de Rodrigo Pl\u00e1.<\/p>\n<h4><strong>Te recomendamos \u2b07\ufe0f<\/strong><\/h4>\n<section>\n<article class=\"mexico media\">\n<div class=\"teaser\">\n<p>[embedded content]<\/p>\n<\/div>\n<\/article>\n<\/section>\n<p>Publicaci\u00f3n Original: <a href=\"https:\/\/www.elsoldepuebla.com.mx\/gossip\/celebridades\/el-merolico-el-programa-de-hector-suarez-que-nunca-vio-la-luz-por-culpa-de-televisa-mario-zaragoza-5312797.html\" target=\"_blank\" rel=\"noopener noreferrer\">https:\/\/www.elsoldepuebla.com.mx\/gossip\/celebridades\/el-merolico-el-programa-de-hector-suarez-que-nunca-vio-la-luz-por-culpa-de-televisa-mario-zaragoza-5312797.html<\/a><\/p>\n","protected":false},"excerpt":{"rendered":"<p>Mario Zaragoza, el actor manten\u00eda una amistad de nueve a\u00f1os con el maestro desaparecido H\u00e9ctor Su\u00e1rez Hern\u00e1ndez. Se conocieron en la pel\u00edcula Suave Patria de Francisco Javier Padilla y estaban en contacto como amigos por tel\u00e9fono y por WhattsApp. Su\u00e1rez Hern\u00e1ndez cre\u00f3 para Mario Zarazoga, \u00abEl Merolico\u00bb, personaje que abrir\u00eda y cerrar\u00eda su nuevo programa para Televisa, que por cambio de ejecutivos en el cuarto trimestre del 2019, no llegaron a grabar. \u201cMe invit\u00f3 en septiembre del a\u00f1o pasado a su nuevo programa que marcar\u00eda su regreso a Televisa. \u00cdbamos a trabajar juntos, ya que no lo hac\u00edamos desde Suave Patria. \u00c9l me habl\u00f3 por tel\u00e9fono y luego me mand\u00f3 el borrador de El Merolico que lo creo para m\u00ed. Yo me entusiasm\u00e9 como un ni\u00f1o, porque trabajar con \u00e9l era muy importante para m\u00ed, siempre sus trabajos tienen la intenci\u00f3n de la cr\u00edtica social y este personaje cuestionar\u00eda a la clase pol\u00edtica, para indagar por qu\u00e9 hac\u00edan lo que hac\u00edan con los asuntos de la naci\u00f3n\u201d, dijo en entrevista para El Sol de M\u00e9xico. \u00abNo pudimos llevarlo a cabo para Televisa, porque de repente, las cabezas de la empresa se fueron y llegaron los nuevos y a pesar de tener luz verde, el programa ya no entr\u00f3 en el plan. El maestro H\u00e9ctor, busc\u00f3 a Canal 22 y no llegaron a un acuerdo; trat\u00f3 de hacerlo independiente y estaba en eso\u00bb, explica. Respecto al lamentable fallecimiento del actor, Zaragoza extern\u00f3 su sentir y asegur\u00f3 que para \u00e9l fue un muestro y toda una instituci\u00f3n. \u201cSe siente mucho en el coraz\u00f3n, pienso mucho en \u00e9l, porque comparto su ideolog\u00eda. Don H\u00e9ctor Su\u00e1rez padre, es un maestro, es una escuela. \u00c9l tuvo el don de atrapar el p\u00fablico en general, de todas las clases con una sola frase. Esa era su capacidad, su inteligencia, es un actor y comediante que trascendi\u00f3 en su juventud, en la \u00e9poca de los 60, y hasta la actualidad y es un maestro impresionante. Ver esta publicaci\u00f3n en Instagram A los amigos, a los compa\u00f1eros y a todos los medios de comunicaci\u00f3n: Con profundo dolor, queremos compartir con ustedes el fallecimiento de H\u00e9ctor Su\u00e1rez Hern\u00e1ndez. La familia Su\u00e1rez, les pedimos que por favor comprendan este momento de gran tristeza que estamos viviendo y tambi\u00e9n esperamos que puedan respetar nuestro duelo. Para nosotros se va el pap\u00e1, el abuelo, el hermano, el esposo y no la figura p\u00fablica que merece todo el reconocimiento de la familia art\u00edstica y los medios de comunicaci\u00f3n. Dennos oportunidad de procesar este duelo y en unos d\u00edas podremos conversar con ustedes. \u00a1Gracias! Descanse en paz, H\u00e9ctor Su\u00e1rez. Atentamente Su viuda, Zara Calder\u00f3n. Sus hijos: H\u00e9ctor Su\u00e1rez Gom\u00eds, Julieta Su\u00e1rez Gom\u00eds, Rodrigo Su\u00e1rez Calder\u00f3n e Isabella Su\u00e1rez Calder\u00f3n. Sus nietos: Paula Su\u00e1rez Gom\u00eds, Ximena Su\u00e1rez Palacio y Pablo Su\u00e1rez Quiroz. Una publicaci\u00f3n compartida por H\u00e9ctor Su\u00e1rez Gom\u00eds (@pelongomis) el 2 de Jun de 2020 a las 6:00 PDT \u00c9l era bondadoso, ten\u00eda su car\u00e1cter como todo artista, bien cimentado, era muy noble, muy humano, muy cordial, generoso, yo lo recuerdo as\u00ed\u201d. Cabe destacar, que Mario Zaragoza es ganador de tres Arieles por De la calle de Gerardo Tort; y La zona y Desierto adentro, de Rodrigo Pl\u00e1. Te recomendamos \u2b07\ufe0f [embedded content] Publicaci\u00f3n Original: https:\/\/www.elsoldepuebla.com.mx\/gossip\/celebridades\/el-merolico-el-programa-de-hector-suarez-que-nunca-vio-la-luz-por-culpa-de-televisa-mario-zaragoza-5312797.html<\/p>\n","protected":false},"author":1,"featured_media":12597,"comment_status":"closed","ping_status":"closed","sticky":false,"template":"","format":"standard","meta":{"_monsterinsights_skip_tracking":false,"_uf_show_specific_survey":0,"_uf_disable_surveys":false,"footnotes":""},"categories":[34],"tags":[],"class_list":["post-12593","post","type-post","status-publish","format-standard","has-post-thumbnail","hentry","category-puebla"],"yoast_head":"<!-- This site is optimized with the Yoast SEO plugin v27.5 - https:\/\/yoast.com\/product\/yoast-seo-wordpress\/ -->\n<title>&quot;El Merolico&quot;, el programa de H\u00e9ctor Su\u00e1rez que nunca vio la luz por culpa de Televisa - Fer Abrajan<\/title>\n<meta name=\"robots\" content=\"index, follow, max-snippet:-1, max-image-preview:large, max-video-preview:-1\" \/>\n<link rel=\"canonical\" href=\"https:\/\/ferabrajan.com\/portal\/2020\/06\/03\/el-merolico-el-programa-de-hector-suarez-que-nunca-vio-la-luz-por-culpa-de-televisa\/\" \/>\n<meta property=\"og:locale\" content=\"es_ES\" \/>\n<meta property=\"og:type\" content=\"article\" \/>\n<meta property=\"og:title\" content=\"&quot;El Merolico&quot;, el programa de H\u00e9ctor Su\u00e1rez que nunca vio la luz por culpa de Televisa - Fer Abrajan\" \/>\n<meta property=\"og:description\" content=\"Mario Zaragoza, el actor manten\u00eda una amistad de nueve a\u00f1os con el maestro desaparecido H\u00e9ctor Su\u00e1rez Hern\u00e1ndez. Se conocieron en la pel\u00edcula Suave Patria de Francisco Javier Padilla y estaban en contacto como amigos por tel\u00e9fono y por WhattsApp. Su\u00e1rez Hern\u00e1ndez cre\u00f3 para Mario Zarazoga, \u00abEl Merolico\u00bb, personaje que abrir\u00eda y cerrar\u00eda su nuevo programa para Televisa, que por cambio de ejecutivos en el cuarto trimestre del 2019, no llegaron a grabar. \u201cMe invit\u00f3 en septiembre del a\u00f1o pasado a su nuevo programa que marcar\u00eda su regreso a Televisa. \u00cdbamos a trabajar juntos, ya que no lo hac\u00edamos desde Suave Patria. \u00c9l me habl\u00f3 por tel\u00e9fono y luego me mand\u00f3 el borrador de El Merolico que lo creo para m\u00ed. Yo me entusiasm\u00e9 como un ni\u00f1o, porque trabajar con \u00e9l era muy importante para m\u00ed, siempre sus trabajos tienen la intenci\u00f3n de la cr\u00edtica social y este personaje cuestionar\u00eda a la clase pol\u00edtica, para indagar por qu\u00e9 hac\u00edan lo que hac\u00edan con los asuntos de la naci\u00f3n\u201d, dijo en entrevista para El Sol de M\u00e9xico. \u00abNo pudimos llevarlo a cabo para Televisa, porque de repente, las cabezas de la empresa se fueron y llegaron los nuevos y a pesar de tener luz verde, el programa ya no entr\u00f3 en el plan. El maestro H\u00e9ctor, busc\u00f3 a Canal 22 y no llegaron a un acuerdo; trat\u00f3 de hacerlo independiente y estaba en eso\u00bb, explica. Respecto al lamentable fallecimiento del actor, Zaragoza extern\u00f3 su sentir y asegur\u00f3 que para \u00e9l fue un muestro y toda una instituci\u00f3n. \u201cSe siente mucho en el coraz\u00f3n, pienso mucho en \u00e9l, porque comparto su ideolog\u00eda. Don H\u00e9ctor Su\u00e1rez padre, es un maestro, es una escuela. \u00c9l tuvo el don de atrapar el p\u00fablico en general, de todas las clases con una sola frase. Esa era su capacidad, su inteligencia, es un actor y comediante que trascendi\u00f3 en su juventud, en la \u00e9poca de los 60, y hasta la actualidad y es un maestro impresionante. Ver esta publicaci\u00f3n en Instagram A los amigos, a los compa\u00f1eros y a todos los medios de comunicaci\u00f3n: Con profundo dolor, queremos compartir con ustedes el fallecimiento de H\u00e9ctor Su\u00e1rez Hern\u00e1ndez. La familia Su\u00e1rez, les pedimos que por favor comprendan este momento de gran tristeza que estamos viviendo y tambi\u00e9n esperamos que puedan respetar nuestro duelo. Para nosotros se va el pap\u00e1, el abuelo, el hermano, el esposo y no la figura p\u00fablica que merece todo el reconocimiento de la familia art\u00edstica y los medios de comunicaci\u00f3n. Dennos oportunidad de procesar este duelo y en unos d\u00edas podremos conversar con ustedes. \u00a1Gracias! Descanse en paz, H\u00e9ctor Su\u00e1rez. Atentamente Su viuda, Zara Calder\u00f3n. Sus hijos: H\u00e9ctor Su\u00e1rez Gom\u00eds, Julieta Su\u00e1rez Gom\u00eds, Rodrigo Su\u00e1rez Calder\u00f3n e Isabella Su\u00e1rez Calder\u00f3n. Sus nietos: Paula Su\u00e1rez Gom\u00eds, Ximena Su\u00e1rez Palacio y Pablo Su\u00e1rez Quiroz. Una publicaci\u00f3n compartida por H\u00e9ctor Su\u00e1rez Gom\u00eds (@pelongomis) el 2 de Jun de 2020 a las 6:00 PDT \u00c9l era bondadoso, ten\u00eda su car\u00e1cter como todo artista, bien cimentado, era muy noble, muy humano, muy cordial, generoso, yo lo recuerdo as\u00ed\u201d. Cabe destacar, que Mario Zaragoza es ganador de tres Arieles por De la calle de Gerardo Tort; y La zona y Desierto adentro, de Rodrigo Pl\u00e1. Te recomendamos \u2b07\ufe0f [embedded content] Publicaci\u00f3n Original: https:\/\/www.elsoldepuebla.com.mx\/gossip\/celebridades\/el-merolico-el-programa-de-hector-suarez-que-nunca-vio-la-luz-por-culpa-de-televisa-mario-zaragoza-5312797.html\" \/>\n<meta property=\"og:url\" content=\"https:\/\/ferabrajan.com\/portal\/2020\/06\/03\/el-merolico-el-programa-de-hector-suarez-que-nunca-vio-la-luz-por-culpa-de-televisa\/\" \/>\n<meta property=\"og:site_name\" content=\"Fer Abrajan\" \/>\n<meta property=\"article:publisher\" content=\"https:\/\/www.facebook.com\/NoticiasconFerAbrajan\/\" \/>\n<meta property=\"article:published_time\" content=\"2020-06-03T01:42:37+00:00\" \/>\n<meta name=\"author\" content=\"admin\" \/>\n<meta name=\"twitter:card\" content=\"summary_large_image\" \/>\n<meta name=\"twitter:creator\" content=\"@ferabrajan1\" \/>\n<meta name=\"twitter:site\" content=\"@ferabrajan1\" \/>\n<meta name=\"twitter:label1\" content=\"Escrito por\" \/>\n\t<meta name=\"twitter:data1\" content=\"admin\" \/>\n\t<meta name=\"twitter:label2\" content=\"Tiempo de lectura\" \/>\n\t<meta name=\"twitter:data2\" content=\"3 minutos\" \/>\n<script type=\"application\/ld+json\" class=\"yoast-schema-graph\">{\"@context\":\"https:\\\/\\\/schema.org\",\"@graph\":[{\"@type\":\"Article\",\"@id\":\"https:\\\/\\\/ferabrajan.com\\\/portal\\\/2020\\\/06\\\/03\\\/el-merolico-el-programa-de-hector-suarez-que-nunca-vio-la-luz-por-culpa-de-televisa\\\/#article\",\"isPartOf\":{\"@id\":\"https:\\\/\\\/ferabrajan.com\\\/portal\\\/2020\\\/06\\\/03\\\/el-merolico-el-programa-de-hector-suarez-que-nunca-vio-la-luz-por-culpa-de-televisa\\\/\"},\"author\":{\"name\":\"admin\",\"@id\":\"https:\\\/\\\/ferabrajan.com\\\/portal\\\/#\\\/schema\\\/person\\\/f6113b3cb1e036d5c6a9505685b257ba\"},\"headline\":\"&quot;El Merolico&quot;, el programa de H\u00e9ctor Su\u00e1rez que nunca vio la luz por culpa de Televisa\",\"datePublished\":\"2020-06-03T01:42:37+00:00\",\"mainEntityOfPage\":{\"@id\":\"https:\\\/\\\/ferabrajan.com\\\/portal\\\/2020\\\/06\\\/03\\\/el-merolico-el-programa-de-hector-suarez-que-nunca-vio-la-luz-por-culpa-de-televisa\\\/\"},\"wordCount\":629,\"publisher\":{\"@id\":\"https:\\\/\\\/ferabrajan.com\\\/portal\\\/#organization\"},\"image\":{\"@id\":\"https:\\\/\\\/ferabrajan.com\\\/portal\\\/2020\\\/06\\\/03\\\/el-merolico-el-programa-de-hector-suarez-que-nunca-vio-la-luz-por-culpa-de-televisa\\\/#primaryimage\"},\"thumbnailUrl\":\"\",\"articleSection\":[\"Puebla\"],\"inLanguage\":\"es\"},{\"@type\":\"WebPage\",\"@id\":\"https:\\\/\\\/ferabrajan.com\\\/portal\\\/2020\\\/06\\\/03\\\/el-merolico-el-programa-de-hector-suarez-que-nunca-vio-la-luz-por-culpa-de-televisa\\\/\",\"url\":\"https:\\\/\\\/ferabrajan.com\\\/portal\\\/2020\\\/06\\\/03\\\/el-merolico-el-programa-de-hector-suarez-que-nunca-vio-la-luz-por-culpa-de-televisa\\\/\",\"name\":\"&quot;El Merolico&quot;, el programa de H\u00e9ctor Su\u00e1rez que nunca vio la luz por culpa de Televisa - Fer Abrajan\",\"isPartOf\":{\"@id\":\"https:\\\/\\\/ferabrajan.com\\\/portal\\\/#website\"},\"primaryImageOfPage\":{\"@id\":\"https:\\\/\\\/ferabrajan.com\\\/portal\\\/2020\\\/06\\\/03\\\/el-merolico-el-programa-de-hector-suarez-que-nunca-vio-la-luz-por-culpa-de-televisa\\\/#primaryimage\"},\"image\":{\"@id\":\"https:\\\/\\\/ferabrajan.com\\\/portal\\\/2020\\\/06\\\/03\\\/el-merolico-el-programa-de-hector-suarez-que-nunca-vio-la-luz-por-culpa-de-televisa\\\/#primaryimage\"},\"thumbnailUrl\":\"\",\"datePublished\":\"2020-06-03T01:42:37+00:00\",\"breadcrumb\":{\"@id\":\"https:\\\/\\\/ferabrajan.com\\\/portal\\\/2020\\\/06\\\/03\\\/el-merolico-el-programa-de-hector-suarez-que-nunca-vio-la-luz-por-culpa-de-televisa\\\/#breadcrumb\"},\"inLanguage\":\"es\",\"potentialAction\":[{\"@type\":\"ReadAction\",\"target\":[\"https:\\\/\\\/ferabrajan.com\\\/portal\\\/2020\\\/06\\\/03\\\/el-merolico-el-programa-de-hector-suarez-que-nunca-vio-la-luz-por-culpa-de-televisa\\\/\"]}]},{\"@type\":\"ImageObject\",\"inLanguage\":\"es\",\"@id\":\"https:\\\/\\\/ferabrajan.com\\\/portal\\\/2020\\\/06\\\/03\\\/el-merolico-el-programa-de-hector-suarez-que-nunca-vio-la-luz-por-culpa-de-televisa\\\/#primaryimage\",\"url\":\"\",\"contentUrl\":\"\"},{\"@type\":\"BreadcrumbList\",\"@id\":\"https:\\\/\\\/ferabrajan.com\\\/portal\\\/2020\\\/06\\\/03\\\/el-merolico-el-programa-de-hector-suarez-que-nunca-vio-la-luz-por-culpa-de-televisa\\\/#breadcrumb\",\"itemListElement\":[{\"@type\":\"ListItem\",\"position\":1,\"name\":\"Portada\",\"item\":\"https:\\\/\\\/ferabrajan.com\\\/portal\\\/\"},{\"@type\":\"ListItem\",\"position\":2,\"name\":\"&quot;El Merolico&quot;, el programa de H\u00e9ctor Su\u00e1rez que nunca vio la luz por culpa de Televisa\"}]},{\"@type\":\"WebSite\",\"@id\":\"https:\\\/\\\/ferabrajan.com\\\/portal\\\/#website\",\"url\":\"https:\\\/\\\/ferabrajan.com\\\/portal\\\/\",\"name\":\"Fer Abrajan\",\"description\":\"Noticias de Puebla, opini\u00f3n y radio en vivo\",\"publisher\":{\"@id\":\"https:\\\/\\\/ferabrajan.com\\\/portal\\\/#organization\"},\"potentialAction\":[{\"@type\":\"SearchAction\",\"target\":{\"@type\":\"EntryPoint\",\"urlTemplate\":\"https:\\\/\\\/ferabrajan.com\\\/portal\\\/?s={search_term_string}\"},\"query-input\":{\"@type\":\"PropertyValueSpecification\",\"valueRequired\":true,\"valueName\":\"search_term_string\"}}],\"inLanguage\":\"es\"},{\"@type\":\"Organization\",\"@id\":\"https:\\\/\\\/ferabrajan.com\\\/portal\\\/#organization\",\"name\":\"Fer Abrajan\",\"url\":\"https:\\\/\\\/ferabrajan.com\\\/portal\\\/\",\"logo\":{\"@type\":\"ImageObject\",\"inLanguage\":\"es\",\"@id\":\"https:\\\/\\\/ferabrajan.com\\\/portal\\\/#\\\/schema\\\/logo\\\/image\\\/\",\"url\":\"https:\\\/\\\/ferabrajan.com\\\/portal\\\/wp-content\\\/uploads\\\/2024\\\/10\\\/cropped-logo.jpeg\",\"contentUrl\":\"https:\\\/\\\/ferabrajan.com\\\/portal\\\/wp-content\\\/uploads\\\/2024\\\/10\\\/cropped-logo.jpeg\",\"width\":500,\"height\":250,\"caption\":\"Fer Abrajan\"},\"image\":{\"@id\":\"https:\\\/\\\/ferabrajan.com\\\/portal\\\/#\\\/schema\\\/logo\\\/image\\\/\"},\"sameAs\":[\"https:\\\/\\\/www.facebook.com\\\/NoticiasconFerAbrajan\\\/\",\"https:\\\/\\\/x.com\\\/ferabrajan1\"]},{\"@type\":\"Person\",\"@id\":\"https:\\\/\\\/ferabrajan.com\\\/portal\\\/#\\\/schema\\\/person\\\/f6113b3cb1e036d5c6a9505685b257ba\",\"name\":\"admin\",\"image\":{\"@type\":\"ImageObject\",\"inLanguage\":\"es\",\"@id\":\"https:\\\/\\\/secure.gravatar.com\\\/avatar\\\/072baa72775aad53c748dfc5d3048578e01b6c087eef335459ebfa04344e2d18?s=96&d=mm&r=g\",\"url\":\"https:\\\/\\\/secure.gravatar.com\\\/avatar\\\/072baa72775aad53c748dfc5d3048578e01b6c087eef335459ebfa04344e2d18?s=96&d=mm&r=g\",\"contentUrl\":\"https:\\\/\\\/secure.gravatar.com\\\/avatar\\\/072baa72775aad53c748dfc5d3048578e01b6c087eef335459ebfa04344e2d18?s=96&d=mm&r=g\",\"caption\":\"admin\"},\"sameAs\":[\"https:\\\/\\\/ferabrajan.com\\\/portal\"],\"url\":\"https:\\\/\\\/ferabrajan.com\\\/portal\\\/author\\\/admin\\\/\"}]}<\/script>\n<!-- \/ Yoast SEO plugin. -->","yoast_head_json":{"title":"&quot;El Merolico&quot;, el programa de H\u00e9ctor Su\u00e1rez que nunca vio la luz por culpa de Televisa - Fer Abrajan","robots":{"index":"index","follow":"follow","max-snippet":"max-snippet:-1","max-image-preview":"max-image-preview:large","max-video-preview":"max-video-preview:-1"},"canonical":"https:\/\/ferabrajan.com\/portal\/2020\/06\/03\/el-merolico-el-programa-de-hector-suarez-que-nunca-vio-la-luz-por-culpa-de-televisa\/","og_locale":"es_ES","og_type":"article","og_title":"&quot;El Merolico&quot;, el programa de H\u00e9ctor Su\u00e1rez que nunca vio la luz por culpa de Televisa - Fer Abrajan","og_description":"Mario Zaragoza, el actor manten\u00eda una amistad de nueve a\u00f1os con el maestro desaparecido H\u00e9ctor Su\u00e1rez Hern\u00e1ndez. Se conocieron en la pel\u00edcula Suave Patria de Francisco Javier Padilla y estaban en contacto como amigos por tel\u00e9fono y por WhattsApp. Su\u00e1rez Hern\u00e1ndez cre\u00f3 para Mario Zarazoga, \u00abEl Merolico\u00bb, personaje que abrir\u00eda y cerrar\u00eda su nuevo programa para Televisa, que por cambio de ejecutivos en el cuarto trimestre del 2019, no llegaron a grabar. \u201cMe invit\u00f3 en septiembre del a\u00f1o pasado a su nuevo programa que marcar\u00eda su regreso a Televisa. \u00cdbamos a trabajar juntos, ya que no lo hac\u00edamos desde Suave Patria. \u00c9l me habl\u00f3 por tel\u00e9fono y luego me mand\u00f3 el borrador de El Merolico que lo creo para m\u00ed. Yo me entusiasm\u00e9 como un ni\u00f1o, porque trabajar con \u00e9l era muy importante para m\u00ed, siempre sus trabajos tienen la intenci\u00f3n de la cr\u00edtica social y este personaje cuestionar\u00eda a la clase pol\u00edtica, para indagar por qu\u00e9 hac\u00edan lo que hac\u00edan con los asuntos de la naci\u00f3n\u201d, dijo en entrevista para El Sol de M\u00e9xico. \u00abNo pudimos llevarlo a cabo para Televisa, porque de repente, las cabezas de la empresa se fueron y llegaron los nuevos y a pesar de tener luz verde, el programa ya no entr\u00f3 en el plan. El maestro H\u00e9ctor, busc\u00f3 a Canal 22 y no llegaron a un acuerdo; trat\u00f3 de hacerlo independiente y estaba en eso\u00bb, explica. Respecto al lamentable fallecimiento del actor, Zaragoza extern\u00f3 su sentir y asegur\u00f3 que para \u00e9l fue un muestro y toda una instituci\u00f3n. \u201cSe siente mucho en el coraz\u00f3n, pienso mucho en \u00e9l, porque comparto su ideolog\u00eda. Don H\u00e9ctor Su\u00e1rez padre, es un maestro, es una escuela. \u00c9l tuvo el don de atrapar el p\u00fablico en general, de todas las clases con una sola frase. Esa era su capacidad, su inteligencia, es un actor y comediante que trascendi\u00f3 en su juventud, en la \u00e9poca de los 60, y hasta la actualidad y es un maestro impresionante. Ver esta publicaci\u00f3n en Instagram A los amigos, a los compa\u00f1eros y a todos los medios de comunicaci\u00f3n: Con profundo dolor, queremos compartir con ustedes el fallecimiento de H\u00e9ctor Su\u00e1rez Hern\u00e1ndez. La familia Su\u00e1rez, les pedimos que por favor comprendan este momento de gran tristeza que estamos viviendo y tambi\u00e9n esperamos que puedan respetar nuestro duelo. Para nosotros se va el pap\u00e1, el abuelo, el hermano, el esposo y no la figura p\u00fablica que merece todo el reconocimiento de la familia art\u00edstica y los medios de comunicaci\u00f3n. Dennos oportunidad de procesar este duelo y en unos d\u00edas podremos conversar con ustedes. \u00a1Gracias! Descanse en paz, H\u00e9ctor Su\u00e1rez. Atentamente Su viuda, Zara Calder\u00f3n. Sus hijos: H\u00e9ctor Su\u00e1rez Gom\u00eds, Julieta Su\u00e1rez Gom\u00eds, Rodrigo Su\u00e1rez Calder\u00f3n e Isabella Su\u00e1rez Calder\u00f3n. Sus nietos: Paula Su\u00e1rez Gom\u00eds, Ximena Su\u00e1rez Palacio y Pablo Su\u00e1rez Quiroz. Una publicaci\u00f3n compartida por H\u00e9ctor Su\u00e1rez Gom\u00eds (@pelongomis) el 2 de Jun de 2020 a las 6:00 PDT \u00c9l era bondadoso, ten\u00eda su car\u00e1cter como todo artista, bien cimentado, era muy noble, muy humano, muy cordial, generoso, yo lo recuerdo as\u00ed\u201d. Cabe destacar, que Mario Zaragoza es ganador de tres Arieles por De la calle de Gerardo Tort; y La zona y Desierto adentro, de Rodrigo Pl\u00e1. Te recomendamos \u2b07\ufe0f [embedded content] Publicaci\u00f3n Original: https:\/\/www.elsoldepuebla.com.mx\/gossip\/celebridades\/el-merolico-el-programa-de-hector-suarez-que-nunca-vio-la-luz-por-culpa-de-televisa-mario-zaragoza-5312797.html","og_url":"https:\/\/ferabrajan.com\/portal\/2020\/06\/03\/el-merolico-el-programa-de-hector-suarez-que-nunca-vio-la-luz-por-culpa-de-televisa\/","og_site_name":"Fer Abrajan","article_publisher":"https:\/\/www.facebook.com\/NoticiasconFerAbrajan\/","article_published_time":"2020-06-03T01:42:37+00:00","author":"admin","twitter_card":"summary_large_image","twitter_creator":"@ferabrajan1","twitter_site":"@ferabrajan1","twitter_misc":{"Escrito por":"admin","Tiempo de lectura":"3 minutos"},"schema":{"@context":"https:\/\/schema.org","@graph":[{"@type":"Article","@id":"https:\/\/ferabrajan.com\/portal\/2020\/06\/03\/el-merolico-el-programa-de-hector-suarez-que-nunca-vio-la-luz-por-culpa-de-televisa\/#article","isPartOf":{"@id":"https:\/\/ferabrajan.com\/portal\/2020\/06\/03\/el-merolico-el-programa-de-hector-suarez-que-nunca-vio-la-luz-por-culpa-de-televisa\/"},"author":{"name":"admin","@id":"https:\/\/ferabrajan.com\/portal\/#\/schema\/person\/f6113b3cb1e036d5c6a9505685b257ba"},"headline":"&quot;El Merolico&quot;, el programa de H\u00e9ctor Su\u00e1rez que nunca vio la luz por culpa de Televisa","datePublished":"2020-06-03T01:42:37+00:00","mainEntityOfPage":{"@id":"https:\/\/ferabrajan.com\/portal\/2020\/06\/03\/el-merolico-el-programa-de-hector-suarez-que-nunca-vio-la-luz-por-culpa-de-televisa\/"},"wordCount":629,"publisher":{"@id":"https:\/\/ferabrajan.com\/portal\/#organization"},"image":{"@id":"https:\/\/ferabrajan.com\/portal\/2020\/06\/03\/el-merolico-el-programa-de-hector-suarez-que-nunca-vio-la-luz-por-culpa-de-televisa\/#primaryimage"},"thumbnailUrl":"","articleSection":["Puebla"],"inLanguage":"es"},{"@type":"WebPage","@id":"https:\/\/ferabrajan.com\/portal\/2020\/06\/03\/el-merolico-el-programa-de-hector-suarez-que-nunca-vio-la-luz-por-culpa-de-televisa\/","url":"https:\/\/ferabrajan.com\/portal\/2020\/06\/03\/el-merolico-el-programa-de-hector-suarez-que-nunca-vio-la-luz-por-culpa-de-televisa\/","name":"&quot;El Merolico&quot;, el programa de H\u00e9ctor Su\u00e1rez que nunca vio la luz por culpa de Televisa - Fer Abrajan","isPartOf":{"@id":"https:\/\/ferabrajan.com\/portal\/#website"},"primaryImageOfPage":{"@id":"https:\/\/ferabrajan.com\/portal\/2020\/06\/03\/el-merolico-el-programa-de-hector-suarez-que-nunca-vio-la-luz-por-culpa-de-televisa\/#primaryimage"},"image":{"@id":"https:\/\/ferabrajan.com\/portal\/2020\/06\/03\/el-merolico-el-programa-de-hector-suarez-que-nunca-vio-la-luz-por-culpa-de-televisa\/#primaryimage"},"thumbnailUrl":"","datePublished":"2020-06-03T01:42:37+00:00","breadcrumb":{"@id":"https:\/\/ferabrajan.com\/portal\/2020\/06\/03\/el-merolico-el-programa-de-hector-suarez-que-nunca-vio-la-luz-por-culpa-de-televisa\/#breadcrumb"},"inLanguage":"es","potentialAction":[{"@type":"ReadAction","target":["https:\/\/ferabrajan.com\/portal\/2020\/06\/03\/el-merolico-el-programa-de-hector-suarez-que-nunca-vio-la-luz-por-culpa-de-televisa\/"]}]},{"@type":"ImageObject","inLanguage":"es","@id":"https:\/\/ferabrajan.com\/portal\/2020\/06\/03\/el-merolico-el-programa-de-hector-suarez-que-nunca-vio-la-luz-por-culpa-de-televisa\/#primaryimage","url":"","contentUrl":""},{"@type":"BreadcrumbList","@id":"https:\/\/ferabrajan.com\/portal\/2020\/06\/03\/el-merolico-el-programa-de-hector-suarez-que-nunca-vio-la-luz-por-culpa-de-televisa\/#breadcrumb","itemListElement":[{"@type":"ListItem","position":1,"name":"Portada","item":"https:\/\/ferabrajan.com\/portal\/"},{"@type":"ListItem","position":2,"name":"&quot;El Merolico&quot;, el programa de H\u00e9ctor Su\u00e1rez que nunca vio la luz por culpa de Televisa"}]},{"@type":"WebSite","@id":"https:\/\/ferabrajan.com\/portal\/#website","url":"https:\/\/ferabrajan.com\/portal\/","name":"Fer Abrajan","description":"Noticias de Puebla, opini\u00f3n y radio en vivo","publisher":{"@id":"https:\/\/ferabrajan.com\/portal\/#organization"},"potentialAction":[{"@type":"SearchAction","target":{"@type":"EntryPoint","urlTemplate":"https:\/\/ferabrajan.com\/portal\/?s={search_term_string}"},"query-input":{"@type":"PropertyValueSpecification","valueRequired":true,"valueName":"search_term_string"}}],"inLanguage":"es"},{"@type":"Organization","@id":"https:\/\/ferabrajan.com\/portal\/#organization","name":"Fer Abrajan","url":"https:\/\/ferabrajan.com\/portal\/","logo":{"@type":"ImageObject","inLanguage":"es","@id":"https:\/\/ferabrajan.com\/portal\/#\/schema\/logo\/image\/","url":"https:\/\/ferabrajan.com\/portal\/wp-content\/uploads\/2024\/10\/cropped-logo.jpeg","contentUrl":"https:\/\/ferabrajan.com\/portal\/wp-content\/uploads\/2024\/10\/cropped-logo.jpeg","width":500,"height":250,"caption":"Fer Abrajan"},"image":{"@id":"https:\/\/ferabrajan.com\/portal\/#\/schema\/logo\/image\/"},"sameAs":["https:\/\/www.facebook.com\/NoticiasconFerAbrajan\/","https:\/\/x.com\/ferabrajan1"]},{"@type":"Person","@id":"https:\/\/ferabrajan.com\/portal\/#\/schema\/person\/f6113b3cb1e036d5c6a9505685b257ba","name":"admin","image":{"@type":"ImageObject","inLanguage":"es","@id":"https:\/\/secure.gravatar.com\/avatar\/072baa72775aad53c748dfc5d3048578e01b6c087eef335459ebfa04344e2d18?s=96&d=mm&r=g","url":"https:\/\/secure.gravatar.com\/avatar\/072baa72775aad53c748dfc5d3048578e01b6c087eef335459ebfa04344e2d18?s=96&d=mm&r=g","contentUrl":"https:\/\/secure.gravatar.com\/avatar\/072baa72775aad53c748dfc5d3048578e01b6c087eef335459ebfa04344e2d18?s=96&d=mm&r=g","caption":"admin"},"sameAs":["https:\/\/ferabrajan.com\/portal"],"url":"https:\/\/ferabrajan.com\/portal\/author\/admin\/"}]}},"_links":{"self":[{"href":"https:\/\/ferabrajan.com\/portal\/wp-json\/wp\/v2\/posts\/12593","targetHints":{"allow":["GET"]}}],"collection":[{"href":"https:\/\/ferabrajan.com\/portal\/wp-json\/wp\/v2\/posts"}],"about":[{"href":"https:\/\/ferabrajan.com\/portal\/wp-json\/wp\/v2\/types\/post"}],"author":[{"embeddable":true,"href":"https:\/\/ferabrajan.com\/portal\/wp-json\/wp\/v2\/users\/1"}],"replies":[{"embeddable":true,"href":"https:\/\/ferabrajan.com\/portal\/wp-json\/wp\/v2\/comments?post=12593"}],"version-history":[{"count":0,"href":"https:\/\/ferabrajan.com\/portal\/wp-json\/wp\/v2\/posts\/12593\/revisions"}],"wp:attachment":[{"href":"https:\/\/ferabrajan.com\/portal\/wp-json\/wp\/v2\/media?parent=12593"}],"wp:term":[{"taxonomy":"category","embeddable":true,"href":"https:\/\/ferabrajan.com\/portal\/wp-json\/wp\/v2\/categories?post=12593"},{"taxonomy":"post_tag","embeddable":true,"href":"https:\/\/ferabrajan.com\/portal\/wp-json\/wp\/v2\/tags?post=12593"}],"curies":[{"name":"wp","href":"https:\/\/api.w.org\/{rel}","templated":true}]}}