{"id":12588,"date":"2020-06-03T01:51:19","date_gmt":"2020-06-03T01:51:19","guid":{"rendered":"https:\/\/www.elsoldepuebla.com.mx\/local\/puebla-ocupa-el-segundo-lugar-nacional-con-menor-movilidad-covid19-coronavirus-pandemia-emergencia-sanitaria-sana-distancia-nueva-normalidad-5313365.html"},"modified":"2020-06-03T01:51:19","modified_gmt":"2020-06-03T01:51:19","slug":"puebla-ocupa-el-segundo-lugar-nacional-con-menor-movilidad","status":"publish","type":"post","link":"https:\/\/ferabrajan.com\/portal\/2020\/06\/03\/puebla-ocupa-el-segundo-lugar-nacional-con-menor-movilidad\/","title":{"rendered":"Puebla ocupa el segundo lugar nacional con menor movilidad"},"content":{"rendered":"<div><img decoding=\"async\" src=\"https:\/\/www.elsoldepuebla.com.mx\/incoming\/6k7hor-bulevar-5-mayo-puebla-vialidad-transporte.jpg\/ALTERNATES\/LANDSCAPE_1140\/bulevar%205%20mayo%20puebla%20vialidad%20transporte.jpg\" class=\"ff-og-image-inserted\"><\/div>\n<p>Con corte al 25 de mayo, Puebla se ubic\u00f3 en el segundo lugar nacional con el porcentaje m\u00e1s bajo de movilidad con 4 puntos, inform\u00f3, Ricardo Cort\u00e9s Alcal\u00e1, director general de Promoci\u00f3n de la Salud Federal.<\/p>\n<p><strong>Durante la conferencia de prensa nocturna del gobierno de la Rep\u00fablica, destac\u00f3 que los poblanos acatan la medida de cuarentena de la Jornada Nacional de Sana Distancia, para evitar la propagaci\u00f3n de SARS-CoV-2.<\/strong><\/p>\n<p>\u201cPodemos ver que de las \u00faltimas dos semanas a la \u00faltima semana (de mayo), por estado; dos estados muestras un decremento en la movilidad que son Puebla y Nayarit\u201d, destac\u00f3.<\/p>\n<p>En primer lugar, se encuentra Nayarit con una baja porcentual que corresponde a 6 puntos, expone la infograf\u00eda de la administraci\u00f3n de Andr\u00e9s Manuel L\u00f3pez Obrador.<\/p>\n<p><strong>Una vez m\u00e1s, Cort\u00e9s Alcal\u00e1 aclar\u00f3 que las autoridades sanitarias federales miden la movilidad a trav\u00e9s de los usuarios de Google, Facebook y Twitter en cada entidad federativa, que tienen activadas algunas aplicaciones en sus tel\u00e9fonos inteligentes.<\/strong><\/p>\n<p>A nivel nacional, el doctor declar\u00f3 que la actividad m\u00e1s baja corresponde a los usuarios de Facebook.<\/p>\n<h2><strong>PUEBLA, 9NO LUGAR CON ESPECIALISTAS DE SALUD CONTAGIADOS<\/strong><\/h2>\n<p>Por otra parte, Jos\u00e9 Luis Alom\u00eda Zegarra, Director General Epidemiolog\u00eda de la SSA, expuso que la entidad poblana se encuentra en el noveno lugar con personal de salud con contagio con 134 casos activos.<\/p>\n<p>El primer lugar de especialistas que ha enfermado por atender a pacientes del virus es la ciudad de M\u00e9xico con 845 personas, le sigue con 631 infectados el estado de M\u00e9xico y Tabasco, tiene la tercera posici\u00f3n con 278.<\/p>\n<p>Chiapas reporta un registro de 218 activos de Covid-19, continua con 188 casos Baja California, mientras, en Sinaloa hay 174 personas infectadas. Sonora tiene registro de 174 especialistas de la salud enfermos, en Jalisco hay 147 afectados y 134 corresponden a Puebla.<\/p>\n<p> Publicaci\u00f3n Original: <a href=\"https:\/\/www.elsoldepuebla.com.mx\/local\/puebla-ocupa-el-segundo-lugar-nacional-con-menor-movilidad-covid19-coronavirus-pandemia-emergencia-sanitaria-sana-distancia-nueva-normalidad-5313365.html\" target=\"_blank\" rel=\"noopener noreferrer\">https:\/\/www.elsoldepuebla.com.mx\/local\/puebla-ocupa-el-segundo-lugar-nacional-con-menor-movilidad-covid19-coronavirus-pandemia-emergencia-sanitaria-sana-distancia-nueva-normalidad-5313365.html<\/a><\/p>\n","protected":false},"excerpt":{"rendered":"<p>Con corte al 25 de mayo, Puebla se ubic\u00f3 en el segundo lugar nacional con el porcentaje m\u00e1s bajo de movilidad con 4 puntos, inform\u00f3, Ricardo Cort\u00e9s Alcal\u00e1, director general de Promoci\u00f3n de la Salud Federal. Durante la conferencia de prensa nocturna del gobierno de la Rep\u00fablica, destac\u00f3 que los poblanos acatan la medida de cuarentena de la Jornada Nacional de Sana Distancia, para evitar la propagaci\u00f3n de SARS-CoV-2. \u201cPodemos ver que de las \u00faltimas dos semanas a la \u00faltima semana (de mayo), por estado; dos estados muestras un decremento en la movilidad que son Puebla y Nayarit\u201d, destac\u00f3. En primer lugar, se encuentra Nayarit con una baja porcentual que corresponde a 6 puntos, expone la infograf\u00eda de la administraci\u00f3n de Andr\u00e9s Manuel L\u00f3pez Obrador. Una vez m\u00e1s, Cort\u00e9s Alcal\u00e1 aclar\u00f3 que las autoridades sanitarias federales miden la movilidad a trav\u00e9s de los usuarios de Google, Facebook y Twitter en cada entidad federativa, que tienen activadas algunas aplicaciones en sus tel\u00e9fonos inteligentes. A nivel nacional, el doctor declar\u00f3 que la actividad m\u00e1s baja corresponde a los usuarios de Facebook. PUEBLA, 9NO LUGAR CON ESPECIALISTAS DE SALUD CONTAGIADOS Por otra parte, Jos\u00e9 Luis Alom\u00eda Zegarra, Director General Epidemiolog\u00eda de la SSA, expuso que la entidad poblana se encuentra en el noveno lugar con personal de salud con contagio con 134 casos activos. El primer lugar de especialistas que ha enfermado por atender a pacientes del virus es la ciudad de M\u00e9xico con 845 personas, le sigue con 631 infectados el estado de M\u00e9xico y Tabasco, tiene la tercera posici\u00f3n con 278. Chiapas reporta un registro de 218 activos de Covid-19, continua con 188 casos Baja California, mientras, en Sinaloa hay 174 personas infectadas. Sonora tiene registro de 174 especialistas de la salud enfermos, en Jalisco hay 147 afectados y 134 corresponden a Puebla. Publicaci\u00f3n Original: https:\/\/www.elsoldepuebla.com.mx\/local\/puebla-ocupa-el-segundo-lugar-nacional-con-menor-movilidad-covid19-coronavirus-pandemia-emergencia-sanitaria-sana-distancia-nueva-normalidad-5313365.html<\/p>\n","protected":false},"author":1,"featured_media":12592,"comment_status":"closed","ping_status":"closed","sticky":false,"template":"","format":"standard","meta":{"_monsterinsights_skip_tracking":false,"_uf_show_specific_survey":0,"_uf_disable_surveys":false,"footnotes":""},"categories":[53,34],"tags":[],"class_list":["post-12588","post","type-post","status-publish","format-standard","has-post-thumbnail","hentry","category-local","category-puebla"],"yoast_head":"<!-- This site is optimized with the Yoast SEO plugin v27.5 - https:\/\/yoast.com\/product\/yoast-seo-wordpress\/ -->\n<title>Puebla ocupa el segundo lugar nacional con menor movilidad - Fer Abrajan<\/title>\n<meta name=\"robots\" content=\"index, follow, max-snippet:-1, max-image-preview:large, max-video-preview:-1\" \/>\n<link rel=\"canonical\" href=\"https:\/\/ferabrajan.com\/portal\/2020\/06\/03\/puebla-ocupa-el-segundo-lugar-nacional-con-menor-movilidad\/\" \/>\n<meta property=\"og:locale\" content=\"es_ES\" \/>\n<meta property=\"og:type\" content=\"article\" \/>\n<meta property=\"og:title\" content=\"Puebla ocupa el segundo lugar nacional con menor movilidad - Fer Abrajan\" \/>\n<meta property=\"og:description\" content=\"Con corte al 25 de mayo, Puebla se ubic\u00f3 en el segundo lugar nacional con el porcentaje m\u00e1s bajo de movilidad con 4 puntos, inform\u00f3, Ricardo Cort\u00e9s Alcal\u00e1, director general de Promoci\u00f3n de la Salud Federal. Durante la conferencia de prensa nocturna del gobierno de la Rep\u00fablica, destac\u00f3 que los poblanos acatan la medida de cuarentena de la Jornada Nacional de Sana Distancia, para evitar la propagaci\u00f3n de SARS-CoV-2. \u201cPodemos ver que de las \u00faltimas dos semanas a la \u00faltima semana (de mayo), por estado; dos estados muestras un decremento en la movilidad que son Puebla y Nayarit\u201d, destac\u00f3. En primer lugar, se encuentra Nayarit con una baja porcentual que corresponde a 6 puntos, expone la infograf\u00eda de la administraci\u00f3n de Andr\u00e9s Manuel L\u00f3pez Obrador. Una vez m\u00e1s, Cort\u00e9s Alcal\u00e1 aclar\u00f3 que las autoridades sanitarias federales miden la movilidad a trav\u00e9s de los usuarios de Google, Facebook y Twitter en cada entidad federativa, que tienen activadas algunas aplicaciones en sus tel\u00e9fonos inteligentes. A nivel nacional, el doctor declar\u00f3 que la actividad m\u00e1s baja corresponde a los usuarios de Facebook. PUEBLA, 9NO LUGAR CON ESPECIALISTAS DE SALUD CONTAGIADOS Por otra parte, Jos\u00e9 Luis Alom\u00eda Zegarra, Director General Epidemiolog\u00eda de la SSA, expuso que la entidad poblana se encuentra en el noveno lugar con personal de salud con contagio con 134 casos activos. El primer lugar de especialistas que ha enfermado por atender a pacientes del virus es la ciudad de M\u00e9xico con 845 personas, le sigue con 631 infectados el estado de M\u00e9xico y Tabasco, tiene la tercera posici\u00f3n con 278. Chiapas reporta un registro de 218 activos de Covid-19, continua con 188 casos Baja California, mientras, en Sinaloa hay 174 personas infectadas. Sonora tiene registro de 174 especialistas de la salud enfermos, en Jalisco hay 147 afectados y 134 corresponden a Puebla. Publicaci\u00f3n Original: https:\/\/www.elsoldepuebla.com.mx\/local\/puebla-ocupa-el-segundo-lugar-nacional-con-menor-movilidad-covid19-coronavirus-pandemia-emergencia-sanitaria-sana-distancia-nueva-normalidad-5313365.html\" \/>\n<meta property=\"og:url\" content=\"https:\/\/ferabrajan.com\/portal\/2020\/06\/03\/puebla-ocupa-el-segundo-lugar-nacional-con-menor-movilidad\/\" \/>\n<meta property=\"og:site_name\" content=\"Fer Abrajan\" \/>\n<meta property=\"article:publisher\" content=\"https:\/\/www.facebook.com\/NoticiasconFerAbrajan\/\" \/>\n<meta property=\"article:published_time\" content=\"2020-06-03T01:51:19+00:00\" \/>\n<meta name=\"author\" content=\"admin\" \/>\n<meta name=\"twitter:card\" content=\"summary_large_image\" \/>\n<meta name=\"twitter:creator\" content=\"@ferabrajan1\" \/>\n<meta name=\"twitter:site\" content=\"@ferabrajan1\" \/>\n<meta name=\"twitter:label1\" content=\"Escrito por\" \/>\n\t<meta name=\"twitter:data1\" content=\"admin\" \/>\n\t<meta name=\"twitter:label2\" content=\"Tiempo de lectura\" \/>\n\t<meta name=\"twitter:data2\" content=\"2 minutos\" \/>\n<script type=\"application\/ld+json\" class=\"yoast-schema-graph\">{\"@context\":\"https:\\\/\\\/schema.org\",\"@graph\":[{\"@type\":\"Article\",\"@id\":\"https:\\\/\\\/ferabrajan.com\\\/portal\\\/2020\\\/06\\\/03\\\/puebla-ocupa-el-segundo-lugar-nacional-con-menor-movilidad\\\/#article\",\"isPartOf\":{\"@id\":\"https:\\\/\\\/ferabrajan.com\\\/portal\\\/2020\\\/06\\\/03\\\/puebla-ocupa-el-segundo-lugar-nacional-con-menor-movilidad\\\/\"},\"author\":{\"name\":\"admin\",\"@id\":\"https:\\\/\\\/ferabrajan.com\\\/portal\\\/#\\\/schema\\\/person\\\/f6113b3cb1e036d5c6a9505685b257ba\"},\"headline\":\"Puebla ocupa el segundo lugar nacional con menor movilidad\",\"datePublished\":\"2020-06-03T01:51:19+00:00\",\"mainEntityOfPage\":{\"@id\":\"https:\\\/\\\/ferabrajan.com\\\/portal\\\/2020\\\/06\\\/03\\\/puebla-ocupa-el-segundo-lugar-nacional-con-menor-movilidad\\\/\"},\"wordCount\":329,\"publisher\":{\"@id\":\"https:\\\/\\\/ferabrajan.com\\\/portal\\\/#organization\"},\"image\":{\"@id\":\"https:\\\/\\\/ferabrajan.com\\\/portal\\\/2020\\\/06\\\/03\\\/puebla-ocupa-el-segundo-lugar-nacional-con-menor-movilidad\\\/#primaryimage\"},\"thumbnailUrl\":\"\",\"articleSection\":[\"Local\",\"Puebla\"],\"inLanguage\":\"es\"},{\"@type\":\"WebPage\",\"@id\":\"https:\\\/\\\/ferabrajan.com\\\/portal\\\/2020\\\/06\\\/03\\\/puebla-ocupa-el-segundo-lugar-nacional-con-menor-movilidad\\\/\",\"url\":\"https:\\\/\\\/ferabrajan.com\\\/portal\\\/2020\\\/06\\\/03\\\/puebla-ocupa-el-segundo-lugar-nacional-con-menor-movilidad\\\/\",\"name\":\"Puebla ocupa el segundo lugar nacional con menor movilidad - Fer Abrajan\",\"isPartOf\":{\"@id\":\"https:\\\/\\\/ferabrajan.com\\\/portal\\\/#website\"},\"primaryImageOfPage\":{\"@id\":\"https:\\\/\\\/ferabrajan.com\\\/portal\\\/2020\\\/06\\\/03\\\/puebla-ocupa-el-segundo-lugar-nacional-con-menor-movilidad\\\/#primaryimage\"},\"image\":{\"@id\":\"https:\\\/\\\/ferabrajan.com\\\/portal\\\/2020\\\/06\\\/03\\\/puebla-ocupa-el-segundo-lugar-nacional-con-menor-movilidad\\\/#primaryimage\"},\"thumbnailUrl\":\"\",\"datePublished\":\"2020-06-03T01:51:19+00:00\",\"breadcrumb\":{\"@id\":\"https:\\\/\\\/ferabrajan.com\\\/portal\\\/2020\\\/06\\\/03\\\/puebla-ocupa-el-segundo-lugar-nacional-con-menor-movilidad\\\/#breadcrumb\"},\"inLanguage\":\"es\",\"potentialAction\":[{\"@type\":\"ReadAction\",\"target\":[\"https:\\\/\\\/ferabrajan.com\\\/portal\\\/2020\\\/06\\\/03\\\/puebla-ocupa-el-segundo-lugar-nacional-con-menor-movilidad\\\/\"]}]},{\"@type\":\"ImageObject\",\"inLanguage\":\"es\",\"@id\":\"https:\\\/\\\/ferabrajan.com\\\/portal\\\/2020\\\/06\\\/03\\\/puebla-ocupa-el-segundo-lugar-nacional-con-menor-movilidad\\\/#primaryimage\",\"url\":\"\",\"contentUrl\":\"\"},{\"@type\":\"BreadcrumbList\",\"@id\":\"https:\\\/\\\/ferabrajan.com\\\/portal\\\/2020\\\/06\\\/03\\\/puebla-ocupa-el-segundo-lugar-nacional-con-menor-movilidad\\\/#breadcrumb\",\"itemListElement\":[{\"@type\":\"ListItem\",\"position\":1,\"name\":\"Portada\",\"item\":\"https:\\\/\\\/ferabrajan.com\\\/portal\\\/\"},{\"@type\":\"ListItem\",\"position\":2,\"name\":\"Puebla ocupa el segundo lugar nacional con menor movilidad\"}]},{\"@type\":\"WebSite\",\"@id\":\"https:\\\/\\\/ferabrajan.com\\\/portal\\\/#website\",\"url\":\"https:\\\/\\\/ferabrajan.com\\\/portal\\\/\",\"name\":\"Fer Abrajan\",\"description\":\"Noticias de Puebla, opini\u00f3n y radio en vivo\",\"publisher\":{\"@id\":\"https:\\\/\\\/ferabrajan.com\\\/portal\\\/#organization\"},\"potentialAction\":[{\"@type\":\"SearchAction\",\"target\":{\"@type\":\"EntryPoint\",\"urlTemplate\":\"https:\\\/\\\/ferabrajan.com\\\/portal\\\/?s={search_term_string}\"},\"query-input\":{\"@type\":\"PropertyValueSpecification\",\"valueRequired\":true,\"valueName\":\"search_term_string\"}}],\"inLanguage\":\"es\"},{\"@type\":\"Organization\",\"@id\":\"https:\\\/\\\/ferabrajan.com\\\/portal\\\/#organization\",\"name\":\"Fer Abrajan\",\"url\":\"https:\\\/\\\/ferabrajan.com\\\/portal\\\/\",\"logo\":{\"@type\":\"ImageObject\",\"inLanguage\":\"es\",\"@id\":\"https:\\\/\\\/ferabrajan.com\\\/portal\\\/#\\\/schema\\\/logo\\\/image\\\/\",\"url\":\"https:\\\/\\\/ferabrajan.com\\\/portal\\\/wp-content\\\/uploads\\\/2024\\\/10\\\/cropped-logo.jpeg\",\"contentUrl\":\"https:\\\/\\\/ferabrajan.com\\\/portal\\\/wp-content\\\/uploads\\\/2024\\\/10\\\/cropped-logo.jpeg\",\"width\":500,\"height\":250,\"caption\":\"Fer Abrajan\"},\"image\":{\"@id\":\"https:\\\/\\\/ferabrajan.com\\\/portal\\\/#\\\/schema\\\/logo\\\/image\\\/\"},\"sameAs\":[\"https:\\\/\\\/www.facebook.com\\\/NoticiasconFerAbrajan\\\/\",\"https:\\\/\\\/x.com\\\/ferabrajan1\"]},{\"@type\":\"Person\",\"@id\":\"https:\\\/\\\/ferabrajan.com\\\/portal\\\/#\\\/schema\\\/person\\\/f6113b3cb1e036d5c6a9505685b257ba\",\"name\":\"admin\",\"image\":{\"@type\":\"ImageObject\",\"inLanguage\":\"es\",\"@id\":\"https:\\\/\\\/secure.gravatar.com\\\/avatar\\\/072baa72775aad53c748dfc5d3048578e01b6c087eef335459ebfa04344e2d18?s=96&d=mm&r=g\",\"url\":\"https:\\\/\\\/secure.gravatar.com\\\/avatar\\\/072baa72775aad53c748dfc5d3048578e01b6c087eef335459ebfa04344e2d18?s=96&d=mm&r=g\",\"contentUrl\":\"https:\\\/\\\/secure.gravatar.com\\\/avatar\\\/072baa72775aad53c748dfc5d3048578e01b6c087eef335459ebfa04344e2d18?s=96&d=mm&r=g\",\"caption\":\"admin\"},\"sameAs\":[\"https:\\\/\\\/ferabrajan.com\\\/portal\"],\"url\":\"https:\\\/\\\/ferabrajan.com\\\/portal\\\/author\\\/admin\\\/\"}]}<\/script>\n<!-- \/ Yoast SEO plugin. -->","yoast_head_json":{"title":"Puebla ocupa el segundo lugar nacional con menor movilidad - Fer Abrajan","robots":{"index":"index","follow":"follow","max-snippet":"max-snippet:-1","max-image-preview":"max-image-preview:large","max-video-preview":"max-video-preview:-1"},"canonical":"https:\/\/ferabrajan.com\/portal\/2020\/06\/03\/puebla-ocupa-el-segundo-lugar-nacional-con-menor-movilidad\/","og_locale":"es_ES","og_type":"article","og_title":"Puebla ocupa el segundo lugar nacional con menor movilidad - Fer Abrajan","og_description":"Con corte al 25 de mayo, Puebla se ubic\u00f3 en el segundo lugar nacional con el porcentaje m\u00e1s bajo de movilidad con 4 puntos, inform\u00f3, Ricardo Cort\u00e9s Alcal\u00e1, director general de Promoci\u00f3n de la Salud Federal. Durante la conferencia de prensa nocturna del gobierno de la Rep\u00fablica, destac\u00f3 que los poblanos acatan la medida de cuarentena de la Jornada Nacional de Sana Distancia, para evitar la propagaci\u00f3n de SARS-CoV-2. \u201cPodemos ver que de las \u00faltimas dos semanas a la \u00faltima semana (de mayo), por estado; dos estados muestras un decremento en la movilidad que son Puebla y Nayarit\u201d, destac\u00f3. En primer lugar, se encuentra Nayarit con una baja porcentual que corresponde a 6 puntos, expone la infograf\u00eda de la administraci\u00f3n de Andr\u00e9s Manuel L\u00f3pez Obrador. Una vez m\u00e1s, Cort\u00e9s Alcal\u00e1 aclar\u00f3 que las autoridades sanitarias federales miden la movilidad a trav\u00e9s de los usuarios de Google, Facebook y Twitter en cada entidad federativa, que tienen activadas algunas aplicaciones en sus tel\u00e9fonos inteligentes. A nivel nacional, el doctor declar\u00f3 que la actividad m\u00e1s baja corresponde a los usuarios de Facebook. PUEBLA, 9NO LUGAR CON ESPECIALISTAS DE SALUD CONTAGIADOS Por otra parte, Jos\u00e9 Luis Alom\u00eda Zegarra, Director General Epidemiolog\u00eda de la SSA, expuso que la entidad poblana se encuentra en el noveno lugar con personal de salud con contagio con 134 casos activos. El primer lugar de especialistas que ha enfermado por atender a pacientes del virus es la ciudad de M\u00e9xico con 845 personas, le sigue con 631 infectados el estado de M\u00e9xico y Tabasco, tiene la tercera posici\u00f3n con 278. Chiapas reporta un registro de 218 activos de Covid-19, continua con 188 casos Baja California, mientras, en Sinaloa hay 174 personas infectadas. Sonora tiene registro de 174 especialistas de la salud enfermos, en Jalisco hay 147 afectados y 134 corresponden a Puebla. Publicaci\u00f3n Original: https:\/\/www.elsoldepuebla.com.mx\/local\/puebla-ocupa-el-segundo-lugar-nacional-con-menor-movilidad-covid19-coronavirus-pandemia-emergencia-sanitaria-sana-distancia-nueva-normalidad-5313365.html","og_url":"https:\/\/ferabrajan.com\/portal\/2020\/06\/03\/puebla-ocupa-el-segundo-lugar-nacional-con-menor-movilidad\/","og_site_name":"Fer Abrajan","article_publisher":"https:\/\/www.facebook.com\/NoticiasconFerAbrajan\/","article_published_time":"2020-06-03T01:51:19+00:00","author":"admin","twitter_card":"summary_large_image","twitter_creator":"@ferabrajan1","twitter_site":"@ferabrajan1","twitter_misc":{"Escrito por":"admin","Tiempo de lectura":"2 minutos"},"schema":{"@context":"https:\/\/schema.org","@graph":[{"@type":"Article","@id":"https:\/\/ferabrajan.com\/portal\/2020\/06\/03\/puebla-ocupa-el-segundo-lugar-nacional-con-menor-movilidad\/#article","isPartOf":{"@id":"https:\/\/ferabrajan.com\/portal\/2020\/06\/03\/puebla-ocupa-el-segundo-lugar-nacional-con-menor-movilidad\/"},"author":{"name":"admin","@id":"https:\/\/ferabrajan.com\/portal\/#\/schema\/person\/f6113b3cb1e036d5c6a9505685b257ba"},"headline":"Puebla ocupa el segundo lugar nacional con menor movilidad","datePublished":"2020-06-03T01:51:19+00:00","mainEntityOfPage":{"@id":"https:\/\/ferabrajan.com\/portal\/2020\/06\/03\/puebla-ocupa-el-segundo-lugar-nacional-con-menor-movilidad\/"},"wordCount":329,"publisher":{"@id":"https:\/\/ferabrajan.com\/portal\/#organization"},"image":{"@id":"https:\/\/ferabrajan.com\/portal\/2020\/06\/03\/puebla-ocupa-el-segundo-lugar-nacional-con-menor-movilidad\/#primaryimage"},"thumbnailUrl":"","articleSection":["Local","Puebla"],"inLanguage":"es"},{"@type":"WebPage","@id":"https:\/\/ferabrajan.com\/portal\/2020\/06\/03\/puebla-ocupa-el-segundo-lugar-nacional-con-menor-movilidad\/","url":"https:\/\/ferabrajan.com\/portal\/2020\/06\/03\/puebla-ocupa-el-segundo-lugar-nacional-con-menor-movilidad\/","name":"Puebla ocupa el segundo lugar nacional con menor movilidad - Fer Abrajan","isPartOf":{"@id":"https:\/\/ferabrajan.com\/portal\/#website"},"primaryImageOfPage":{"@id":"https:\/\/ferabrajan.com\/portal\/2020\/06\/03\/puebla-ocupa-el-segundo-lugar-nacional-con-menor-movilidad\/#primaryimage"},"image":{"@id":"https:\/\/ferabrajan.com\/portal\/2020\/06\/03\/puebla-ocupa-el-segundo-lugar-nacional-con-menor-movilidad\/#primaryimage"},"thumbnailUrl":"","datePublished":"2020-06-03T01:51:19+00:00","breadcrumb":{"@id":"https:\/\/ferabrajan.com\/portal\/2020\/06\/03\/puebla-ocupa-el-segundo-lugar-nacional-con-menor-movilidad\/#breadcrumb"},"inLanguage":"es","potentialAction":[{"@type":"ReadAction","target":["https:\/\/ferabrajan.com\/portal\/2020\/06\/03\/puebla-ocupa-el-segundo-lugar-nacional-con-menor-movilidad\/"]}]},{"@type":"ImageObject","inLanguage":"es","@id":"https:\/\/ferabrajan.com\/portal\/2020\/06\/03\/puebla-ocupa-el-segundo-lugar-nacional-con-menor-movilidad\/#primaryimage","url":"","contentUrl":""},{"@type":"BreadcrumbList","@id":"https:\/\/ferabrajan.com\/portal\/2020\/06\/03\/puebla-ocupa-el-segundo-lugar-nacional-con-menor-movilidad\/#breadcrumb","itemListElement":[{"@type":"ListItem","position":1,"name":"Portada","item":"https:\/\/ferabrajan.com\/portal\/"},{"@type":"ListItem","position":2,"name":"Puebla ocupa el segundo lugar nacional con menor movilidad"}]},{"@type":"WebSite","@id":"https:\/\/ferabrajan.com\/portal\/#website","url":"https:\/\/ferabrajan.com\/portal\/","name":"Fer Abrajan","description":"Noticias de Puebla, opini\u00f3n y radio en vivo","publisher":{"@id":"https:\/\/ferabrajan.com\/portal\/#organization"},"potentialAction":[{"@type":"SearchAction","target":{"@type":"EntryPoint","urlTemplate":"https:\/\/ferabrajan.com\/portal\/?s={search_term_string}"},"query-input":{"@type":"PropertyValueSpecification","valueRequired":true,"valueName":"search_term_string"}}],"inLanguage":"es"},{"@type":"Organization","@id":"https:\/\/ferabrajan.com\/portal\/#organization","name":"Fer Abrajan","url":"https:\/\/ferabrajan.com\/portal\/","logo":{"@type":"ImageObject","inLanguage":"es","@id":"https:\/\/ferabrajan.com\/portal\/#\/schema\/logo\/image\/","url":"https:\/\/ferabrajan.com\/portal\/wp-content\/uploads\/2024\/10\/cropped-logo.jpeg","contentUrl":"https:\/\/ferabrajan.com\/portal\/wp-content\/uploads\/2024\/10\/cropped-logo.jpeg","width":500,"height":250,"caption":"Fer Abrajan"},"image":{"@id":"https:\/\/ferabrajan.com\/portal\/#\/schema\/logo\/image\/"},"sameAs":["https:\/\/www.facebook.com\/NoticiasconFerAbrajan\/","https:\/\/x.com\/ferabrajan1"]},{"@type":"Person","@id":"https:\/\/ferabrajan.com\/portal\/#\/schema\/person\/f6113b3cb1e036d5c6a9505685b257ba","name":"admin","image":{"@type":"ImageObject","inLanguage":"es","@id":"https:\/\/secure.gravatar.com\/avatar\/072baa72775aad53c748dfc5d3048578e01b6c087eef335459ebfa04344e2d18?s=96&d=mm&r=g","url":"https:\/\/secure.gravatar.com\/avatar\/072baa72775aad53c748dfc5d3048578e01b6c087eef335459ebfa04344e2d18?s=96&d=mm&r=g","contentUrl":"https:\/\/secure.gravatar.com\/avatar\/072baa72775aad53c748dfc5d3048578e01b6c087eef335459ebfa04344e2d18?s=96&d=mm&r=g","caption":"admin"},"sameAs":["https:\/\/ferabrajan.com\/portal"],"url":"https:\/\/ferabrajan.com\/portal\/author\/admin\/"}]}},"_links":{"self":[{"href":"https:\/\/ferabrajan.com\/portal\/wp-json\/wp\/v2\/posts\/12588","targetHints":{"allow":["GET"]}}],"collection":[{"href":"https:\/\/ferabrajan.com\/portal\/wp-json\/wp\/v2\/posts"}],"about":[{"href":"https:\/\/ferabrajan.com\/portal\/wp-json\/wp\/v2\/types\/post"}],"author":[{"embeddable":true,"href":"https:\/\/ferabrajan.com\/portal\/wp-json\/wp\/v2\/users\/1"}],"replies":[{"embeddable":true,"href":"https:\/\/ferabrajan.com\/portal\/wp-json\/wp\/v2\/comments?post=12588"}],"version-history":[{"count":0,"href":"https:\/\/ferabrajan.com\/portal\/wp-json\/wp\/v2\/posts\/12588\/revisions"}],"wp:attachment":[{"href":"https:\/\/ferabrajan.com\/portal\/wp-json\/wp\/v2\/media?parent=12588"}],"wp:term":[{"taxonomy":"category","embeddable":true,"href":"https:\/\/ferabrajan.com\/portal\/wp-json\/wp\/v2\/categories?post=12588"},{"taxonomy":"post_tag","embeddable":true,"href":"https:\/\/ferabrajan.com\/portal\/wp-json\/wp\/v2\/tags?post=12588"}],"curies":[{"name":"wp","href":"https:\/\/api.w.org\/{rel}","templated":true}]}}