{"id":12559,"date":"2020-06-02T20:45:00","date_gmt":"2020-06-02T20:45:00","guid":{"rendered":"http:\/\/www.ferabrajan.com\/?p=12559"},"modified":"2020-06-02T20:45:00","modified_gmt":"2020-06-02T20:45:00","slug":"karol-g-recibe-duras-criticas-por-hablar-del-racismo-usando-a-su-perro","status":"publish","type":"post","link":"https:\/\/ferabrajan.com\/portal\/2020\/06\/02\/karol-g-recibe-duras-criticas-por-hablar-del-racismo-usando-a-su-perro\/","title":{"rendered":"Karol G recibe duras cr\u00edticas por hablar del racismo usando a su perro"},"content":{"rendered":"<p><strong>&nbsp;Karol G<\/strong> recibi\u00f3 este lunes duras cr\u00edticas en las redes sociales despu\u00e9s de publicar una fotograf\u00eda de su <strong>perro<\/strong> para expresarse contra el <strong>racismo<\/strong>, en medio de la ola de reacciones por la muerte a manos de la Polic\u00eda del afroamericano <strong>George Floyd<\/strong> en <strong>Estados Unidos<\/strong>.<\/p>\n<p>La controversia comenz\u00f3 cuando la cantante urbana colombiana public\u00f3 la imagen de su cachorro, de pelaje blanco y manchas oscuras, junto al mensaje \u00abel ejemplo perfecto de que el blanco y el negro juntos se ven hermosos\u00bb.<\/p>\n<p>Aunque poco despu\u00e9s la estrella borr\u00f3 su publicaci\u00f3n, los mensajes de rechazo se mantuvieron a lo largo de la tarde de hoy.<\/p>\n<p><a href=\"https:\/\/www.eluniversal.com.mx\/espectaculos\/farandula\/juanpa-zurita-responde-criticas-tras-decir-que-en-mexico-no-hay-racismo\" target=\"_blank\" rel=\"noopener noreferrer\"><span><strong>Tambi\u00e9n lee:&nbsp;<\/strong>Juanpa Zurita responde a cr\u00edticas tras decir que en M\u00e9xico no hay racismo<\/span><\/a><\/p>\n<p><img decoding=\"async\" alt=\"tuit_karol_ok.jpg\" src=\"https:\/\/www.eluniversal.com.mx\/sites\/default\/files\/u38658\/tuit_karol_ok.jpg\"><\/p>\n<p>\u00abEntonces Karol G ha hecho carrera cantando una m\u00fasica que viene de ritmos negros, pero para ella el racismo es como un perrito con manchas\u00bb, escribi\u00f3 una usuaria en <strong>Twitter<\/strong>.<\/p>\n<p>\u00abSeg\u00fan Karol G no soy racista porque tomo caf\u00e9 con leche, me visto camisa negra\/blanca con pantal\u00f3n blanco\/negro, y s\u00ed, muy importante uso tapaboca mitad blanco y mitad negro para ser antirracista de la vida\u00bb, expres\u00f3 otro.<\/p>\n<p>Los mensajes de los internautas se multiplicaron a tal punto que la etiqueta #KarolG fue una de las 20 tendencias m\u00e1s populares en Estados Unidos.&nbsp;<\/p>\n<blockquote class=\"twitter-tweet\">\n<p dir=\"ltr\" lang=\"es\" xml:lang=\"es\">No se a quien se le ocurri\u00f3 dividir a la sociedad por \u201cRazas\u201d Usted no tiene un amigo blanco, un primo negro o un compa\u00f1ero cauc\u00e1sico. Usted tiene un amigo, un primo y un compa\u00f1ero. Fuck that<\/p>\n<p>\u2014 KAROL G (@karolg) <a href=\"https:\/\/twitter.com\/karolg\/status\/1266808487243325443?ref_src=twsrc%5Etfw\">May 30, 2020<\/a><\/p>\n<\/blockquote>\n<p>Sin embargo, una de las cr\u00edticas m\u00e1s fuertes provino de su compatriota Goyo, la voz femenina del tr\u00edo ChocQuibTown.<\/p>\n<p><a href=\"https:\/\/www.eluniversal.com.mx\/espectaculos\/drama-desk-se-solidariza-contra-el-racismo-y-la-violencia\" target=\"_blank\" rel=\"noopener noreferrer\"><span><strong>Tambi\u00e9n lee:<\/strong>&nbsp;Drama Desk apoya lucha contra el racismo y la violencia&nbsp;<\/span><\/a><\/p>\n<p>\u00abLos mensajes de Karol G queriendo solidarizarse con esta causa; son ejemplo de c\u00f3mo alguien que hace m\u00fasica y videos con factura afrodescendiente, con \u00eddolos NEGROS. No tiene claro lo que es RACISMO, Ni discriminacion, ni la importancia de las razas. Y es algo que sumar\u00eda mucho\u00bb, escribi\u00f3 la artista afrodescendiente.<\/p>\n<blockquote class=\"twitter-tweet\">\n<p dir=\"ltr\" lang=\"es\" xml:lang=\"es\">Los mensajes de <a href=\"https:\/\/twitter.com\/karolg?ref_src=twsrc%5Etfw\">@karolg<\/a> queriendo solidarizarse con esta causa; son Ejemplo de como alguien que hace m\u00fasica y videos con factura afrodescendiete, con \u00eddolos NEGROS. No tiene claro lo que es RACISMO, Ni Discriminacion, ni la importancia de las razas. Y es algo que sumar\u00eda Mucho. <a href=\"https:\/\/t.co\/Mrv7F1k92G\">https:\/\/t.co\/Mrv7F1k92G<\/a><\/p>\n<p>\u2014 Goyo (@GOYOCQT) <a href=\"https:\/\/twitter.com\/GOYOCQT\/status\/1267534824040017920?ref_src=twsrc%5Etfw\">June 1, 2020<\/a><\/p>\n<\/blockquote>\n<p>Ante los comentarios, la int\u00e9rprete de \u00abTusa\u00bb y \u201cPineapple\u00bb procedi\u00f3 a publicar un comunicado explicando su posici\u00f3n despu\u00e9s de eliminar la foto de su perro.<\/p>\n<p>\u00abMe equivoqu\u00e9 y quiero aclarar que mis intenciones en la foto que sub\u00ed eran bonitas y correctas. Lo que quise decir es que el racismo es terrible, que no lo entiendo&#8230; Solo existe una raza, la raza humana y ahora veo que la forma en como lo expres\u00e9 no estuvo bien\u00bb, escribi\u00f3.&nbsp;<\/p>\n<p>Adem\u00e1s, expres\u00f3 su solidaridad con el movimiento Black Lives Matter, que se ha movilizado en todo EE.UU. ante la muerte de Floyd, desembocando en enfrentamientos violentos.<\/p>\n<blockquote class=\"instagram-media\" data-instgrm-captioned data-instgrm-permalink=\"https:\/\/www.instagram.com\/p\/CAyeRvKh7Kj\/?utm_source=ig_embed&amp;utm_campaign=loading\" data-instgrm-version=\"12\">\n<div>\n<p><a href=\"https:\/\/www.instagram.com\/p\/CAyeRvKh7Kj\/?utm_source=ig_embed&amp;utm_campaign=loading\" target=\"_blank\" rel=\"noopener noreferrer\">RHLM<\/a><\/p>\n<p>Una publicaci\u00f3n compartida de <a href=\"https:\/\/www.instagram.com\/karolg\/?utm_source=ig_embed&amp;utm_campaign=loading\" target=\"_blank\" rel=\"noopener noreferrer\">KAROL G<\/a> (@karolg) el 29 May, 2020 a las 3:32 PDT<\/p>\n<\/div>\n<\/blockquote>\n<p>En el incidente, que qued\u00f3 registrado en un video difundido en las redes sociales, un agente, de raza blanca, le aprieta el cuello al hombre con su rodilla durante varios minutos a pesar de las desesperadas quejas de que no pod\u00eda respirar, mientras sus compa\u00f1eros observaban.<\/p>\n<p><a href=\"https:\/\/www.eluniversal.com.mx\/espectaculos\/farandula\/critican-barbara-de-regil-tras-dar-consejo-victimas-de-violencia\" target=\"_blank\" rel=\"noopener noreferrer\"><span><strong>Tambi\u00e9n lee:<\/strong>&nbsp;Critican a B\u00e1rbara de Regil tras dar consejo a v\u00edctimas de violencia familiar&nbsp;<\/span><\/a><\/p>\n<p>Floyd muri\u00f3 poco despu\u00e9s en un hospital.<\/p>\n<p>La autopsia ordenada por la familia de Floyd confirm\u00f3 que falleci\u00f3 por \u00abasfixia debido a una presi\u00f3n sostenida\u00bb, seg\u00fan inform\u00f3 hoy un abogado de la familia.&nbsp;<\/p>\n<p>Estrellas internacionales como <strong>Beyonc\u00e9<\/strong>, John Boyega, <strong>Taylor Swift<\/strong>, Cardi B, Cynthia Erivo, Lupita Nyong\u2019o, <strong>Demi Lovato<\/strong>, Viola Davis, Janelle Mon\u00e1e, Kim Kardashian, <strong>Justin Bieber<\/strong>, Jeffrey Wright, Chance the Rapper, Ariana Grande, LeBron James, Lady Gaga, <strong>Billie Eilish<\/strong> y <strong>Lana del Rey<\/strong> se han sumado a la ola de indignaci\u00f3n en ese pa\u00eds.<\/p>\n<p>al<\/p>\n<p>Publicaci\u00f3n Original: <a href=\"https:\/\/www.eluniversal.com.mx\/espectaculos\/musica\/karol-g-recibe-duras-criticas-por-hablar-del-racismo-usando-su-perro\" target=\"_blank\" rel=\"noopener noreferrer\">https:\/\/www.eluniversal.com.mx\/espectaculos\/musica\/karol-g-recibe-duras-criticas-por-hablar-del-racismo-usando-su-perro<\/a><\/p>\n","protected":false},"excerpt":{"rendered":"<p>&nbsp;Karol G recibi\u00f3 este lunes duras cr\u00edticas en las redes sociales despu\u00e9s de publicar una fotograf\u00eda de su perro para expresarse contra el racismo, en medio de la ola de reacciones por la muerte a manos de la Polic\u00eda del afroamericano George Floyd en Estados Unidos. La controversia comenz\u00f3 cuando la cantante urbana colombiana public\u00f3 la imagen de su cachorro, de pelaje blanco y manchas oscuras, junto al mensaje \u00abel ejemplo perfecto de que el blanco y el negro juntos se ven hermosos\u00bb. Aunque poco despu\u00e9s la estrella borr\u00f3 su publicaci\u00f3n, los mensajes de rechazo se mantuvieron a lo largo de la tarde de hoy. Tambi\u00e9n lee:&nbsp;Juanpa Zurita responde a cr\u00edticas tras decir que en M\u00e9xico no hay racismo \u00abEntonces Karol G ha hecho carrera cantando una m\u00fasica que viene de ritmos negros, pero para ella el racismo es como un perrito con manchas\u00bb, escribi\u00f3 una usuaria en Twitter. \u00abSeg\u00fan Karol G no soy racista porque tomo caf\u00e9 con leche, me visto camisa negra\/blanca con pantal\u00f3n blanco\/negro, y s\u00ed, muy importante uso tapaboca mitad blanco y mitad negro para ser antirracista de la vida\u00bb, expres\u00f3 otro. Los mensajes de los internautas se multiplicaron a tal punto que la etiqueta #KarolG fue una de las 20 tendencias m\u00e1s populares en Estados Unidos.&nbsp; No se a quien se le ocurri\u00f3 dividir a la sociedad por \u201cRazas\u201d Usted no tiene un amigo blanco, un primo negro o un compa\u00f1ero cauc\u00e1sico. Usted tiene un amigo, un primo y un compa\u00f1ero. Fuck that \u2014 KAROL G (@karolg) May 30, 2020 Sin embargo, una de las cr\u00edticas m\u00e1s fuertes provino de su compatriota Goyo, la voz femenina del tr\u00edo ChocQuibTown. Tambi\u00e9n lee:&nbsp;Drama Desk apoya lucha contra el racismo y la violencia&nbsp; \u00abLos mensajes de Karol G queriendo solidarizarse con esta causa; son ejemplo de c\u00f3mo alguien que hace m\u00fasica y videos con factura afrodescendiente, con \u00eddolos NEGROS. No tiene claro lo que es RACISMO, Ni discriminacion, ni la importancia de las razas. Y es algo que sumar\u00eda mucho\u00bb, escribi\u00f3 la artista afrodescendiente. Los mensajes de @karolg queriendo solidarizarse con esta causa; son Ejemplo de como alguien que hace m\u00fasica y videos con factura afrodescendiete, con \u00eddolos NEGROS. No tiene claro lo que es RACISMO, Ni Discriminacion, ni la importancia de las razas. Y es algo que sumar\u00eda Mucho. https:\/\/t.co\/Mrv7F1k92G \u2014 Goyo (@GOYOCQT) June 1, 2020 Ante los comentarios, la int\u00e9rprete de \u00abTusa\u00bb y \u201cPineapple\u00bb procedi\u00f3 a publicar un comunicado explicando su posici\u00f3n despu\u00e9s de eliminar la foto de su perro. \u00abMe equivoqu\u00e9 y quiero aclarar que mis intenciones en la foto que sub\u00ed eran bonitas y correctas. Lo que quise decir es que el racismo es terrible, que no lo entiendo&#8230; Solo existe una raza, la raza humana y ahora veo que la forma en como lo expres\u00e9 no estuvo bien\u00bb, escribi\u00f3.&nbsp; Adem\u00e1s, expres\u00f3 su solidaridad con el movimiento Black Lives Matter, que se ha movilizado en todo EE.UU. ante la muerte de Floyd, desembocando en enfrentamientos violentos. RHLM Una publicaci\u00f3n compartida de KAROL G (@karolg) el 29 May, 2020 a las 3:32 PDT En el incidente, que qued\u00f3 registrado en un video difundido en las redes sociales, un agente, de raza blanca, le aprieta el cuello al hombre con su rodilla durante varios minutos a pesar de las desesperadas quejas de que no pod\u00eda respirar, mientras sus compa\u00f1eros observaban. Tambi\u00e9n lee:&nbsp;Critican a B\u00e1rbara de Regil tras dar consejo a v\u00edctimas de violencia familiar&nbsp; Floyd muri\u00f3 poco despu\u00e9s en un hospital. La autopsia ordenada por la familia de Floyd confirm\u00f3 que falleci\u00f3 por \u00abasfixia debido a una presi\u00f3n sostenida\u00bb, seg\u00fan inform\u00f3 hoy un abogado de la familia.&nbsp; Estrellas internacionales como Beyonc\u00e9, John Boyega, Taylor Swift, Cardi B, Cynthia Erivo, Lupita Nyong\u2019o, Demi Lovato, Viola Davis, Janelle Mon\u00e1e, Kim Kardashian, Justin Bieber, Jeffrey Wright, Chance the Rapper, Ariana Grande, LeBron James, Lady Gaga, Billie Eilish y Lana del Rey se han sumado a la ola de indignaci\u00f3n en ese pa\u00eds. al Publicaci\u00f3n Original: https:\/\/www.eluniversal.com.mx\/espectaculos\/musica\/karol-g-recibe-duras-criticas-por-hablar-del-racismo-usando-su-perro<\/p>\n","protected":false},"author":1,"featured_media":50269,"comment_status":"open","ping_status":"closed","sticky":false,"template":"","format":"standard","meta":{"_monsterinsights_skip_tracking":false,"_uf_show_specific_survey":0,"_uf_disable_surveys":false,"footnotes":""},"categories":[36],"tags":[],"class_list":["post-12559","post","type-post","status-publish","format-standard","has-post-thumbnail","hentry","category-el-mundo"],"yoast_head":"<!-- This site is optimized with the Yoast SEO plugin v27.5 - https:\/\/yoast.com\/product\/yoast-seo-wordpress\/ -->\n<title>Karol G recibe duras cr\u00edticas por hablar del racismo usando a su perro - Fer Abrajan<\/title>\n<meta name=\"robots\" content=\"index, follow, max-snippet:-1, max-image-preview:large, max-video-preview:-1\" \/>\n<link rel=\"canonical\" href=\"https:\/\/ferabrajan.com\/portal\/2020\/06\/02\/karol-g-recibe-duras-criticas-por-hablar-del-racismo-usando-a-su-perro\/\" \/>\n<meta property=\"og:locale\" content=\"es_ES\" \/>\n<meta property=\"og:type\" content=\"article\" \/>\n<meta property=\"og:title\" content=\"Karol G recibe duras cr\u00edticas por hablar del racismo usando a su perro - Fer Abrajan\" \/>\n<meta property=\"og:description\" content=\"&nbsp;Karol G recibi\u00f3 este lunes duras cr\u00edticas en las redes sociales despu\u00e9s de publicar una fotograf\u00eda de su perro para expresarse contra el racismo, en medio de la ola de reacciones por la muerte a manos de la Polic\u00eda del afroamericano George Floyd en Estados Unidos. La controversia comenz\u00f3 cuando la cantante urbana colombiana public\u00f3 la imagen de su cachorro, de pelaje blanco y manchas oscuras, junto al mensaje \u00abel ejemplo perfecto de que el blanco y el negro juntos se ven hermosos\u00bb. Aunque poco despu\u00e9s la estrella borr\u00f3 su publicaci\u00f3n, los mensajes de rechazo se mantuvieron a lo largo de la tarde de hoy. Tambi\u00e9n lee:&nbsp;Juanpa Zurita responde a cr\u00edticas tras decir que en M\u00e9xico no hay racismo \u00abEntonces Karol G ha hecho carrera cantando una m\u00fasica que viene de ritmos negros, pero para ella el racismo es como un perrito con manchas\u00bb, escribi\u00f3 una usuaria en Twitter. \u00abSeg\u00fan Karol G no soy racista porque tomo caf\u00e9 con leche, me visto camisa negra\/blanca con pantal\u00f3n blanco\/negro, y s\u00ed, muy importante uso tapaboca mitad blanco y mitad negro para ser antirracista de la vida\u00bb, expres\u00f3 otro. Los mensajes de los internautas se multiplicaron a tal punto que la etiqueta #KarolG fue una de las 20 tendencias m\u00e1s populares en Estados Unidos.&nbsp; No se a quien se le ocurri\u00f3 dividir a la sociedad por \u201cRazas\u201d Usted no tiene un amigo blanco, un primo negro o un compa\u00f1ero cauc\u00e1sico. Usted tiene un amigo, un primo y un compa\u00f1ero. Fuck that \u2014 KAROL G (@karolg) May 30, 2020 Sin embargo, una de las cr\u00edticas m\u00e1s fuertes provino de su compatriota Goyo, la voz femenina del tr\u00edo ChocQuibTown. Tambi\u00e9n lee:&nbsp;Drama Desk apoya lucha contra el racismo y la violencia&nbsp; \u00abLos mensajes de Karol G queriendo solidarizarse con esta causa; son ejemplo de c\u00f3mo alguien que hace m\u00fasica y videos con factura afrodescendiente, con \u00eddolos NEGROS. No tiene claro lo que es RACISMO, Ni discriminacion, ni la importancia de las razas. Y es algo que sumar\u00eda mucho\u00bb, escribi\u00f3 la artista afrodescendiente. Los mensajes de @karolg queriendo solidarizarse con esta causa; son Ejemplo de como alguien que hace m\u00fasica y videos con factura afrodescendiete, con \u00eddolos NEGROS. No tiene claro lo que es RACISMO, Ni Discriminacion, ni la importancia de las razas. Y es algo que sumar\u00eda Mucho. https:\/\/t.co\/Mrv7F1k92G \u2014 Goyo (@GOYOCQT) June 1, 2020 Ante los comentarios, la int\u00e9rprete de \u00abTusa\u00bb y \u201cPineapple\u00bb procedi\u00f3 a publicar un comunicado explicando su posici\u00f3n despu\u00e9s de eliminar la foto de su perro. \u00abMe equivoqu\u00e9 y quiero aclarar que mis intenciones en la foto que sub\u00ed eran bonitas y correctas. Lo que quise decir es que el racismo es terrible, que no lo entiendo&#8230; Solo existe una raza, la raza humana y ahora veo que la forma en como lo expres\u00e9 no estuvo bien\u00bb, escribi\u00f3.&nbsp; Adem\u00e1s, expres\u00f3 su solidaridad con el movimiento Black Lives Matter, que se ha movilizado en todo EE.UU. ante la muerte de Floyd, desembocando en enfrentamientos violentos. RHLM Una publicaci\u00f3n compartida de KAROL G (@karolg) el 29 May, 2020 a las 3:32 PDT En el incidente, que qued\u00f3 registrado en un video difundido en las redes sociales, un agente, de raza blanca, le aprieta el cuello al hombre con su rodilla durante varios minutos a pesar de las desesperadas quejas de que no pod\u00eda respirar, mientras sus compa\u00f1eros observaban. Tambi\u00e9n lee:&nbsp;Critican a B\u00e1rbara de Regil tras dar consejo a v\u00edctimas de violencia familiar&nbsp; Floyd muri\u00f3 poco despu\u00e9s en un hospital. La autopsia ordenada por la familia de Floyd confirm\u00f3 que falleci\u00f3 por \u00abasfixia debido a una presi\u00f3n sostenida\u00bb, seg\u00fan inform\u00f3 hoy un abogado de la familia.&nbsp; Estrellas internacionales como Beyonc\u00e9, John Boyega, Taylor Swift, Cardi B, Cynthia Erivo, Lupita Nyong\u2019o, Demi Lovato, Viola Davis, Janelle Mon\u00e1e, Kim Kardashian, Justin Bieber, Jeffrey Wright, Chance the Rapper, Ariana Grande, LeBron James, Lady Gaga, Billie Eilish y Lana del Rey se han sumado a la ola de indignaci\u00f3n en ese pa\u00eds. al Publicaci\u00f3n Original: https:\/\/www.eluniversal.com.mx\/espectaculos\/musica\/karol-g-recibe-duras-criticas-por-hablar-del-racismo-usando-su-perro\" \/>\n<meta property=\"og:url\" content=\"https:\/\/ferabrajan.com\/portal\/2020\/06\/02\/karol-g-recibe-duras-criticas-por-hablar-del-racismo-usando-a-su-perro\/\" \/>\n<meta property=\"og:site_name\" content=\"Fer Abrajan\" \/>\n<meta property=\"article:publisher\" content=\"https:\/\/www.facebook.com\/NoticiasconFerAbrajan\/\" \/>\n<meta property=\"article:published_time\" content=\"2020-06-02T20:45:00+00:00\" \/>\n<meta name=\"author\" content=\"admin\" \/>\n<meta name=\"twitter:card\" content=\"summary_large_image\" \/>\n<meta name=\"twitter:creator\" content=\"@ferabrajan1\" \/>\n<meta name=\"twitter:site\" content=\"@ferabrajan1\" \/>\n<meta name=\"twitter:label1\" content=\"Escrito por\" \/>\n\t<meta name=\"twitter:data1\" content=\"admin\" \/>\n\t<meta name=\"twitter:label2\" content=\"Tiempo de lectura\" \/>\n\t<meta name=\"twitter:data2\" content=\"4 minutos\" \/>\n<script type=\"application\/ld+json\" class=\"yoast-schema-graph\">{\"@context\":\"https:\\\/\\\/schema.org\",\"@graph\":[{\"@type\":\"Article\",\"@id\":\"https:\\\/\\\/ferabrajan.com\\\/portal\\\/2020\\\/06\\\/02\\\/karol-g-recibe-duras-criticas-por-hablar-del-racismo-usando-a-su-perro\\\/#article\",\"isPartOf\":{\"@id\":\"https:\\\/\\\/ferabrajan.com\\\/portal\\\/2020\\\/06\\\/02\\\/karol-g-recibe-duras-criticas-por-hablar-del-racismo-usando-a-su-perro\\\/\"},\"author\":{\"name\":\"admin\",\"@id\":\"https:\\\/\\\/ferabrajan.com\\\/portal\\\/#\\\/schema\\\/person\\\/f6113b3cb1e036d5c6a9505685b257ba\"},\"headline\":\"Karol G recibe duras cr\u00edticas por hablar del racismo usando a su perro\",\"datePublished\":\"2020-06-02T20:45:00+00:00\",\"mainEntityOfPage\":{\"@id\":\"https:\\\/\\\/ferabrajan.com\\\/portal\\\/2020\\\/06\\\/02\\\/karol-g-recibe-duras-criticas-por-hablar-del-racismo-usando-a-su-perro\\\/\"},\"wordCount\":732,\"commentCount\":0,\"publisher\":{\"@id\":\"https:\\\/\\\/ferabrajan.com\\\/portal\\\/#organization\"},\"image\":{\"@id\":\"https:\\\/\\\/ferabrajan.com\\\/portal\\\/2020\\\/06\\\/02\\\/karol-g-recibe-duras-criticas-por-hablar-del-racismo-usando-a-su-perro\\\/#primaryimage\"},\"thumbnailUrl\":\"\",\"articleSection\":[\"El Mundo\"],\"inLanguage\":\"es\"},{\"@type\":\"WebPage\",\"@id\":\"https:\\\/\\\/ferabrajan.com\\\/portal\\\/2020\\\/06\\\/02\\\/karol-g-recibe-duras-criticas-por-hablar-del-racismo-usando-a-su-perro\\\/\",\"url\":\"https:\\\/\\\/ferabrajan.com\\\/portal\\\/2020\\\/06\\\/02\\\/karol-g-recibe-duras-criticas-por-hablar-del-racismo-usando-a-su-perro\\\/\",\"name\":\"Karol G recibe duras cr\u00edticas por hablar del racismo usando a su perro - Fer Abrajan\",\"isPartOf\":{\"@id\":\"https:\\\/\\\/ferabrajan.com\\\/portal\\\/#website\"},\"primaryImageOfPage\":{\"@id\":\"https:\\\/\\\/ferabrajan.com\\\/portal\\\/2020\\\/06\\\/02\\\/karol-g-recibe-duras-criticas-por-hablar-del-racismo-usando-a-su-perro\\\/#primaryimage\"},\"image\":{\"@id\":\"https:\\\/\\\/ferabrajan.com\\\/portal\\\/2020\\\/06\\\/02\\\/karol-g-recibe-duras-criticas-por-hablar-del-racismo-usando-a-su-perro\\\/#primaryimage\"},\"thumbnailUrl\":\"\",\"datePublished\":\"2020-06-02T20:45:00+00:00\",\"breadcrumb\":{\"@id\":\"https:\\\/\\\/ferabrajan.com\\\/portal\\\/2020\\\/06\\\/02\\\/karol-g-recibe-duras-criticas-por-hablar-del-racismo-usando-a-su-perro\\\/#breadcrumb\"},\"inLanguage\":\"es\",\"potentialAction\":[{\"@type\":\"ReadAction\",\"target\":[\"https:\\\/\\\/ferabrajan.com\\\/portal\\\/2020\\\/06\\\/02\\\/karol-g-recibe-duras-criticas-por-hablar-del-racismo-usando-a-su-perro\\\/\"]}]},{\"@type\":\"ImageObject\",\"inLanguage\":\"es\",\"@id\":\"https:\\\/\\\/ferabrajan.com\\\/portal\\\/2020\\\/06\\\/02\\\/karol-g-recibe-duras-criticas-por-hablar-del-racismo-usando-a-su-perro\\\/#primaryimage\",\"url\":\"\",\"contentUrl\":\"\"},{\"@type\":\"BreadcrumbList\",\"@id\":\"https:\\\/\\\/ferabrajan.com\\\/portal\\\/2020\\\/06\\\/02\\\/karol-g-recibe-duras-criticas-por-hablar-del-racismo-usando-a-su-perro\\\/#breadcrumb\",\"itemListElement\":[{\"@type\":\"ListItem\",\"position\":1,\"name\":\"Portada\",\"item\":\"https:\\\/\\\/ferabrajan.com\\\/portal\\\/\"},{\"@type\":\"ListItem\",\"position\":2,\"name\":\"Karol G recibe duras cr\u00edticas por hablar del racismo usando a su perro\"}]},{\"@type\":\"WebSite\",\"@id\":\"https:\\\/\\\/ferabrajan.com\\\/portal\\\/#website\",\"url\":\"https:\\\/\\\/ferabrajan.com\\\/portal\\\/\",\"name\":\"Fer Abrajan\",\"description\":\"Noticias de Puebla, opini\u00f3n y radio en vivo\",\"publisher\":{\"@id\":\"https:\\\/\\\/ferabrajan.com\\\/portal\\\/#organization\"},\"potentialAction\":[{\"@type\":\"SearchAction\",\"target\":{\"@type\":\"EntryPoint\",\"urlTemplate\":\"https:\\\/\\\/ferabrajan.com\\\/portal\\\/?s={search_term_string}\"},\"query-input\":{\"@type\":\"PropertyValueSpecification\",\"valueRequired\":true,\"valueName\":\"search_term_string\"}}],\"inLanguage\":\"es\"},{\"@type\":\"Organization\",\"@id\":\"https:\\\/\\\/ferabrajan.com\\\/portal\\\/#organization\",\"name\":\"Fer Abrajan\",\"url\":\"https:\\\/\\\/ferabrajan.com\\\/portal\\\/\",\"logo\":{\"@type\":\"ImageObject\",\"inLanguage\":\"es\",\"@id\":\"https:\\\/\\\/ferabrajan.com\\\/portal\\\/#\\\/schema\\\/logo\\\/image\\\/\",\"url\":\"https:\\\/\\\/ferabrajan.com\\\/portal\\\/wp-content\\\/uploads\\\/2024\\\/10\\\/cropped-logo.jpeg\",\"contentUrl\":\"https:\\\/\\\/ferabrajan.com\\\/portal\\\/wp-content\\\/uploads\\\/2024\\\/10\\\/cropped-logo.jpeg\",\"width\":500,\"height\":250,\"caption\":\"Fer Abrajan\"},\"image\":{\"@id\":\"https:\\\/\\\/ferabrajan.com\\\/portal\\\/#\\\/schema\\\/logo\\\/image\\\/\"},\"sameAs\":[\"https:\\\/\\\/www.facebook.com\\\/NoticiasconFerAbrajan\\\/\",\"https:\\\/\\\/x.com\\\/ferabrajan1\"]},{\"@type\":\"Person\",\"@id\":\"https:\\\/\\\/ferabrajan.com\\\/portal\\\/#\\\/schema\\\/person\\\/f6113b3cb1e036d5c6a9505685b257ba\",\"name\":\"admin\",\"image\":{\"@type\":\"ImageObject\",\"inLanguage\":\"es\",\"@id\":\"https:\\\/\\\/secure.gravatar.com\\\/avatar\\\/072baa72775aad53c748dfc5d3048578e01b6c087eef335459ebfa04344e2d18?s=96&d=mm&r=g\",\"url\":\"https:\\\/\\\/secure.gravatar.com\\\/avatar\\\/072baa72775aad53c748dfc5d3048578e01b6c087eef335459ebfa04344e2d18?s=96&d=mm&r=g\",\"contentUrl\":\"https:\\\/\\\/secure.gravatar.com\\\/avatar\\\/072baa72775aad53c748dfc5d3048578e01b6c087eef335459ebfa04344e2d18?s=96&d=mm&r=g\",\"caption\":\"admin\"},\"sameAs\":[\"https:\\\/\\\/ferabrajan.com\\\/portal\"],\"url\":\"https:\\\/\\\/ferabrajan.com\\\/portal\\\/author\\\/admin\\\/\"}]}<\/script>\n<!-- \/ Yoast SEO plugin. -->","yoast_head_json":{"title":"Karol G recibe duras cr\u00edticas por hablar del racismo usando a su perro - Fer Abrajan","robots":{"index":"index","follow":"follow","max-snippet":"max-snippet:-1","max-image-preview":"max-image-preview:large","max-video-preview":"max-video-preview:-1"},"canonical":"https:\/\/ferabrajan.com\/portal\/2020\/06\/02\/karol-g-recibe-duras-criticas-por-hablar-del-racismo-usando-a-su-perro\/","og_locale":"es_ES","og_type":"article","og_title":"Karol G recibe duras cr\u00edticas por hablar del racismo usando a su perro - Fer Abrajan","og_description":"&nbsp;Karol G recibi\u00f3 este lunes duras cr\u00edticas en las redes sociales despu\u00e9s de publicar una fotograf\u00eda de su perro para expresarse contra el racismo, en medio de la ola de reacciones por la muerte a manos de la Polic\u00eda del afroamericano George Floyd en Estados Unidos. La controversia comenz\u00f3 cuando la cantante urbana colombiana public\u00f3 la imagen de su cachorro, de pelaje blanco y manchas oscuras, junto al mensaje \u00abel ejemplo perfecto de que el blanco y el negro juntos se ven hermosos\u00bb. Aunque poco despu\u00e9s la estrella borr\u00f3 su publicaci\u00f3n, los mensajes de rechazo se mantuvieron a lo largo de la tarde de hoy. Tambi\u00e9n lee:&nbsp;Juanpa Zurita responde a cr\u00edticas tras decir que en M\u00e9xico no hay racismo \u00abEntonces Karol G ha hecho carrera cantando una m\u00fasica que viene de ritmos negros, pero para ella el racismo es como un perrito con manchas\u00bb, escribi\u00f3 una usuaria en Twitter. \u00abSeg\u00fan Karol G no soy racista porque tomo caf\u00e9 con leche, me visto camisa negra\/blanca con pantal\u00f3n blanco\/negro, y s\u00ed, muy importante uso tapaboca mitad blanco y mitad negro para ser antirracista de la vida\u00bb, expres\u00f3 otro. Los mensajes de los internautas se multiplicaron a tal punto que la etiqueta #KarolG fue una de las 20 tendencias m\u00e1s populares en Estados Unidos.&nbsp; No se a quien se le ocurri\u00f3 dividir a la sociedad por \u201cRazas\u201d Usted no tiene un amigo blanco, un primo negro o un compa\u00f1ero cauc\u00e1sico. Usted tiene un amigo, un primo y un compa\u00f1ero. Fuck that \u2014 KAROL G (@karolg) May 30, 2020 Sin embargo, una de las cr\u00edticas m\u00e1s fuertes provino de su compatriota Goyo, la voz femenina del tr\u00edo ChocQuibTown. Tambi\u00e9n lee:&nbsp;Drama Desk apoya lucha contra el racismo y la violencia&nbsp; \u00abLos mensajes de Karol G queriendo solidarizarse con esta causa; son ejemplo de c\u00f3mo alguien que hace m\u00fasica y videos con factura afrodescendiente, con \u00eddolos NEGROS. No tiene claro lo que es RACISMO, Ni discriminacion, ni la importancia de las razas. Y es algo que sumar\u00eda mucho\u00bb, escribi\u00f3 la artista afrodescendiente. Los mensajes de @karolg queriendo solidarizarse con esta causa; son Ejemplo de como alguien que hace m\u00fasica y videos con factura afrodescendiete, con \u00eddolos NEGROS. No tiene claro lo que es RACISMO, Ni Discriminacion, ni la importancia de las razas. Y es algo que sumar\u00eda Mucho. https:\/\/t.co\/Mrv7F1k92G \u2014 Goyo (@GOYOCQT) June 1, 2020 Ante los comentarios, la int\u00e9rprete de \u00abTusa\u00bb y \u201cPineapple\u00bb procedi\u00f3 a publicar un comunicado explicando su posici\u00f3n despu\u00e9s de eliminar la foto de su perro. \u00abMe equivoqu\u00e9 y quiero aclarar que mis intenciones en la foto que sub\u00ed eran bonitas y correctas. Lo que quise decir es que el racismo es terrible, que no lo entiendo&#8230; Solo existe una raza, la raza humana y ahora veo que la forma en como lo expres\u00e9 no estuvo bien\u00bb, escribi\u00f3.&nbsp; Adem\u00e1s, expres\u00f3 su solidaridad con el movimiento Black Lives Matter, que se ha movilizado en todo EE.UU. ante la muerte de Floyd, desembocando en enfrentamientos violentos. RHLM Una publicaci\u00f3n compartida de KAROL G (@karolg) el 29 May, 2020 a las 3:32 PDT En el incidente, que qued\u00f3 registrado en un video difundido en las redes sociales, un agente, de raza blanca, le aprieta el cuello al hombre con su rodilla durante varios minutos a pesar de las desesperadas quejas de que no pod\u00eda respirar, mientras sus compa\u00f1eros observaban. Tambi\u00e9n lee:&nbsp;Critican a B\u00e1rbara de Regil tras dar consejo a v\u00edctimas de violencia familiar&nbsp; Floyd muri\u00f3 poco despu\u00e9s en un hospital. La autopsia ordenada por la familia de Floyd confirm\u00f3 que falleci\u00f3 por \u00abasfixia debido a una presi\u00f3n sostenida\u00bb, seg\u00fan inform\u00f3 hoy un abogado de la familia.&nbsp; Estrellas internacionales como Beyonc\u00e9, John Boyega, Taylor Swift, Cardi B, Cynthia Erivo, Lupita Nyong\u2019o, Demi Lovato, Viola Davis, Janelle Mon\u00e1e, Kim Kardashian, Justin Bieber, Jeffrey Wright, Chance the Rapper, Ariana Grande, LeBron James, Lady Gaga, Billie Eilish y Lana del Rey se han sumado a la ola de indignaci\u00f3n en ese pa\u00eds. al Publicaci\u00f3n Original: https:\/\/www.eluniversal.com.mx\/espectaculos\/musica\/karol-g-recibe-duras-criticas-por-hablar-del-racismo-usando-su-perro","og_url":"https:\/\/ferabrajan.com\/portal\/2020\/06\/02\/karol-g-recibe-duras-criticas-por-hablar-del-racismo-usando-a-su-perro\/","og_site_name":"Fer Abrajan","article_publisher":"https:\/\/www.facebook.com\/NoticiasconFerAbrajan\/","article_published_time":"2020-06-02T20:45:00+00:00","author":"admin","twitter_card":"summary_large_image","twitter_creator":"@ferabrajan1","twitter_site":"@ferabrajan1","twitter_misc":{"Escrito por":"admin","Tiempo de lectura":"4 minutos"},"schema":{"@context":"https:\/\/schema.org","@graph":[{"@type":"Article","@id":"https:\/\/ferabrajan.com\/portal\/2020\/06\/02\/karol-g-recibe-duras-criticas-por-hablar-del-racismo-usando-a-su-perro\/#article","isPartOf":{"@id":"https:\/\/ferabrajan.com\/portal\/2020\/06\/02\/karol-g-recibe-duras-criticas-por-hablar-del-racismo-usando-a-su-perro\/"},"author":{"name":"admin","@id":"https:\/\/ferabrajan.com\/portal\/#\/schema\/person\/f6113b3cb1e036d5c6a9505685b257ba"},"headline":"Karol G recibe duras cr\u00edticas por hablar del racismo usando a su perro","datePublished":"2020-06-02T20:45:00+00:00","mainEntityOfPage":{"@id":"https:\/\/ferabrajan.com\/portal\/2020\/06\/02\/karol-g-recibe-duras-criticas-por-hablar-del-racismo-usando-a-su-perro\/"},"wordCount":732,"commentCount":0,"publisher":{"@id":"https:\/\/ferabrajan.com\/portal\/#organization"},"image":{"@id":"https:\/\/ferabrajan.com\/portal\/2020\/06\/02\/karol-g-recibe-duras-criticas-por-hablar-del-racismo-usando-a-su-perro\/#primaryimage"},"thumbnailUrl":"","articleSection":["El Mundo"],"inLanguage":"es"},{"@type":"WebPage","@id":"https:\/\/ferabrajan.com\/portal\/2020\/06\/02\/karol-g-recibe-duras-criticas-por-hablar-del-racismo-usando-a-su-perro\/","url":"https:\/\/ferabrajan.com\/portal\/2020\/06\/02\/karol-g-recibe-duras-criticas-por-hablar-del-racismo-usando-a-su-perro\/","name":"Karol G recibe duras cr\u00edticas por hablar del racismo usando a su perro - Fer Abrajan","isPartOf":{"@id":"https:\/\/ferabrajan.com\/portal\/#website"},"primaryImageOfPage":{"@id":"https:\/\/ferabrajan.com\/portal\/2020\/06\/02\/karol-g-recibe-duras-criticas-por-hablar-del-racismo-usando-a-su-perro\/#primaryimage"},"image":{"@id":"https:\/\/ferabrajan.com\/portal\/2020\/06\/02\/karol-g-recibe-duras-criticas-por-hablar-del-racismo-usando-a-su-perro\/#primaryimage"},"thumbnailUrl":"","datePublished":"2020-06-02T20:45:00+00:00","breadcrumb":{"@id":"https:\/\/ferabrajan.com\/portal\/2020\/06\/02\/karol-g-recibe-duras-criticas-por-hablar-del-racismo-usando-a-su-perro\/#breadcrumb"},"inLanguage":"es","potentialAction":[{"@type":"ReadAction","target":["https:\/\/ferabrajan.com\/portal\/2020\/06\/02\/karol-g-recibe-duras-criticas-por-hablar-del-racismo-usando-a-su-perro\/"]}]},{"@type":"ImageObject","inLanguage":"es","@id":"https:\/\/ferabrajan.com\/portal\/2020\/06\/02\/karol-g-recibe-duras-criticas-por-hablar-del-racismo-usando-a-su-perro\/#primaryimage","url":"","contentUrl":""},{"@type":"BreadcrumbList","@id":"https:\/\/ferabrajan.com\/portal\/2020\/06\/02\/karol-g-recibe-duras-criticas-por-hablar-del-racismo-usando-a-su-perro\/#breadcrumb","itemListElement":[{"@type":"ListItem","position":1,"name":"Portada","item":"https:\/\/ferabrajan.com\/portal\/"},{"@type":"ListItem","position":2,"name":"Karol G recibe duras cr\u00edticas por hablar del racismo usando a su perro"}]},{"@type":"WebSite","@id":"https:\/\/ferabrajan.com\/portal\/#website","url":"https:\/\/ferabrajan.com\/portal\/","name":"Fer Abrajan","description":"Noticias de Puebla, opini\u00f3n y radio en vivo","publisher":{"@id":"https:\/\/ferabrajan.com\/portal\/#organization"},"potentialAction":[{"@type":"SearchAction","target":{"@type":"EntryPoint","urlTemplate":"https:\/\/ferabrajan.com\/portal\/?s={search_term_string}"},"query-input":{"@type":"PropertyValueSpecification","valueRequired":true,"valueName":"search_term_string"}}],"inLanguage":"es"},{"@type":"Organization","@id":"https:\/\/ferabrajan.com\/portal\/#organization","name":"Fer Abrajan","url":"https:\/\/ferabrajan.com\/portal\/","logo":{"@type":"ImageObject","inLanguage":"es","@id":"https:\/\/ferabrajan.com\/portal\/#\/schema\/logo\/image\/","url":"https:\/\/ferabrajan.com\/portal\/wp-content\/uploads\/2024\/10\/cropped-logo.jpeg","contentUrl":"https:\/\/ferabrajan.com\/portal\/wp-content\/uploads\/2024\/10\/cropped-logo.jpeg","width":500,"height":250,"caption":"Fer Abrajan"},"image":{"@id":"https:\/\/ferabrajan.com\/portal\/#\/schema\/logo\/image\/"},"sameAs":["https:\/\/www.facebook.com\/NoticiasconFerAbrajan\/","https:\/\/x.com\/ferabrajan1"]},{"@type":"Person","@id":"https:\/\/ferabrajan.com\/portal\/#\/schema\/person\/f6113b3cb1e036d5c6a9505685b257ba","name":"admin","image":{"@type":"ImageObject","inLanguage":"es","@id":"https:\/\/secure.gravatar.com\/avatar\/072baa72775aad53c748dfc5d3048578e01b6c087eef335459ebfa04344e2d18?s=96&d=mm&r=g","url":"https:\/\/secure.gravatar.com\/avatar\/072baa72775aad53c748dfc5d3048578e01b6c087eef335459ebfa04344e2d18?s=96&d=mm&r=g","contentUrl":"https:\/\/secure.gravatar.com\/avatar\/072baa72775aad53c748dfc5d3048578e01b6c087eef335459ebfa04344e2d18?s=96&d=mm&r=g","caption":"admin"},"sameAs":["https:\/\/ferabrajan.com\/portal"],"url":"https:\/\/ferabrajan.com\/portal\/author\/admin\/"}]}},"_links":{"self":[{"href":"https:\/\/ferabrajan.com\/portal\/wp-json\/wp\/v2\/posts\/12559","targetHints":{"allow":["GET"]}}],"collection":[{"href":"https:\/\/ferabrajan.com\/portal\/wp-json\/wp\/v2\/posts"}],"about":[{"href":"https:\/\/ferabrajan.com\/portal\/wp-json\/wp\/v2\/types\/post"}],"author":[{"embeddable":true,"href":"https:\/\/ferabrajan.com\/portal\/wp-json\/wp\/v2\/users\/1"}],"replies":[{"embeddable":true,"href":"https:\/\/ferabrajan.com\/portal\/wp-json\/wp\/v2\/comments?post=12559"}],"version-history":[{"count":0,"href":"https:\/\/ferabrajan.com\/portal\/wp-json\/wp\/v2\/posts\/12559\/revisions"}],"wp:attachment":[{"href":"https:\/\/ferabrajan.com\/portal\/wp-json\/wp\/v2\/media?parent=12559"}],"wp:term":[{"taxonomy":"category","embeddable":true,"href":"https:\/\/ferabrajan.com\/portal\/wp-json\/wp\/v2\/categories?post=12559"},{"taxonomy":"post_tag","embeddable":true,"href":"https:\/\/ferabrajan.com\/portal\/wp-json\/wp\/v2\/tags?post=12559"}],"curies":[{"name":"wp","href":"https:\/\/api.w.org\/{rel}","templated":true}]}}