{"id":12554,"date":"2020-06-02T00:21:40","date_gmt":"2020-06-02T00:21:40","guid":{"rendered":"https:\/\/www.elsoldepuebla.com.mx\/mundo\/periodistas-son-objeto-de-ataques-durante-protestas-por-muerte-de-george-floyd-5307847.html"},"modified":"2020-06-02T00:21:40","modified_gmt":"2020-06-02T00:21:40","slug":"periodistas-son-objeto-de-ataques-durante-protestas-por-muerte-de-george-floyd","status":"publish","type":"post","link":"https:\/\/ferabrajan.com\/portal\/2020\/06\/02\/periodistas-son-objeto-de-ataques-durante-protestas-por-muerte-de-george-floyd\/","title":{"rendered":"Periodistas son objeto de ataques durante protestas por muerte de George Floyd"},"content":{"rendered":"<div><img decoding=\"async\" src=\"https:\/\/www.elsoldemexico.com.mx\/mundo\/70369l-periodistas-george-floy-reuters.jpg\/ALTERNATES\/LANDSCAPE_1140\/periodistas%20george%20floy%20REUTERS.jpg\" class=\"ff-og-image-inserted\"><\/div>\n<p>Los periodistas que cubren las protestas Estados Unidos por la muerte de un hombre negro en custodia policial, han sido agredidos por la polic\u00eda y manifestantes.<\/p>\n<p>El arresto de un periodista de <em>CNN<\/em> por la polic\u00eda en Minneapolis, mientras transmit\u00eda en vivo las manifestaciones por la muerte de George Floyd en esa ciudad, fue quiz\u00e1s el m\u00e1s llamativo.<\/p>\n<article class=\"mundo media col-md-4 inline-story\"> <\/article>\n<p>El reportero, Omar Jimenez, fue liberado una hora despu\u00e9s luego de que el gobernador de Minnesota interviniera personalmente.<\/p>\n<p>Pero otros incidentes contra la prensa han ocurrido a medida que han surgido protestas en varias ciudades a lo largo y ancho del pa\u00eds. En Louisville, Kentucky, un polic\u00eda de las fuerzas antidisturbios lanz\u00f3 bombas lacrim\u00f3genas contra un equipo de la televisi\u00f3n local que grababa en el lugar.<\/p>\n<p>\u00ab\u00a1Me est\u00e1n disparando!\u00bb, grit\u00f3 ante la c\u00e1mara Kaitlin Rust, reportera de la televisora local WAVE-3.<\/p>\n<p>Y en Minneapolis, la periodista independiente Linda Tirado perdi\u00f3 la visi\u00f3n en su ojo izquierdo luego de recibir una bala de goma disparada por la polic\u00eda.<\/p>\n<section>\n<article class=\"mundo media\">\n<div class=\"teaser\">\n<p>[embedded content]<\/p>\n<\/div>\n<\/article>\n<\/section>\n<p>\u00abLas autoridades en ciudades a lo largo de Estados Unidos necesitan ordenar a la polic\u00eda de no arremeter contra periodistas\u00bb, dijo en un comunicado el Comit\u00e9 para Proteger Periodistas (CPJ).<\/p>\n<p>Integrantes de los medios tambi\u00e9n han sido atacados por manifestantes. En Pittsburgh, Pennsylvania, el fot\u00f3grafo Ian Smith dijo haber sido objeto de una golpiza antes de que otros manifestantes se interpusieran.<\/p>\n<section> <\/section>\n<p>En Atlanta, la sede de la cadena de noticias CNN fue atacada el viernes por varias decenas de personas. Una de ellas lanz\u00f3 una granada a la recepci\u00f3n del edificio, donde se encontraba la polic\u00eda.<\/p>\n<p>La ma\u00f1ana del s\u00e1bado, un periodista de Fox News que estaba frente a la Casa Blanca fue golpeado y perseguido por manifestantes antes de que la polic\u00eda interviniera.<\/p>\n<article class=\"mundo media col-md-4 inline-story\"> <\/article>\n<p>\u00abSi eres un manifestante, haz lo que creas est\u00e1 bien pero no nos impidas hacer lo que sabemos es el trabajo que tenemos que hacer para el p\u00fablico\u00bb, dijo en un comunicado la Sociedad de Periodistas Profesionales (SPJ).<\/p>\n<p>Tras el incidente en la sede de CNN, el presidente Donald Trump retuite\u00f3 una publicaci\u00f3n de un seguidor: \u00abEn un giro ir\u00f3nico, la sede de CNN es atacada por los mismos saqueadores que [el canal] ha promovido como nobles y justos. Oops\u00bb.<\/p>\n<p>El mandatario con frecuencia arremete contra los medios, a los que denuncia como fuentes de \u00abnoticias falsas\u00bb (\u00abfake news\u00bb), afirmando sin pruebas que los medios inventan historias para perjudicarlo.<\/p>\n<p>Ha acusado a los periodistas de ser \u00abenemigos del pueblo\u00bb y con frecuencia dirige su ira contra CNN.<\/p>\n<p>Analistas de los medios alegan que ese tipo de lenguaje puede tener el efecto, al menos en los sectores m\u00e1s marginales, de promover violencia contra periodistas.<\/p>\n<p>Publicaci\u00f3n Original: <a href=\"https:\/\/www.elsoldepuebla.com.mx\/mundo\/periodistas-son-objeto-de-ataques-durante-protestas-por-muerte-de-george-floyd-5307847.html\" target=\"_blank\" rel=\"noopener noreferrer\">https:\/\/www.elsoldepuebla.com.mx\/mundo\/periodistas-son-objeto-de-ataques-durante-protestas-por-muerte-de-george-floyd-5307847.html<\/a><\/p>\n","protected":false},"excerpt":{"rendered":"<p>Los periodistas que cubren las protestas Estados Unidos por la muerte de un hombre negro en custodia policial, han sido agredidos por la polic\u00eda y manifestantes. El arresto de un periodista de CNN por la polic\u00eda en Minneapolis, mientras transmit\u00eda en vivo las manifestaciones por la muerte de George Floyd en esa ciudad, fue quiz\u00e1s el m\u00e1s llamativo. El reportero, Omar Jimenez, fue liberado una hora despu\u00e9s luego de que el gobernador de Minnesota interviniera personalmente. Pero otros incidentes contra la prensa han ocurrido a medida que han surgido protestas en varias ciudades a lo largo y ancho del pa\u00eds. En Louisville, Kentucky, un polic\u00eda de las fuerzas antidisturbios lanz\u00f3 bombas lacrim\u00f3genas contra un equipo de la televisi\u00f3n local que grababa en el lugar. \u00ab\u00a1Me est\u00e1n disparando!\u00bb, grit\u00f3 ante la c\u00e1mara Kaitlin Rust, reportera de la televisora local WAVE-3. Y en Minneapolis, la periodista independiente Linda Tirado perdi\u00f3 la visi\u00f3n en su ojo izquierdo luego de recibir una bala de goma disparada por la polic\u00eda. [embedded content] \u00abLas autoridades en ciudades a lo largo de Estados Unidos necesitan ordenar a la polic\u00eda de no arremeter contra periodistas\u00bb, dijo en un comunicado el Comit\u00e9 para Proteger Periodistas (CPJ). Integrantes de los medios tambi\u00e9n han sido atacados por manifestantes. En Pittsburgh, Pennsylvania, el fot\u00f3grafo Ian Smith dijo haber sido objeto de una golpiza antes de que otros manifestantes se interpusieran. En Atlanta, la sede de la cadena de noticias CNN fue atacada el viernes por varias decenas de personas. Una de ellas lanz\u00f3 una granada a la recepci\u00f3n del edificio, donde se encontraba la polic\u00eda. La ma\u00f1ana del s\u00e1bado, un periodista de Fox News que estaba frente a la Casa Blanca fue golpeado y perseguido por manifestantes antes de que la polic\u00eda interviniera. \u00abSi eres un manifestante, haz lo que creas est\u00e1 bien pero no nos impidas hacer lo que sabemos es el trabajo que tenemos que hacer para el p\u00fablico\u00bb, dijo en un comunicado la Sociedad de Periodistas Profesionales (SPJ). Tras el incidente en la sede de CNN, el presidente Donald Trump retuite\u00f3 una publicaci\u00f3n de un seguidor: \u00abEn un giro ir\u00f3nico, la sede de CNN es atacada por los mismos saqueadores que [el canal] ha promovido como nobles y justos. Oops\u00bb. El mandatario con frecuencia arremete contra los medios, a los que denuncia como fuentes de \u00abnoticias falsas\u00bb (\u00abfake news\u00bb), afirmando sin pruebas que los medios inventan historias para perjudicarlo. Ha acusado a los periodistas de ser \u00abenemigos del pueblo\u00bb y con frecuencia dirige su ira contra CNN. Analistas de los medios alegan que ese tipo de lenguaje puede tener el efecto, al menos en los sectores m\u00e1s marginales, de promover violencia contra periodistas. Publicaci\u00f3n Original: https:\/\/www.elsoldepuebla.com.mx\/mundo\/periodistas-son-objeto-de-ataques-durante-protestas-por-muerte-de-george-floyd-5307847.html<\/p>\n","protected":false},"author":1,"featured_media":12558,"comment_status":"closed","ping_status":"closed","sticky":false,"template":"","format":"standard","meta":{"_monsterinsights_skip_tracking":false,"_uf_show_specific_survey":0,"_uf_disable_surveys":false,"footnotes":""},"categories":[34],"tags":[],"class_list":["post-12554","post","type-post","status-publish","format-standard","has-post-thumbnail","hentry","category-puebla"],"yoast_head":"<!-- This site is optimized with the Yoast SEO plugin v27.5 - https:\/\/yoast.com\/product\/yoast-seo-wordpress\/ -->\n<title>Periodistas son objeto de ataques durante protestas por muerte de George Floyd - Fer Abrajan<\/title>\n<meta name=\"robots\" content=\"index, follow, max-snippet:-1, max-image-preview:large, max-video-preview:-1\" \/>\n<link rel=\"canonical\" href=\"https:\/\/ferabrajan.com\/portal\/2020\/06\/02\/periodistas-son-objeto-de-ataques-durante-protestas-por-muerte-de-george-floyd\/\" \/>\n<meta property=\"og:locale\" content=\"es_ES\" \/>\n<meta property=\"og:type\" content=\"article\" \/>\n<meta property=\"og:title\" content=\"Periodistas son objeto de ataques durante protestas por muerte de George Floyd - Fer Abrajan\" \/>\n<meta property=\"og:description\" content=\"Los periodistas que cubren las protestas Estados Unidos por la muerte de un hombre negro en custodia policial, han sido agredidos por la polic\u00eda y manifestantes. El arresto de un periodista de CNN por la polic\u00eda en Minneapolis, mientras transmit\u00eda en vivo las manifestaciones por la muerte de George Floyd en esa ciudad, fue quiz\u00e1s el m\u00e1s llamativo. El reportero, Omar Jimenez, fue liberado una hora despu\u00e9s luego de que el gobernador de Minnesota interviniera personalmente. Pero otros incidentes contra la prensa han ocurrido a medida que han surgido protestas en varias ciudades a lo largo y ancho del pa\u00eds. En Louisville, Kentucky, un polic\u00eda de las fuerzas antidisturbios lanz\u00f3 bombas lacrim\u00f3genas contra un equipo de la televisi\u00f3n local que grababa en el lugar. \u00ab\u00a1Me est\u00e1n disparando!\u00bb, grit\u00f3 ante la c\u00e1mara Kaitlin Rust, reportera de la televisora local WAVE-3. Y en Minneapolis, la periodista independiente Linda Tirado perdi\u00f3 la visi\u00f3n en su ojo izquierdo luego de recibir una bala de goma disparada por la polic\u00eda. [embedded content] \u00abLas autoridades en ciudades a lo largo de Estados Unidos necesitan ordenar a la polic\u00eda de no arremeter contra periodistas\u00bb, dijo en un comunicado el Comit\u00e9 para Proteger Periodistas (CPJ). Integrantes de los medios tambi\u00e9n han sido atacados por manifestantes. En Pittsburgh, Pennsylvania, el fot\u00f3grafo Ian Smith dijo haber sido objeto de una golpiza antes de que otros manifestantes se interpusieran. En Atlanta, la sede de la cadena de noticias CNN fue atacada el viernes por varias decenas de personas. Una de ellas lanz\u00f3 una granada a la recepci\u00f3n del edificio, donde se encontraba la polic\u00eda. La ma\u00f1ana del s\u00e1bado, un periodista de Fox News que estaba frente a la Casa Blanca fue golpeado y perseguido por manifestantes antes de que la polic\u00eda interviniera. \u00abSi eres un manifestante, haz lo que creas est\u00e1 bien pero no nos impidas hacer lo que sabemos es el trabajo que tenemos que hacer para el p\u00fablico\u00bb, dijo en un comunicado la Sociedad de Periodistas Profesionales (SPJ). Tras el incidente en la sede de CNN, el presidente Donald Trump retuite\u00f3 una publicaci\u00f3n de un seguidor: \u00abEn un giro ir\u00f3nico, la sede de CNN es atacada por los mismos saqueadores que [el canal] ha promovido como nobles y justos. Oops\u00bb. El mandatario con frecuencia arremete contra los medios, a los que denuncia como fuentes de \u00abnoticias falsas\u00bb (\u00abfake news\u00bb), afirmando sin pruebas que los medios inventan historias para perjudicarlo. Ha acusado a los periodistas de ser \u00abenemigos del pueblo\u00bb y con frecuencia dirige su ira contra CNN. Analistas de los medios alegan que ese tipo de lenguaje puede tener el efecto, al menos en los sectores m\u00e1s marginales, de promover violencia contra periodistas. Publicaci\u00f3n Original: https:\/\/www.elsoldepuebla.com.mx\/mundo\/periodistas-son-objeto-de-ataques-durante-protestas-por-muerte-de-george-floyd-5307847.html\" \/>\n<meta property=\"og:url\" content=\"https:\/\/ferabrajan.com\/portal\/2020\/06\/02\/periodistas-son-objeto-de-ataques-durante-protestas-por-muerte-de-george-floyd\/\" \/>\n<meta property=\"og:site_name\" content=\"Fer Abrajan\" \/>\n<meta property=\"article:publisher\" content=\"https:\/\/www.facebook.com\/NoticiasconFerAbrajan\/\" \/>\n<meta property=\"article:published_time\" content=\"2020-06-02T00:21:40+00:00\" \/>\n<meta name=\"author\" content=\"admin\" \/>\n<meta name=\"twitter:card\" content=\"summary_large_image\" \/>\n<meta name=\"twitter:creator\" content=\"@ferabrajan1\" \/>\n<meta name=\"twitter:site\" content=\"@ferabrajan1\" \/>\n<meta name=\"twitter:label1\" content=\"Escrito por\" \/>\n\t<meta name=\"twitter:data1\" content=\"admin\" \/>\n\t<meta name=\"twitter:label2\" content=\"Tiempo de lectura\" \/>\n\t<meta name=\"twitter:data2\" content=\"2 minutos\" \/>\n<script type=\"application\/ld+json\" class=\"yoast-schema-graph\">{\"@context\":\"https:\\\/\\\/schema.org\",\"@graph\":[{\"@type\":\"Article\",\"@id\":\"https:\\\/\\\/ferabrajan.com\\\/portal\\\/2020\\\/06\\\/02\\\/periodistas-son-objeto-de-ataques-durante-protestas-por-muerte-de-george-floyd\\\/#article\",\"isPartOf\":{\"@id\":\"https:\\\/\\\/ferabrajan.com\\\/portal\\\/2020\\\/06\\\/02\\\/periodistas-son-objeto-de-ataques-durante-protestas-por-muerte-de-george-floyd\\\/\"},\"author\":{\"name\":\"admin\",\"@id\":\"https:\\\/\\\/ferabrajan.com\\\/portal\\\/#\\\/schema\\\/person\\\/f6113b3cb1e036d5c6a9505685b257ba\"},\"headline\":\"Periodistas son objeto de ataques durante protestas por muerte de George Floyd\",\"datePublished\":\"2020-06-02T00:21:40+00:00\",\"mainEntityOfPage\":{\"@id\":\"https:\\\/\\\/ferabrajan.com\\\/portal\\\/2020\\\/06\\\/02\\\/periodistas-son-objeto-de-ataques-durante-protestas-por-muerte-de-george-floyd\\\/\"},\"wordCount\":493,\"publisher\":{\"@id\":\"https:\\\/\\\/ferabrajan.com\\\/portal\\\/#organization\"},\"image\":{\"@id\":\"https:\\\/\\\/ferabrajan.com\\\/portal\\\/2020\\\/06\\\/02\\\/periodistas-son-objeto-de-ataques-durante-protestas-por-muerte-de-george-floyd\\\/#primaryimage\"},\"thumbnailUrl\":\"\",\"articleSection\":[\"Puebla\"],\"inLanguage\":\"es\"},{\"@type\":\"WebPage\",\"@id\":\"https:\\\/\\\/ferabrajan.com\\\/portal\\\/2020\\\/06\\\/02\\\/periodistas-son-objeto-de-ataques-durante-protestas-por-muerte-de-george-floyd\\\/\",\"url\":\"https:\\\/\\\/ferabrajan.com\\\/portal\\\/2020\\\/06\\\/02\\\/periodistas-son-objeto-de-ataques-durante-protestas-por-muerte-de-george-floyd\\\/\",\"name\":\"Periodistas son objeto de ataques durante protestas por muerte de George Floyd - Fer Abrajan\",\"isPartOf\":{\"@id\":\"https:\\\/\\\/ferabrajan.com\\\/portal\\\/#website\"},\"primaryImageOfPage\":{\"@id\":\"https:\\\/\\\/ferabrajan.com\\\/portal\\\/2020\\\/06\\\/02\\\/periodistas-son-objeto-de-ataques-durante-protestas-por-muerte-de-george-floyd\\\/#primaryimage\"},\"image\":{\"@id\":\"https:\\\/\\\/ferabrajan.com\\\/portal\\\/2020\\\/06\\\/02\\\/periodistas-son-objeto-de-ataques-durante-protestas-por-muerte-de-george-floyd\\\/#primaryimage\"},\"thumbnailUrl\":\"\",\"datePublished\":\"2020-06-02T00:21:40+00:00\",\"breadcrumb\":{\"@id\":\"https:\\\/\\\/ferabrajan.com\\\/portal\\\/2020\\\/06\\\/02\\\/periodistas-son-objeto-de-ataques-durante-protestas-por-muerte-de-george-floyd\\\/#breadcrumb\"},\"inLanguage\":\"es\",\"potentialAction\":[{\"@type\":\"ReadAction\",\"target\":[\"https:\\\/\\\/ferabrajan.com\\\/portal\\\/2020\\\/06\\\/02\\\/periodistas-son-objeto-de-ataques-durante-protestas-por-muerte-de-george-floyd\\\/\"]}]},{\"@type\":\"ImageObject\",\"inLanguage\":\"es\",\"@id\":\"https:\\\/\\\/ferabrajan.com\\\/portal\\\/2020\\\/06\\\/02\\\/periodistas-son-objeto-de-ataques-durante-protestas-por-muerte-de-george-floyd\\\/#primaryimage\",\"url\":\"\",\"contentUrl\":\"\"},{\"@type\":\"BreadcrumbList\",\"@id\":\"https:\\\/\\\/ferabrajan.com\\\/portal\\\/2020\\\/06\\\/02\\\/periodistas-son-objeto-de-ataques-durante-protestas-por-muerte-de-george-floyd\\\/#breadcrumb\",\"itemListElement\":[{\"@type\":\"ListItem\",\"position\":1,\"name\":\"Portada\",\"item\":\"https:\\\/\\\/ferabrajan.com\\\/portal\\\/\"},{\"@type\":\"ListItem\",\"position\":2,\"name\":\"Periodistas son objeto de ataques durante protestas por muerte de George Floyd\"}]},{\"@type\":\"WebSite\",\"@id\":\"https:\\\/\\\/ferabrajan.com\\\/portal\\\/#website\",\"url\":\"https:\\\/\\\/ferabrajan.com\\\/portal\\\/\",\"name\":\"Fer Abrajan\",\"description\":\"Noticias de Puebla, opini\u00f3n y radio en vivo\",\"publisher\":{\"@id\":\"https:\\\/\\\/ferabrajan.com\\\/portal\\\/#organization\"},\"potentialAction\":[{\"@type\":\"SearchAction\",\"target\":{\"@type\":\"EntryPoint\",\"urlTemplate\":\"https:\\\/\\\/ferabrajan.com\\\/portal\\\/?s={search_term_string}\"},\"query-input\":{\"@type\":\"PropertyValueSpecification\",\"valueRequired\":true,\"valueName\":\"search_term_string\"}}],\"inLanguage\":\"es\"},{\"@type\":\"Organization\",\"@id\":\"https:\\\/\\\/ferabrajan.com\\\/portal\\\/#organization\",\"name\":\"Fer Abrajan\",\"url\":\"https:\\\/\\\/ferabrajan.com\\\/portal\\\/\",\"logo\":{\"@type\":\"ImageObject\",\"inLanguage\":\"es\",\"@id\":\"https:\\\/\\\/ferabrajan.com\\\/portal\\\/#\\\/schema\\\/logo\\\/image\\\/\",\"url\":\"https:\\\/\\\/ferabrajan.com\\\/portal\\\/wp-content\\\/uploads\\\/2024\\\/10\\\/cropped-logo.jpeg\",\"contentUrl\":\"https:\\\/\\\/ferabrajan.com\\\/portal\\\/wp-content\\\/uploads\\\/2024\\\/10\\\/cropped-logo.jpeg\",\"width\":500,\"height\":250,\"caption\":\"Fer Abrajan\"},\"image\":{\"@id\":\"https:\\\/\\\/ferabrajan.com\\\/portal\\\/#\\\/schema\\\/logo\\\/image\\\/\"},\"sameAs\":[\"https:\\\/\\\/www.facebook.com\\\/NoticiasconFerAbrajan\\\/\",\"https:\\\/\\\/x.com\\\/ferabrajan1\"]},{\"@type\":\"Person\",\"@id\":\"https:\\\/\\\/ferabrajan.com\\\/portal\\\/#\\\/schema\\\/person\\\/f6113b3cb1e036d5c6a9505685b257ba\",\"name\":\"admin\",\"image\":{\"@type\":\"ImageObject\",\"inLanguage\":\"es\",\"@id\":\"https:\\\/\\\/secure.gravatar.com\\\/avatar\\\/072baa72775aad53c748dfc5d3048578e01b6c087eef335459ebfa04344e2d18?s=96&d=mm&r=g\",\"url\":\"https:\\\/\\\/secure.gravatar.com\\\/avatar\\\/072baa72775aad53c748dfc5d3048578e01b6c087eef335459ebfa04344e2d18?s=96&d=mm&r=g\",\"contentUrl\":\"https:\\\/\\\/secure.gravatar.com\\\/avatar\\\/072baa72775aad53c748dfc5d3048578e01b6c087eef335459ebfa04344e2d18?s=96&d=mm&r=g\",\"caption\":\"admin\"},\"sameAs\":[\"https:\\\/\\\/ferabrajan.com\\\/portal\"],\"url\":\"https:\\\/\\\/ferabrajan.com\\\/portal\\\/author\\\/admin\\\/\"}]}<\/script>\n<!-- \/ Yoast SEO plugin. -->","yoast_head_json":{"title":"Periodistas son objeto de ataques durante protestas por muerte de George Floyd - Fer Abrajan","robots":{"index":"index","follow":"follow","max-snippet":"max-snippet:-1","max-image-preview":"max-image-preview:large","max-video-preview":"max-video-preview:-1"},"canonical":"https:\/\/ferabrajan.com\/portal\/2020\/06\/02\/periodistas-son-objeto-de-ataques-durante-protestas-por-muerte-de-george-floyd\/","og_locale":"es_ES","og_type":"article","og_title":"Periodistas son objeto de ataques durante protestas por muerte de George Floyd - Fer Abrajan","og_description":"Los periodistas que cubren las protestas Estados Unidos por la muerte de un hombre negro en custodia policial, han sido agredidos por la polic\u00eda y manifestantes. El arresto de un periodista de CNN por la polic\u00eda en Minneapolis, mientras transmit\u00eda en vivo las manifestaciones por la muerte de George Floyd en esa ciudad, fue quiz\u00e1s el m\u00e1s llamativo. El reportero, Omar Jimenez, fue liberado una hora despu\u00e9s luego de que el gobernador de Minnesota interviniera personalmente. Pero otros incidentes contra la prensa han ocurrido a medida que han surgido protestas en varias ciudades a lo largo y ancho del pa\u00eds. En Louisville, Kentucky, un polic\u00eda de las fuerzas antidisturbios lanz\u00f3 bombas lacrim\u00f3genas contra un equipo de la televisi\u00f3n local que grababa en el lugar. \u00ab\u00a1Me est\u00e1n disparando!\u00bb, grit\u00f3 ante la c\u00e1mara Kaitlin Rust, reportera de la televisora local WAVE-3. Y en Minneapolis, la periodista independiente Linda Tirado perdi\u00f3 la visi\u00f3n en su ojo izquierdo luego de recibir una bala de goma disparada por la polic\u00eda. [embedded content] \u00abLas autoridades en ciudades a lo largo de Estados Unidos necesitan ordenar a la polic\u00eda de no arremeter contra periodistas\u00bb, dijo en un comunicado el Comit\u00e9 para Proteger Periodistas (CPJ). Integrantes de los medios tambi\u00e9n han sido atacados por manifestantes. En Pittsburgh, Pennsylvania, el fot\u00f3grafo Ian Smith dijo haber sido objeto de una golpiza antes de que otros manifestantes se interpusieran. En Atlanta, la sede de la cadena de noticias CNN fue atacada el viernes por varias decenas de personas. Una de ellas lanz\u00f3 una granada a la recepci\u00f3n del edificio, donde se encontraba la polic\u00eda. La ma\u00f1ana del s\u00e1bado, un periodista de Fox News que estaba frente a la Casa Blanca fue golpeado y perseguido por manifestantes antes de que la polic\u00eda interviniera. \u00abSi eres un manifestante, haz lo que creas est\u00e1 bien pero no nos impidas hacer lo que sabemos es el trabajo que tenemos que hacer para el p\u00fablico\u00bb, dijo en un comunicado la Sociedad de Periodistas Profesionales (SPJ). Tras el incidente en la sede de CNN, el presidente Donald Trump retuite\u00f3 una publicaci\u00f3n de un seguidor: \u00abEn un giro ir\u00f3nico, la sede de CNN es atacada por los mismos saqueadores que [el canal] ha promovido como nobles y justos. Oops\u00bb. El mandatario con frecuencia arremete contra los medios, a los que denuncia como fuentes de \u00abnoticias falsas\u00bb (\u00abfake news\u00bb), afirmando sin pruebas que los medios inventan historias para perjudicarlo. Ha acusado a los periodistas de ser \u00abenemigos del pueblo\u00bb y con frecuencia dirige su ira contra CNN. Analistas de los medios alegan que ese tipo de lenguaje puede tener el efecto, al menos en los sectores m\u00e1s marginales, de promover violencia contra periodistas. Publicaci\u00f3n Original: https:\/\/www.elsoldepuebla.com.mx\/mundo\/periodistas-son-objeto-de-ataques-durante-protestas-por-muerte-de-george-floyd-5307847.html","og_url":"https:\/\/ferabrajan.com\/portal\/2020\/06\/02\/periodistas-son-objeto-de-ataques-durante-protestas-por-muerte-de-george-floyd\/","og_site_name":"Fer Abrajan","article_publisher":"https:\/\/www.facebook.com\/NoticiasconFerAbrajan\/","article_published_time":"2020-06-02T00:21:40+00:00","author":"admin","twitter_card":"summary_large_image","twitter_creator":"@ferabrajan1","twitter_site":"@ferabrajan1","twitter_misc":{"Escrito por":"admin","Tiempo de lectura":"2 minutos"},"schema":{"@context":"https:\/\/schema.org","@graph":[{"@type":"Article","@id":"https:\/\/ferabrajan.com\/portal\/2020\/06\/02\/periodistas-son-objeto-de-ataques-durante-protestas-por-muerte-de-george-floyd\/#article","isPartOf":{"@id":"https:\/\/ferabrajan.com\/portal\/2020\/06\/02\/periodistas-son-objeto-de-ataques-durante-protestas-por-muerte-de-george-floyd\/"},"author":{"name":"admin","@id":"https:\/\/ferabrajan.com\/portal\/#\/schema\/person\/f6113b3cb1e036d5c6a9505685b257ba"},"headline":"Periodistas son objeto de ataques durante protestas por muerte de George Floyd","datePublished":"2020-06-02T00:21:40+00:00","mainEntityOfPage":{"@id":"https:\/\/ferabrajan.com\/portal\/2020\/06\/02\/periodistas-son-objeto-de-ataques-durante-protestas-por-muerte-de-george-floyd\/"},"wordCount":493,"publisher":{"@id":"https:\/\/ferabrajan.com\/portal\/#organization"},"image":{"@id":"https:\/\/ferabrajan.com\/portal\/2020\/06\/02\/periodistas-son-objeto-de-ataques-durante-protestas-por-muerte-de-george-floyd\/#primaryimage"},"thumbnailUrl":"","articleSection":["Puebla"],"inLanguage":"es"},{"@type":"WebPage","@id":"https:\/\/ferabrajan.com\/portal\/2020\/06\/02\/periodistas-son-objeto-de-ataques-durante-protestas-por-muerte-de-george-floyd\/","url":"https:\/\/ferabrajan.com\/portal\/2020\/06\/02\/periodistas-son-objeto-de-ataques-durante-protestas-por-muerte-de-george-floyd\/","name":"Periodistas son objeto de ataques durante protestas por muerte de George Floyd - Fer Abrajan","isPartOf":{"@id":"https:\/\/ferabrajan.com\/portal\/#website"},"primaryImageOfPage":{"@id":"https:\/\/ferabrajan.com\/portal\/2020\/06\/02\/periodistas-son-objeto-de-ataques-durante-protestas-por-muerte-de-george-floyd\/#primaryimage"},"image":{"@id":"https:\/\/ferabrajan.com\/portal\/2020\/06\/02\/periodistas-son-objeto-de-ataques-durante-protestas-por-muerte-de-george-floyd\/#primaryimage"},"thumbnailUrl":"","datePublished":"2020-06-02T00:21:40+00:00","breadcrumb":{"@id":"https:\/\/ferabrajan.com\/portal\/2020\/06\/02\/periodistas-son-objeto-de-ataques-durante-protestas-por-muerte-de-george-floyd\/#breadcrumb"},"inLanguage":"es","potentialAction":[{"@type":"ReadAction","target":["https:\/\/ferabrajan.com\/portal\/2020\/06\/02\/periodistas-son-objeto-de-ataques-durante-protestas-por-muerte-de-george-floyd\/"]}]},{"@type":"ImageObject","inLanguage":"es","@id":"https:\/\/ferabrajan.com\/portal\/2020\/06\/02\/periodistas-son-objeto-de-ataques-durante-protestas-por-muerte-de-george-floyd\/#primaryimage","url":"","contentUrl":""},{"@type":"BreadcrumbList","@id":"https:\/\/ferabrajan.com\/portal\/2020\/06\/02\/periodistas-son-objeto-de-ataques-durante-protestas-por-muerte-de-george-floyd\/#breadcrumb","itemListElement":[{"@type":"ListItem","position":1,"name":"Portada","item":"https:\/\/ferabrajan.com\/portal\/"},{"@type":"ListItem","position":2,"name":"Periodistas son objeto de ataques durante protestas por muerte de George Floyd"}]},{"@type":"WebSite","@id":"https:\/\/ferabrajan.com\/portal\/#website","url":"https:\/\/ferabrajan.com\/portal\/","name":"Fer Abrajan","description":"Noticias de Puebla, opini\u00f3n y radio en vivo","publisher":{"@id":"https:\/\/ferabrajan.com\/portal\/#organization"},"potentialAction":[{"@type":"SearchAction","target":{"@type":"EntryPoint","urlTemplate":"https:\/\/ferabrajan.com\/portal\/?s={search_term_string}"},"query-input":{"@type":"PropertyValueSpecification","valueRequired":true,"valueName":"search_term_string"}}],"inLanguage":"es"},{"@type":"Organization","@id":"https:\/\/ferabrajan.com\/portal\/#organization","name":"Fer Abrajan","url":"https:\/\/ferabrajan.com\/portal\/","logo":{"@type":"ImageObject","inLanguage":"es","@id":"https:\/\/ferabrajan.com\/portal\/#\/schema\/logo\/image\/","url":"https:\/\/ferabrajan.com\/portal\/wp-content\/uploads\/2024\/10\/cropped-logo.jpeg","contentUrl":"https:\/\/ferabrajan.com\/portal\/wp-content\/uploads\/2024\/10\/cropped-logo.jpeg","width":500,"height":250,"caption":"Fer Abrajan"},"image":{"@id":"https:\/\/ferabrajan.com\/portal\/#\/schema\/logo\/image\/"},"sameAs":["https:\/\/www.facebook.com\/NoticiasconFerAbrajan\/","https:\/\/x.com\/ferabrajan1"]},{"@type":"Person","@id":"https:\/\/ferabrajan.com\/portal\/#\/schema\/person\/f6113b3cb1e036d5c6a9505685b257ba","name":"admin","image":{"@type":"ImageObject","inLanguage":"es","@id":"https:\/\/secure.gravatar.com\/avatar\/072baa72775aad53c748dfc5d3048578e01b6c087eef335459ebfa04344e2d18?s=96&d=mm&r=g","url":"https:\/\/secure.gravatar.com\/avatar\/072baa72775aad53c748dfc5d3048578e01b6c087eef335459ebfa04344e2d18?s=96&d=mm&r=g","contentUrl":"https:\/\/secure.gravatar.com\/avatar\/072baa72775aad53c748dfc5d3048578e01b6c087eef335459ebfa04344e2d18?s=96&d=mm&r=g","caption":"admin"},"sameAs":["https:\/\/ferabrajan.com\/portal"],"url":"https:\/\/ferabrajan.com\/portal\/author\/admin\/"}]}},"_links":{"self":[{"href":"https:\/\/ferabrajan.com\/portal\/wp-json\/wp\/v2\/posts\/12554","targetHints":{"allow":["GET"]}}],"collection":[{"href":"https:\/\/ferabrajan.com\/portal\/wp-json\/wp\/v2\/posts"}],"about":[{"href":"https:\/\/ferabrajan.com\/portal\/wp-json\/wp\/v2\/types\/post"}],"author":[{"embeddable":true,"href":"https:\/\/ferabrajan.com\/portal\/wp-json\/wp\/v2\/users\/1"}],"replies":[{"embeddable":true,"href":"https:\/\/ferabrajan.com\/portal\/wp-json\/wp\/v2\/comments?post=12554"}],"version-history":[{"count":0,"href":"https:\/\/ferabrajan.com\/portal\/wp-json\/wp\/v2\/posts\/12554\/revisions"}],"wp:attachment":[{"href":"https:\/\/ferabrajan.com\/portal\/wp-json\/wp\/v2\/media?parent=12554"}],"wp:term":[{"taxonomy":"category","embeddable":true,"href":"https:\/\/ferabrajan.com\/portal\/wp-json\/wp\/v2\/categories?post=12554"},{"taxonomy":"post_tag","embeddable":true,"href":"https:\/\/ferabrajan.com\/portal\/wp-json\/wp\/v2\/tags?post=12554"}],"curies":[{"name":"wp","href":"https:\/\/api.w.org\/{rel}","templated":true}]}}