{"id":12544,"date":"2020-06-02T00:49:27","date_gmt":"2020-06-02T00:49:27","guid":{"rendered":"https:\/\/www.elsoldepuebla.com.mx\/local\/investigara-auditoria-superior-del-estado-uso-de-recursos-publicos-para-atender-pandemia-puebla-francisco-romero-serrano-covid-19-5308130.html"},"modified":"2020-06-02T00:49:27","modified_gmt":"2020-06-02T00:49:27","slug":"investigara-ase-uso-de-recursos-publicos-para-atender-pandemia","status":"publish","type":"post","link":"https:\/\/ferabrajan.com\/portal\/2020\/06\/02\/investigara-ase-uso-de-recursos-publicos-para-atender-pandemia\/","title":{"rendered":"Investigar\u00e1 ASE uso de recursos p\u00fablicos para atender pandemia"},"content":{"rendered":"<div><img decoding=\"async\" src=\"https:\/\/www.elsoldepuebla.com.mx\/local\/gpzpcg-francisco-romero-serrano\/ALTERNATES\/LANDSCAPE_1140\/Francisco%20Romero%20Serrano\" class=\"ff-og-image-inserted\"><\/div>\n<p>La Auditor\u00eda Superior del Estado (ASE) investigar\u00e1 el uso de recursos p\u00fablicos para atender la pandemia del Covid-19, inform\u00f3 el titular Francisco Romero Serrano.<\/p>\n<p><strong>En conferencia de prensa con diversos medios de comunicaci\u00f3n, el auditor declar\u00f3 que el \u00f3rgano fiscalizador atender\u00e1 las demandas de auditor\u00eda a las entidades de fiscalizaci\u00f3n, como lo solicit\u00f3 el pasado 28 de mayo la Comisi\u00f3n Inspectora del Congreso del Estado.<\/strong><\/p>\n<p>\u201cSi bien no podemos contar con todo el personal s\u00ed contamos con un esquema de rotaci\u00f3n para que podamos cumplir lo m\u00e1s pronto posible con las demandas en materia de investigaci\u00f3n, de auditor\u00eda respecto al uso de recursos p\u00fablicos para la pandemia\u201d, dijo.<\/p>\n<article class=\"doble-via media col-md-4 inline-story\"> <\/article>\n<p><strong>ILEGAL LA PETICI\u00d3N DE MI COMPARECENCIA<\/strong><\/p>\n<p>En otro tema, Francisco Romero calific\u00f3 de chisme medi\u00e1tico las presuntas irregularidades en la adquisici\u00f3n de bienes y servicios de la Auditor\u00eda Superior del Estado, por lo que asegur\u00f3 que es ilegal la petici\u00f3n del diputado local del PAN, Oswaldo Jim\u00e9nez L\u00f3pez, para que comparezca ante el Congreso y rinda cuentas de los contratos firmados.<\/p>\n<p>\u201cPara la rendici\u00f3n de cuentas tiene que existir un procedimiento de citatorio y sobre todo de petici\u00f3n absoluta de la comisi\u00f3n en el pleno, para mi comparecencia, sin embargo a pesar de la ilegalidad de la petici\u00f3n los invit\u00e9 a que asistieran a la auditor\u00eda\u201d, dijo.<\/p>\n<p>Este lunes durante la mesa de trabajo entre el auditor y la presidenta de la Comisi\u00f3n Inspectora del Congreso, Olga Luc\u00eda Romero Garci-Crespo, en las oficinas de la ASE, el diputado Oswaldo Jim\u00e9nez se ausent\u00f3 y solo mand\u00f3 un cuestionario sobre los contratos.<\/p>\n<p>Por otra parte, Romero Serrano inform\u00f3 que tres polic\u00edas auxiliares y una persona de limpieza dieron positivo a Covid-19 pero ning\u00fan trabajador del \u00f3rgano fiscalizador.<\/p>\n<article class=\"local media col-md-4 inline-story\"> <\/article>\n<article class=\"local media col-md-4 inline-story\"> <\/article>\n<article class=\"circulos media col-md-4 inline-story\"> <\/article>\n<p>Publicaci\u00f3n Original: <a href=\"https:\/\/www.elsoldepuebla.com.mx\/local\/investigara-auditoria-superior-del-estado-uso-de-recursos-publicos-para-atender-pandemia-puebla-francisco-romero-serrano-covid-19-5308130.html\" target=\"_blank\" rel=\"noopener noreferrer\">https:\/\/www.elsoldepuebla.com.mx\/local\/investigara-auditoria-superior-del-estado-uso-de-recursos-publicos-para-atender-pandemia-puebla-francisco-romero-serrano-covid-19-5308130.html<\/a><\/p>\n","protected":false},"excerpt":{"rendered":"<p>La Auditor\u00eda Superior del Estado (ASE) investigar\u00e1 el uso de recursos p\u00fablicos para atender la pandemia del Covid-19, inform\u00f3 el titular Francisco Romero Serrano. En conferencia de prensa con diversos medios de comunicaci\u00f3n, el auditor declar\u00f3 que el \u00f3rgano fiscalizador atender\u00e1 las demandas de auditor\u00eda a las entidades de fiscalizaci\u00f3n, como lo solicit\u00f3 el pasado 28 de mayo la Comisi\u00f3n Inspectora del Congreso del Estado. \u201cSi bien no podemos contar con todo el personal s\u00ed contamos con un esquema de rotaci\u00f3n para que podamos cumplir lo m\u00e1s pronto posible con las demandas en materia de investigaci\u00f3n, de auditor\u00eda respecto al uso de recursos p\u00fablicos para la pandemia\u201d, dijo. ILEGAL LA PETICI\u00d3N DE MI COMPARECENCIA En otro tema, Francisco Romero calific\u00f3 de chisme medi\u00e1tico las presuntas irregularidades en la adquisici\u00f3n de bienes y servicios de la Auditor\u00eda Superior del Estado, por lo que asegur\u00f3 que es ilegal la petici\u00f3n del diputado local del PAN, Oswaldo Jim\u00e9nez L\u00f3pez, para que comparezca ante el Congreso y rinda cuentas de los contratos firmados. \u201cPara la rendici\u00f3n de cuentas tiene que existir un procedimiento de citatorio y sobre todo de petici\u00f3n absoluta de la comisi\u00f3n en el pleno, para mi comparecencia, sin embargo a pesar de la ilegalidad de la petici\u00f3n los invit\u00e9 a que asistieran a la auditor\u00eda\u201d, dijo. Este lunes durante la mesa de trabajo entre el auditor y la presidenta de la Comisi\u00f3n Inspectora del Congreso, Olga Luc\u00eda Romero Garci-Crespo, en las oficinas de la ASE, el diputado Oswaldo Jim\u00e9nez se ausent\u00f3 y solo mand\u00f3 un cuestionario sobre los contratos. Por otra parte, Romero Serrano inform\u00f3 que tres polic\u00edas auxiliares y una persona de limpieza dieron positivo a Covid-19 pero ning\u00fan trabajador del \u00f3rgano fiscalizador. Publicaci\u00f3n Original: https:\/\/www.elsoldepuebla.com.mx\/local\/investigara-auditoria-superior-del-estado-uso-de-recursos-publicos-para-atender-pandemia-puebla-francisco-romero-serrano-covid-19-5308130.html<\/p>\n","protected":false},"author":1,"featured_media":12548,"comment_status":"closed","ping_status":"closed","sticky":false,"template":"","format":"standard","meta":{"_monsterinsights_skip_tracking":false,"_uf_show_specific_survey":0,"_uf_disable_surveys":false,"footnotes":""},"categories":[53,34],"tags":[],"class_list":["post-12544","post","type-post","status-publish","format-standard","has-post-thumbnail","hentry","category-local","category-puebla"],"yoast_head":"<!-- This site is optimized with the Yoast SEO plugin v27.5 - https:\/\/yoast.com\/product\/yoast-seo-wordpress\/ -->\n<title>Investigar\u00e1 ASE uso de recursos p\u00fablicos para atender pandemia - Fer Abrajan<\/title>\n<meta name=\"robots\" content=\"index, follow, max-snippet:-1, max-image-preview:large, max-video-preview:-1\" \/>\n<link rel=\"canonical\" href=\"https:\/\/ferabrajan.com\/portal\/2020\/06\/02\/investigara-ase-uso-de-recursos-publicos-para-atender-pandemia\/\" \/>\n<meta property=\"og:locale\" content=\"es_ES\" \/>\n<meta property=\"og:type\" content=\"article\" \/>\n<meta property=\"og:title\" content=\"Investigar\u00e1 ASE uso de recursos p\u00fablicos para atender pandemia - Fer Abrajan\" \/>\n<meta property=\"og:description\" content=\"La Auditor\u00eda Superior del Estado (ASE) investigar\u00e1 el uso de recursos p\u00fablicos para atender la pandemia del Covid-19, inform\u00f3 el titular Francisco Romero Serrano. En conferencia de prensa con diversos medios de comunicaci\u00f3n, el auditor declar\u00f3 que el \u00f3rgano fiscalizador atender\u00e1 las demandas de auditor\u00eda a las entidades de fiscalizaci\u00f3n, como lo solicit\u00f3 el pasado 28 de mayo la Comisi\u00f3n Inspectora del Congreso del Estado. \u201cSi bien no podemos contar con todo el personal s\u00ed contamos con un esquema de rotaci\u00f3n para que podamos cumplir lo m\u00e1s pronto posible con las demandas en materia de investigaci\u00f3n, de auditor\u00eda respecto al uso de recursos p\u00fablicos para la pandemia\u201d, dijo. ILEGAL LA PETICI\u00d3N DE MI COMPARECENCIA En otro tema, Francisco Romero calific\u00f3 de chisme medi\u00e1tico las presuntas irregularidades en la adquisici\u00f3n de bienes y servicios de la Auditor\u00eda Superior del Estado, por lo que asegur\u00f3 que es ilegal la petici\u00f3n del diputado local del PAN, Oswaldo Jim\u00e9nez L\u00f3pez, para que comparezca ante el Congreso y rinda cuentas de los contratos firmados. \u201cPara la rendici\u00f3n de cuentas tiene que existir un procedimiento de citatorio y sobre todo de petici\u00f3n absoluta de la comisi\u00f3n en el pleno, para mi comparecencia, sin embargo a pesar de la ilegalidad de la petici\u00f3n los invit\u00e9 a que asistieran a la auditor\u00eda\u201d, dijo. Este lunes durante la mesa de trabajo entre el auditor y la presidenta de la Comisi\u00f3n Inspectora del Congreso, Olga Luc\u00eda Romero Garci-Crespo, en las oficinas de la ASE, el diputado Oswaldo Jim\u00e9nez se ausent\u00f3 y solo mand\u00f3 un cuestionario sobre los contratos. Por otra parte, Romero Serrano inform\u00f3 que tres polic\u00edas auxiliares y una persona de limpieza dieron positivo a Covid-19 pero ning\u00fan trabajador del \u00f3rgano fiscalizador. Publicaci\u00f3n Original: https:\/\/www.elsoldepuebla.com.mx\/local\/investigara-auditoria-superior-del-estado-uso-de-recursos-publicos-para-atender-pandemia-puebla-francisco-romero-serrano-covid-19-5308130.html\" \/>\n<meta property=\"og:url\" content=\"https:\/\/ferabrajan.com\/portal\/2020\/06\/02\/investigara-ase-uso-de-recursos-publicos-para-atender-pandemia\/\" \/>\n<meta property=\"og:site_name\" content=\"Fer Abrajan\" \/>\n<meta property=\"article:publisher\" content=\"https:\/\/www.facebook.com\/NoticiasconFerAbrajan\/\" \/>\n<meta property=\"article:published_time\" content=\"2020-06-02T00:49:27+00:00\" \/>\n<meta name=\"author\" content=\"admin\" \/>\n<meta name=\"twitter:card\" content=\"summary_large_image\" \/>\n<meta name=\"twitter:creator\" content=\"@ferabrajan1\" \/>\n<meta name=\"twitter:site\" content=\"@ferabrajan1\" \/>\n<meta name=\"twitter:label1\" content=\"Escrito por\" \/>\n\t<meta name=\"twitter:data1\" content=\"admin\" \/>\n\t<meta name=\"twitter:label2\" content=\"Tiempo de lectura\" \/>\n\t<meta name=\"twitter:data2\" content=\"2 minutos\" \/>\n<script type=\"application\/ld+json\" class=\"yoast-schema-graph\">{\"@context\":\"https:\\\/\\\/schema.org\",\"@graph\":[{\"@type\":\"Article\",\"@id\":\"https:\\\/\\\/ferabrajan.com\\\/portal\\\/2020\\\/06\\\/02\\\/investigara-ase-uso-de-recursos-publicos-para-atender-pandemia\\\/#article\",\"isPartOf\":{\"@id\":\"https:\\\/\\\/ferabrajan.com\\\/portal\\\/2020\\\/06\\\/02\\\/investigara-ase-uso-de-recursos-publicos-para-atender-pandemia\\\/\"},\"author\":{\"name\":\"admin\",\"@id\":\"https:\\\/\\\/ferabrajan.com\\\/portal\\\/#\\\/schema\\\/person\\\/f6113b3cb1e036d5c6a9505685b257ba\"},\"headline\":\"Investigar\u00e1 ASE uso de recursos p\u00fablicos para atender pandemia\",\"datePublished\":\"2020-06-02T00:49:27+00:00\",\"mainEntityOfPage\":{\"@id\":\"https:\\\/\\\/ferabrajan.com\\\/portal\\\/2020\\\/06\\\/02\\\/investigara-ase-uso-de-recursos-publicos-para-atender-pandemia\\\/\"},\"wordCount\":332,\"publisher\":{\"@id\":\"https:\\\/\\\/ferabrajan.com\\\/portal\\\/#organization\"},\"image\":{\"@id\":\"https:\\\/\\\/ferabrajan.com\\\/portal\\\/2020\\\/06\\\/02\\\/investigara-ase-uso-de-recursos-publicos-para-atender-pandemia\\\/#primaryimage\"},\"thumbnailUrl\":\"\",\"articleSection\":[\"Local\",\"Puebla\"],\"inLanguage\":\"es\"},{\"@type\":\"WebPage\",\"@id\":\"https:\\\/\\\/ferabrajan.com\\\/portal\\\/2020\\\/06\\\/02\\\/investigara-ase-uso-de-recursos-publicos-para-atender-pandemia\\\/\",\"url\":\"https:\\\/\\\/ferabrajan.com\\\/portal\\\/2020\\\/06\\\/02\\\/investigara-ase-uso-de-recursos-publicos-para-atender-pandemia\\\/\",\"name\":\"Investigar\u00e1 ASE uso de recursos p\u00fablicos para atender pandemia - Fer Abrajan\",\"isPartOf\":{\"@id\":\"https:\\\/\\\/ferabrajan.com\\\/portal\\\/#website\"},\"primaryImageOfPage\":{\"@id\":\"https:\\\/\\\/ferabrajan.com\\\/portal\\\/2020\\\/06\\\/02\\\/investigara-ase-uso-de-recursos-publicos-para-atender-pandemia\\\/#primaryimage\"},\"image\":{\"@id\":\"https:\\\/\\\/ferabrajan.com\\\/portal\\\/2020\\\/06\\\/02\\\/investigara-ase-uso-de-recursos-publicos-para-atender-pandemia\\\/#primaryimage\"},\"thumbnailUrl\":\"\",\"datePublished\":\"2020-06-02T00:49:27+00:00\",\"breadcrumb\":{\"@id\":\"https:\\\/\\\/ferabrajan.com\\\/portal\\\/2020\\\/06\\\/02\\\/investigara-ase-uso-de-recursos-publicos-para-atender-pandemia\\\/#breadcrumb\"},\"inLanguage\":\"es\",\"potentialAction\":[{\"@type\":\"ReadAction\",\"target\":[\"https:\\\/\\\/ferabrajan.com\\\/portal\\\/2020\\\/06\\\/02\\\/investigara-ase-uso-de-recursos-publicos-para-atender-pandemia\\\/\"]}]},{\"@type\":\"ImageObject\",\"inLanguage\":\"es\",\"@id\":\"https:\\\/\\\/ferabrajan.com\\\/portal\\\/2020\\\/06\\\/02\\\/investigara-ase-uso-de-recursos-publicos-para-atender-pandemia\\\/#primaryimage\",\"url\":\"\",\"contentUrl\":\"\"},{\"@type\":\"BreadcrumbList\",\"@id\":\"https:\\\/\\\/ferabrajan.com\\\/portal\\\/2020\\\/06\\\/02\\\/investigara-ase-uso-de-recursos-publicos-para-atender-pandemia\\\/#breadcrumb\",\"itemListElement\":[{\"@type\":\"ListItem\",\"position\":1,\"name\":\"Portada\",\"item\":\"https:\\\/\\\/ferabrajan.com\\\/portal\\\/\"},{\"@type\":\"ListItem\",\"position\":2,\"name\":\"Investigar\u00e1 ASE uso de recursos p\u00fablicos para atender pandemia\"}]},{\"@type\":\"WebSite\",\"@id\":\"https:\\\/\\\/ferabrajan.com\\\/portal\\\/#website\",\"url\":\"https:\\\/\\\/ferabrajan.com\\\/portal\\\/\",\"name\":\"Fer Abrajan\",\"description\":\"Noticias de Puebla, opini\u00f3n y radio en vivo\",\"publisher\":{\"@id\":\"https:\\\/\\\/ferabrajan.com\\\/portal\\\/#organization\"},\"potentialAction\":[{\"@type\":\"SearchAction\",\"target\":{\"@type\":\"EntryPoint\",\"urlTemplate\":\"https:\\\/\\\/ferabrajan.com\\\/portal\\\/?s={search_term_string}\"},\"query-input\":{\"@type\":\"PropertyValueSpecification\",\"valueRequired\":true,\"valueName\":\"search_term_string\"}}],\"inLanguage\":\"es\"},{\"@type\":\"Organization\",\"@id\":\"https:\\\/\\\/ferabrajan.com\\\/portal\\\/#organization\",\"name\":\"Fer Abrajan\",\"url\":\"https:\\\/\\\/ferabrajan.com\\\/portal\\\/\",\"logo\":{\"@type\":\"ImageObject\",\"inLanguage\":\"es\",\"@id\":\"https:\\\/\\\/ferabrajan.com\\\/portal\\\/#\\\/schema\\\/logo\\\/image\\\/\",\"url\":\"https:\\\/\\\/ferabrajan.com\\\/portal\\\/wp-content\\\/uploads\\\/2024\\\/10\\\/cropped-logo.jpeg\",\"contentUrl\":\"https:\\\/\\\/ferabrajan.com\\\/portal\\\/wp-content\\\/uploads\\\/2024\\\/10\\\/cropped-logo.jpeg\",\"width\":500,\"height\":250,\"caption\":\"Fer Abrajan\"},\"image\":{\"@id\":\"https:\\\/\\\/ferabrajan.com\\\/portal\\\/#\\\/schema\\\/logo\\\/image\\\/\"},\"sameAs\":[\"https:\\\/\\\/www.facebook.com\\\/NoticiasconFerAbrajan\\\/\",\"https:\\\/\\\/x.com\\\/ferabrajan1\"]},{\"@type\":\"Person\",\"@id\":\"https:\\\/\\\/ferabrajan.com\\\/portal\\\/#\\\/schema\\\/person\\\/f6113b3cb1e036d5c6a9505685b257ba\",\"name\":\"admin\",\"image\":{\"@type\":\"ImageObject\",\"inLanguage\":\"es\",\"@id\":\"https:\\\/\\\/secure.gravatar.com\\\/avatar\\\/072baa72775aad53c748dfc5d3048578e01b6c087eef335459ebfa04344e2d18?s=96&d=mm&r=g\",\"url\":\"https:\\\/\\\/secure.gravatar.com\\\/avatar\\\/072baa72775aad53c748dfc5d3048578e01b6c087eef335459ebfa04344e2d18?s=96&d=mm&r=g\",\"contentUrl\":\"https:\\\/\\\/secure.gravatar.com\\\/avatar\\\/072baa72775aad53c748dfc5d3048578e01b6c087eef335459ebfa04344e2d18?s=96&d=mm&r=g\",\"caption\":\"admin\"},\"sameAs\":[\"https:\\\/\\\/ferabrajan.com\\\/portal\"],\"url\":\"https:\\\/\\\/ferabrajan.com\\\/portal\\\/author\\\/admin\\\/\"}]}<\/script>\n<!-- \/ Yoast SEO plugin. -->","yoast_head_json":{"title":"Investigar\u00e1 ASE uso de recursos p\u00fablicos para atender pandemia - Fer Abrajan","robots":{"index":"index","follow":"follow","max-snippet":"max-snippet:-1","max-image-preview":"max-image-preview:large","max-video-preview":"max-video-preview:-1"},"canonical":"https:\/\/ferabrajan.com\/portal\/2020\/06\/02\/investigara-ase-uso-de-recursos-publicos-para-atender-pandemia\/","og_locale":"es_ES","og_type":"article","og_title":"Investigar\u00e1 ASE uso de recursos p\u00fablicos para atender pandemia - Fer Abrajan","og_description":"La Auditor\u00eda Superior del Estado (ASE) investigar\u00e1 el uso de recursos p\u00fablicos para atender la pandemia del Covid-19, inform\u00f3 el titular Francisco Romero Serrano. En conferencia de prensa con diversos medios de comunicaci\u00f3n, el auditor declar\u00f3 que el \u00f3rgano fiscalizador atender\u00e1 las demandas de auditor\u00eda a las entidades de fiscalizaci\u00f3n, como lo solicit\u00f3 el pasado 28 de mayo la Comisi\u00f3n Inspectora del Congreso del Estado. \u201cSi bien no podemos contar con todo el personal s\u00ed contamos con un esquema de rotaci\u00f3n para que podamos cumplir lo m\u00e1s pronto posible con las demandas en materia de investigaci\u00f3n, de auditor\u00eda respecto al uso de recursos p\u00fablicos para la pandemia\u201d, dijo. ILEGAL LA PETICI\u00d3N DE MI COMPARECENCIA En otro tema, Francisco Romero calific\u00f3 de chisme medi\u00e1tico las presuntas irregularidades en la adquisici\u00f3n de bienes y servicios de la Auditor\u00eda Superior del Estado, por lo que asegur\u00f3 que es ilegal la petici\u00f3n del diputado local del PAN, Oswaldo Jim\u00e9nez L\u00f3pez, para que comparezca ante el Congreso y rinda cuentas de los contratos firmados. \u201cPara la rendici\u00f3n de cuentas tiene que existir un procedimiento de citatorio y sobre todo de petici\u00f3n absoluta de la comisi\u00f3n en el pleno, para mi comparecencia, sin embargo a pesar de la ilegalidad de la petici\u00f3n los invit\u00e9 a que asistieran a la auditor\u00eda\u201d, dijo. Este lunes durante la mesa de trabajo entre el auditor y la presidenta de la Comisi\u00f3n Inspectora del Congreso, Olga Luc\u00eda Romero Garci-Crespo, en las oficinas de la ASE, el diputado Oswaldo Jim\u00e9nez se ausent\u00f3 y solo mand\u00f3 un cuestionario sobre los contratos. Por otra parte, Romero Serrano inform\u00f3 que tres polic\u00edas auxiliares y una persona de limpieza dieron positivo a Covid-19 pero ning\u00fan trabajador del \u00f3rgano fiscalizador. Publicaci\u00f3n Original: https:\/\/www.elsoldepuebla.com.mx\/local\/investigara-auditoria-superior-del-estado-uso-de-recursos-publicos-para-atender-pandemia-puebla-francisco-romero-serrano-covid-19-5308130.html","og_url":"https:\/\/ferabrajan.com\/portal\/2020\/06\/02\/investigara-ase-uso-de-recursos-publicos-para-atender-pandemia\/","og_site_name":"Fer Abrajan","article_publisher":"https:\/\/www.facebook.com\/NoticiasconFerAbrajan\/","article_published_time":"2020-06-02T00:49:27+00:00","author":"admin","twitter_card":"summary_large_image","twitter_creator":"@ferabrajan1","twitter_site":"@ferabrajan1","twitter_misc":{"Escrito por":"admin","Tiempo de lectura":"2 minutos"},"schema":{"@context":"https:\/\/schema.org","@graph":[{"@type":"Article","@id":"https:\/\/ferabrajan.com\/portal\/2020\/06\/02\/investigara-ase-uso-de-recursos-publicos-para-atender-pandemia\/#article","isPartOf":{"@id":"https:\/\/ferabrajan.com\/portal\/2020\/06\/02\/investigara-ase-uso-de-recursos-publicos-para-atender-pandemia\/"},"author":{"name":"admin","@id":"https:\/\/ferabrajan.com\/portal\/#\/schema\/person\/f6113b3cb1e036d5c6a9505685b257ba"},"headline":"Investigar\u00e1 ASE uso de recursos p\u00fablicos para atender pandemia","datePublished":"2020-06-02T00:49:27+00:00","mainEntityOfPage":{"@id":"https:\/\/ferabrajan.com\/portal\/2020\/06\/02\/investigara-ase-uso-de-recursos-publicos-para-atender-pandemia\/"},"wordCount":332,"publisher":{"@id":"https:\/\/ferabrajan.com\/portal\/#organization"},"image":{"@id":"https:\/\/ferabrajan.com\/portal\/2020\/06\/02\/investigara-ase-uso-de-recursos-publicos-para-atender-pandemia\/#primaryimage"},"thumbnailUrl":"","articleSection":["Local","Puebla"],"inLanguage":"es"},{"@type":"WebPage","@id":"https:\/\/ferabrajan.com\/portal\/2020\/06\/02\/investigara-ase-uso-de-recursos-publicos-para-atender-pandemia\/","url":"https:\/\/ferabrajan.com\/portal\/2020\/06\/02\/investigara-ase-uso-de-recursos-publicos-para-atender-pandemia\/","name":"Investigar\u00e1 ASE uso de recursos p\u00fablicos para atender pandemia - Fer Abrajan","isPartOf":{"@id":"https:\/\/ferabrajan.com\/portal\/#website"},"primaryImageOfPage":{"@id":"https:\/\/ferabrajan.com\/portal\/2020\/06\/02\/investigara-ase-uso-de-recursos-publicos-para-atender-pandemia\/#primaryimage"},"image":{"@id":"https:\/\/ferabrajan.com\/portal\/2020\/06\/02\/investigara-ase-uso-de-recursos-publicos-para-atender-pandemia\/#primaryimage"},"thumbnailUrl":"","datePublished":"2020-06-02T00:49:27+00:00","breadcrumb":{"@id":"https:\/\/ferabrajan.com\/portal\/2020\/06\/02\/investigara-ase-uso-de-recursos-publicos-para-atender-pandemia\/#breadcrumb"},"inLanguage":"es","potentialAction":[{"@type":"ReadAction","target":["https:\/\/ferabrajan.com\/portal\/2020\/06\/02\/investigara-ase-uso-de-recursos-publicos-para-atender-pandemia\/"]}]},{"@type":"ImageObject","inLanguage":"es","@id":"https:\/\/ferabrajan.com\/portal\/2020\/06\/02\/investigara-ase-uso-de-recursos-publicos-para-atender-pandemia\/#primaryimage","url":"","contentUrl":""},{"@type":"BreadcrumbList","@id":"https:\/\/ferabrajan.com\/portal\/2020\/06\/02\/investigara-ase-uso-de-recursos-publicos-para-atender-pandemia\/#breadcrumb","itemListElement":[{"@type":"ListItem","position":1,"name":"Portada","item":"https:\/\/ferabrajan.com\/portal\/"},{"@type":"ListItem","position":2,"name":"Investigar\u00e1 ASE uso de recursos p\u00fablicos para atender pandemia"}]},{"@type":"WebSite","@id":"https:\/\/ferabrajan.com\/portal\/#website","url":"https:\/\/ferabrajan.com\/portal\/","name":"Fer Abrajan","description":"Noticias de Puebla, opini\u00f3n y radio en vivo","publisher":{"@id":"https:\/\/ferabrajan.com\/portal\/#organization"},"potentialAction":[{"@type":"SearchAction","target":{"@type":"EntryPoint","urlTemplate":"https:\/\/ferabrajan.com\/portal\/?s={search_term_string}"},"query-input":{"@type":"PropertyValueSpecification","valueRequired":true,"valueName":"search_term_string"}}],"inLanguage":"es"},{"@type":"Organization","@id":"https:\/\/ferabrajan.com\/portal\/#organization","name":"Fer Abrajan","url":"https:\/\/ferabrajan.com\/portal\/","logo":{"@type":"ImageObject","inLanguage":"es","@id":"https:\/\/ferabrajan.com\/portal\/#\/schema\/logo\/image\/","url":"https:\/\/ferabrajan.com\/portal\/wp-content\/uploads\/2024\/10\/cropped-logo.jpeg","contentUrl":"https:\/\/ferabrajan.com\/portal\/wp-content\/uploads\/2024\/10\/cropped-logo.jpeg","width":500,"height":250,"caption":"Fer Abrajan"},"image":{"@id":"https:\/\/ferabrajan.com\/portal\/#\/schema\/logo\/image\/"},"sameAs":["https:\/\/www.facebook.com\/NoticiasconFerAbrajan\/","https:\/\/x.com\/ferabrajan1"]},{"@type":"Person","@id":"https:\/\/ferabrajan.com\/portal\/#\/schema\/person\/f6113b3cb1e036d5c6a9505685b257ba","name":"admin","image":{"@type":"ImageObject","inLanguage":"es","@id":"https:\/\/secure.gravatar.com\/avatar\/072baa72775aad53c748dfc5d3048578e01b6c087eef335459ebfa04344e2d18?s=96&d=mm&r=g","url":"https:\/\/secure.gravatar.com\/avatar\/072baa72775aad53c748dfc5d3048578e01b6c087eef335459ebfa04344e2d18?s=96&d=mm&r=g","contentUrl":"https:\/\/secure.gravatar.com\/avatar\/072baa72775aad53c748dfc5d3048578e01b6c087eef335459ebfa04344e2d18?s=96&d=mm&r=g","caption":"admin"},"sameAs":["https:\/\/ferabrajan.com\/portal"],"url":"https:\/\/ferabrajan.com\/portal\/author\/admin\/"}]}},"_links":{"self":[{"href":"https:\/\/ferabrajan.com\/portal\/wp-json\/wp\/v2\/posts\/12544","targetHints":{"allow":["GET"]}}],"collection":[{"href":"https:\/\/ferabrajan.com\/portal\/wp-json\/wp\/v2\/posts"}],"about":[{"href":"https:\/\/ferabrajan.com\/portal\/wp-json\/wp\/v2\/types\/post"}],"author":[{"embeddable":true,"href":"https:\/\/ferabrajan.com\/portal\/wp-json\/wp\/v2\/users\/1"}],"replies":[{"embeddable":true,"href":"https:\/\/ferabrajan.com\/portal\/wp-json\/wp\/v2\/comments?post=12544"}],"version-history":[{"count":0,"href":"https:\/\/ferabrajan.com\/portal\/wp-json\/wp\/v2\/posts\/12544\/revisions"}],"wp:attachment":[{"href":"https:\/\/ferabrajan.com\/portal\/wp-json\/wp\/v2\/media?parent=12544"}],"wp:term":[{"taxonomy":"category","embeddable":true,"href":"https:\/\/ferabrajan.com\/portal\/wp-json\/wp\/v2\/categories?post=12544"},{"taxonomy":"post_tag","embeddable":true,"href":"https:\/\/ferabrajan.com\/portal\/wp-json\/wp\/v2\/tags?post=12544"}],"curies":[{"name":"wp","href":"https:\/\/api.w.org\/{rel}","templated":true}]}}