{"id":12505,"date":"2020-06-01T19:35:00","date_gmt":"2020-06-01T19:35:00","guid":{"rendered":"http:\/\/www.ferabrajan.com\/?p=12505"},"modified":"2020-06-01T19:35:00","modified_gmt":"2020-06-01T19:35:00","slug":"harry-styles-paga-fianzas-de-manifestantes-por-george-floyd","status":"publish","type":"post","link":"https:\/\/ferabrajan.com\/portal\/2020\/06\/01\/harry-styles-paga-fianzas-de-manifestantes-por-george-floyd\/","title":{"rendered":"Harry Styles paga fianzas de manifestantes por George Floyd"},"content":{"rendered":"<p>Estados Unidos pasa por un momento de tensi\u00f3n debido a las protestas de varias personas que piden <strong>justicia por el asesinato de George Floyd<\/strong>.<\/p>\n<p>Ante esta situaci\u00f3n, <a href=\"https:\/\/www.eluniversal.com.mx\/tag\/harry-styles\" target=\"_blank\" rel=\"noopener noreferrer\"><span><strong>Harry Styles<\/strong><\/span><\/a> mand\u00f3 un mensaje en el que <strong>pide igualdad entre todas las personas<\/strong> y se reduzca la violencia.<\/p>\n<p>\u00abHago cosas todos los d\u00edas sin miedo, porque soy privilegiado, y soy privilegiado todos los d\u00edas porque soy blanco. <strong>No ser racista no es suficiente, debemos ser anti racistas<\/strong>. El cambio social se promulga cuando una sociedad se moviliza. Me solidarizo con todos los que protestan\u00bb.<\/p>\n<p><span><strong>&nbsp;Tambi\u00e9n lee:&nbsp;<\/strong><\/span><a href=\"https:\/\/www.eluniversal.com.mx\/espectaculos\/musica\/por-coronavirus-harry-styles-pospone-hasta-2021-su-gira-europea\" target=\"_blank\" rel=\"noopener noreferrer\"><span>Por el coronavirus, Harry Styles pospone hasta 2021 su gira europea<\/span><\/a><\/p>\n<p>Adem\u00e1s, el <strong>exmiembro de One Direction<\/strong> decidi\u00f3 brindar un apoyo econ\u00f3mico para pagar las fianzas de las <strong>personas que sean arrestadas durante las manifestaciones<\/strong>.<\/p>\n<p>\u00abEstoy donando para ayudar a pagar la fianza de los organizadores arrestados. Mira hacia dentro, educate a ti y a los dem\u00e1s\u00bb.<br \/>&nbsp;<\/p>\n<blockquote class=\"twitter-tweet\">\n<p dir=\"ltr\" lang=\"en\" xml:lang=\"en\">I\u2019m donating to help post bail for arrested organizers.<br \/>Look inwards, educate yourself and others.<br \/>LISTEN, READ, SHARE, DONATE and VOTE.<br \/>ENOUGH IS ENOUGH.<br \/>BLACK LIVES MATTER.<\/p>\n<p>\u2014 Harry Styles. (@Harry_Styles) <a href=\"https:\/\/twitter.com\/Harry_Styles\/status\/1266813330867404800?ref_src=twsrc%5Etfw\">May 30, 2020<\/a><\/p>\n<\/blockquote>\n<p>Styles se uni\u00f3 a celebridades como <strong>Steve Carell, Ben Schwartz y Seth Rogen<\/strong> en este movimiento para apoyar la donaci\u00f3n.<\/p>\n<blockquote class=\"twitter-tweet\">\n<p dir=\"ltr\" lang=\"en\" xml:lang=\"en\">Matched <a href=\"https:\/\/t.co\/bmeP30vGX4\">https:\/\/t.co\/bmeP30vGX4<\/a><\/p>\n<p>\u2014 Steve Carell (@SteveCarell) <a href=\"https:\/\/twitter.com\/SteveCarell\/status\/1266064476303810560?ref_src=twsrc%5Etfw\">May 28, 2020<\/a><\/p>\n<\/blockquote>\n<p>nrv<\/p>\n<p>Publicaci\u00f3n Original: <a href=\"https:\/\/www.eluniversal.com.mx\/espectaculos\/harry-styles-paga-fianzas-de-manifestantes-por-george-floyd\" target=\"_blank\" rel=\"noopener noreferrer\">https:\/\/www.eluniversal.com.mx\/espectaculos\/harry-styles-paga-fianzas-de-manifestantes-por-george-floyd<\/a><\/p>\n","protected":false},"excerpt":{"rendered":"<p>Estados Unidos pasa por un momento de tensi\u00f3n debido a las protestas de varias personas que piden justicia por el asesinato de George Floyd. Ante esta situaci\u00f3n, Harry Styles mand\u00f3 un mensaje en el que pide igualdad entre todas las personas y se reduzca la violencia. \u00abHago cosas todos los d\u00edas sin miedo, porque soy privilegiado, y soy privilegiado todos los d\u00edas porque soy blanco. No ser racista no es suficiente, debemos ser anti racistas. El cambio social se promulga cuando una sociedad se moviliza. Me solidarizo con todos los que protestan\u00bb. &nbsp;Tambi\u00e9n lee:&nbsp;Por el coronavirus, Harry Styles pospone hasta 2021 su gira europea Adem\u00e1s, el exmiembro de One Direction decidi\u00f3 brindar un apoyo econ\u00f3mico para pagar las fianzas de las personas que sean arrestadas durante las manifestaciones. \u00abEstoy donando para ayudar a pagar la fianza de los organizadores arrestados. Mira hacia dentro, educate a ti y a los dem\u00e1s\u00bb.&nbsp; I\u2019m donating to help post bail for arrested organizers.Look inwards, educate yourself and others.LISTEN, READ, SHARE, DONATE and VOTE.ENOUGH IS ENOUGH.BLACK LIVES MATTER. \u2014 Harry Styles. (@Harry_Styles) May 30, 2020 Styles se uni\u00f3 a celebridades como Steve Carell, Ben Schwartz y Seth Rogen en este movimiento para apoyar la donaci\u00f3n. Matched https:\/\/t.co\/bmeP30vGX4 \u2014 Steve Carell (@SteveCarell) May 28, 2020 nrv Publicaci\u00f3n Original: https:\/\/www.eluniversal.com.mx\/espectaculos\/harry-styles-paga-fianzas-de-manifestantes-por-george-floyd<\/p>\n","protected":false},"author":1,"featured_media":0,"comment_status":"open","ping_status":"closed","sticky":false,"template":"","format":"standard","meta":{"_monsterinsights_skip_tracking":false,"_uf_show_specific_survey":0,"_uf_disable_surveys":false,"footnotes":""},"categories":[36],"tags":[],"class_list":["post-12505","post","type-post","status-publish","format-standard","hentry","category-el-mundo"],"yoast_head":"<!-- This site is optimized with the Yoast SEO plugin v27.5 - https:\/\/yoast.com\/product\/yoast-seo-wordpress\/ -->\n<title>Harry Styles paga fianzas de manifestantes por George Floyd - Fer Abrajan<\/title>\n<meta name=\"robots\" content=\"index, follow, max-snippet:-1, max-image-preview:large, max-video-preview:-1\" \/>\n<link rel=\"canonical\" href=\"https:\/\/ferabrajan.com\/portal\/2020\/06\/01\/harry-styles-paga-fianzas-de-manifestantes-por-george-floyd\/\" \/>\n<meta property=\"og:locale\" content=\"es_ES\" \/>\n<meta property=\"og:type\" content=\"article\" \/>\n<meta property=\"og:title\" content=\"Harry Styles paga fianzas de manifestantes por George Floyd - Fer Abrajan\" \/>\n<meta property=\"og:description\" content=\"Estados Unidos pasa por un momento de tensi\u00f3n debido a las protestas de varias personas que piden justicia por el asesinato de George Floyd. Ante esta situaci\u00f3n, Harry Styles mand\u00f3 un mensaje en el que pide igualdad entre todas las personas y se reduzca la violencia. \u00abHago cosas todos los d\u00edas sin miedo, porque soy privilegiado, y soy privilegiado todos los d\u00edas porque soy blanco. No ser racista no es suficiente, debemos ser anti racistas. El cambio social se promulga cuando una sociedad se moviliza. Me solidarizo con todos los que protestan\u00bb. &nbsp;Tambi\u00e9n lee:&nbsp;Por el coronavirus, Harry Styles pospone hasta 2021 su gira europea Adem\u00e1s, el exmiembro de One Direction decidi\u00f3 brindar un apoyo econ\u00f3mico para pagar las fianzas de las personas que sean arrestadas durante las manifestaciones. \u00abEstoy donando para ayudar a pagar la fianza de los organizadores arrestados. Mira hacia dentro, educate a ti y a los dem\u00e1s\u00bb.&nbsp; I\u2019m donating to help post bail for arrested organizers.Look inwards, educate yourself and others.LISTEN, READ, SHARE, DONATE and VOTE.ENOUGH IS ENOUGH.BLACK LIVES MATTER. \u2014 Harry Styles. (@Harry_Styles) May 30, 2020 Styles se uni\u00f3 a celebridades como Steve Carell, Ben Schwartz y Seth Rogen en este movimiento para apoyar la donaci\u00f3n. Matched https:\/\/t.co\/bmeP30vGX4 \u2014 Steve Carell (@SteveCarell) May 28, 2020 nrv Publicaci\u00f3n Original: https:\/\/www.eluniversal.com.mx\/espectaculos\/harry-styles-paga-fianzas-de-manifestantes-por-george-floyd\" \/>\n<meta property=\"og:url\" content=\"https:\/\/ferabrajan.com\/portal\/2020\/06\/01\/harry-styles-paga-fianzas-de-manifestantes-por-george-floyd\/\" \/>\n<meta property=\"og:site_name\" content=\"Fer Abrajan\" \/>\n<meta property=\"article:publisher\" content=\"https:\/\/www.facebook.com\/NoticiasconFerAbrajan\/\" \/>\n<meta property=\"article:published_time\" content=\"2020-06-01T19:35:00+00:00\" \/>\n<meta name=\"author\" content=\"admin\" \/>\n<meta name=\"twitter:card\" content=\"summary_large_image\" \/>\n<meta name=\"twitter:creator\" content=\"@ferabrajan1\" \/>\n<meta name=\"twitter:site\" content=\"@ferabrajan1\" \/>\n<meta name=\"twitter:label1\" content=\"Escrito por\" \/>\n\t<meta name=\"twitter:data1\" content=\"admin\" \/>\n\t<meta name=\"twitter:label2\" content=\"Tiempo de lectura\" \/>\n\t<meta name=\"twitter:data2\" content=\"1 minuto\" \/>\n<script type=\"application\/ld+json\" class=\"yoast-schema-graph\">{\"@context\":\"https:\\\/\\\/schema.org\",\"@graph\":[{\"@type\":\"Article\",\"@id\":\"https:\\\/\\\/ferabrajan.com\\\/portal\\\/2020\\\/06\\\/01\\\/harry-styles-paga-fianzas-de-manifestantes-por-george-floyd\\\/#article\",\"isPartOf\":{\"@id\":\"https:\\\/\\\/ferabrajan.com\\\/portal\\\/2020\\\/06\\\/01\\\/harry-styles-paga-fianzas-de-manifestantes-por-george-floyd\\\/\"},\"author\":{\"name\":\"admin\",\"@id\":\"https:\\\/\\\/ferabrajan.com\\\/portal\\\/#\\\/schema\\\/person\\\/f6113b3cb1e036d5c6a9505685b257ba\"},\"headline\":\"Harry Styles paga fianzas de manifestantes por George Floyd\",\"datePublished\":\"2020-06-01T19:35:00+00:00\",\"mainEntityOfPage\":{\"@id\":\"https:\\\/\\\/ferabrajan.com\\\/portal\\\/2020\\\/06\\\/01\\\/harry-styles-paga-fianzas-de-manifestantes-por-george-floyd\\\/\"},\"wordCount\":245,\"commentCount\":0,\"publisher\":{\"@id\":\"https:\\\/\\\/ferabrajan.com\\\/portal\\\/#organization\"},\"articleSection\":[\"El Mundo\"],\"inLanguage\":\"es\"},{\"@type\":\"WebPage\",\"@id\":\"https:\\\/\\\/ferabrajan.com\\\/portal\\\/2020\\\/06\\\/01\\\/harry-styles-paga-fianzas-de-manifestantes-por-george-floyd\\\/\",\"url\":\"https:\\\/\\\/ferabrajan.com\\\/portal\\\/2020\\\/06\\\/01\\\/harry-styles-paga-fianzas-de-manifestantes-por-george-floyd\\\/\",\"name\":\"Harry Styles paga fianzas de manifestantes por George Floyd - Fer Abrajan\",\"isPartOf\":{\"@id\":\"https:\\\/\\\/ferabrajan.com\\\/portal\\\/#website\"},\"datePublished\":\"2020-06-01T19:35:00+00:00\",\"breadcrumb\":{\"@id\":\"https:\\\/\\\/ferabrajan.com\\\/portal\\\/2020\\\/06\\\/01\\\/harry-styles-paga-fianzas-de-manifestantes-por-george-floyd\\\/#breadcrumb\"},\"inLanguage\":\"es\",\"potentialAction\":[{\"@type\":\"ReadAction\",\"target\":[\"https:\\\/\\\/ferabrajan.com\\\/portal\\\/2020\\\/06\\\/01\\\/harry-styles-paga-fianzas-de-manifestantes-por-george-floyd\\\/\"]}]},{\"@type\":\"BreadcrumbList\",\"@id\":\"https:\\\/\\\/ferabrajan.com\\\/portal\\\/2020\\\/06\\\/01\\\/harry-styles-paga-fianzas-de-manifestantes-por-george-floyd\\\/#breadcrumb\",\"itemListElement\":[{\"@type\":\"ListItem\",\"position\":1,\"name\":\"Portada\",\"item\":\"https:\\\/\\\/ferabrajan.com\\\/portal\\\/\"},{\"@type\":\"ListItem\",\"position\":2,\"name\":\"Harry Styles paga fianzas de manifestantes por George Floyd\"}]},{\"@type\":\"WebSite\",\"@id\":\"https:\\\/\\\/ferabrajan.com\\\/portal\\\/#website\",\"url\":\"https:\\\/\\\/ferabrajan.com\\\/portal\\\/\",\"name\":\"Fer Abrajan\",\"description\":\"Noticias de Puebla, opini\u00f3n y radio en vivo\",\"publisher\":{\"@id\":\"https:\\\/\\\/ferabrajan.com\\\/portal\\\/#organization\"},\"potentialAction\":[{\"@type\":\"SearchAction\",\"target\":{\"@type\":\"EntryPoint\",\"urlTemplate\":\"https:\\\/\\\/ferabrajan.com\\\/portal\\\/?s={search_term_string}\"},\"query-input\":{\"@type\":\"PropertyValueSpecification\",\"valueRequired\":true,\"valueName\":\"search_term_string\"}}],\"inLanguage\":\"es\"},{\"@type\":\"Organization\",\"@id\":\"https:\\\/\\\/ferabrajan.com\\\/portal\\\/#organization\",\"name\":\"Fer Abrajan\",\"url\":\"https:\\\/\\\/ferabrajan.com\\\/portal\\\/\",\"logo\":{\"@type\":\"ImageObject\",\"inLanguage\":\"es\",\"@id\":\"https:\\\/\\\/ferabrajan.com\\\/portal\\\/#\\\/schema\\\/logo\\\/image\\\/\",\"url\":\"https:\\\/\\\/ferabrajan.com\\\/portal\\\/wp-content\\\/uploads\\\/2024\\\/10\\\/cropped-logo.jpeg\",\"contentUrl\":\"https:\\\/\\\/ferabrajan.com\\\/portal\\\/wp-content\\\/uploads\\\/2024\\\/10\\\/cropped-logo.jpeg\",\"width\":500,\"height\":250,\"caption\":\"Fer Abrajan\"},\"image\":{\"@id\":\"https:\\\/\\\/ferabrajan.com\\\/portal\\\/#\\\/schema\\\/logo\\\/image\\\/\"},\"sameAs\":[\"https:\\\/\\\/www.facebook.com\\\/NoticiasconFerAbrajan\\\/\",\"https:\\\/\\\/x.com\\\/ferabrajan1\"]},{\"@type\":\"Person\",\"@id\":\"https:\\\/\\\/ferabrajan.com\\\/portal\\\/#\\\/schema\\\/person\\\/f6113b3cb1e036d5c6a9505685b257ba\",\"name\":\"admin\",\"image\":{\"@type\":\"ImageObject\",\"inLanguage\":\"es\",\"@id\":\"https:\\\/\\\/secure.gravatar.com\\\/avatar\\\/072baa72775aad53c748dfc5d3048578e01b6c087eef335459ebfa04344e2d18?s=96&d=mm&r=g\",\"url\":\"https:\\\/\\\/secure.gravatar.com\\\/avatar\\\/072baa72775aad53c748dfc5d3048578e01b6c087eef335459ebfa04344e2d18?s=96&d=mm&r=g\",\"contentUrl\":\"https:\\\/\\\/secure.gravatar.com\\\/avatar\\\/072baa72775aad53c748dfc5d3048578e01b6c087eef335459ebfa04344e2d18?s=96&d=mm&r=g\",\"caption\":\"admin\"},\"sameAs\":[\"https:\\\/\\\/ferabrajan.com\\\/portal\"],\"url\":\"https:\\\/\\\/ferabrajan.com\\\/portal\\\/author\\\/admin\\\/\"}]}<\/script>\n<!-- \/ Yoast SEO plugin. -->","yoast_head_json":{"title":"Harry Styles paga fianzas de manifestantes por George Floyd - Fer Abrajan","robots":{"index":"index","follow":"follow","max-snippet":"max-snippet:-1","max-image-preview":"max-image-preview:large","max-video-preview":"max-video-preview:-1"},"canonical":"https:\/\/ferabrajan.com\/portal\/2020\/06\/01\/harry-styles-paga-fianzas-de-manifestantes-por-george-floyd\/","og_locale":"es_ES","og_type":"article","og_title":"Harry Styles paga fianzas de manifestantes por George Floyd - Fer Abrajan","og_description":"Estados Unidos pasa por un momento de tensi\u00f3n debido a las protestas de varias personas que piden justicia por el asesinato de George Floyd. Ante esta situaci\u00f3n, Harry Styles mand\u00f3 un mensaje en el que pide igualdad entre todas las personas y se reduzca la violencia. \u00abHago cosas todos los d\u00edas sin miedo, porque soy privilegiado, y soy privilegiado todos los d\u00edas porque soy blanco. No ser racista no es suficiente, debemos ser anti racistas. El cambio social se promulga cuando una sociedad se moviliza. Me solidarizo con todos los que protestan\u00bb. &nbsp;Tambi\u00e9n lee:&nbsp;Por el coronavirus, Harry Styles pospone hasta 2021 su gira europea Adem\u00e1s, el exmiembro de One Direction decidi\u00f3 brindar un apoyo econ\u00f3mico para pagar las fianzas de las personas que sean arrestadas durante las manifestaciones. \u00abEstoy donando para ayudar a pagar la fianza de los organizadores arrestados. Mira hacia dentro, educate a ti y a los dem\u00e1s\u00bb.&nbsp; I\u2019m donating to help post bail for arrested organizers.Look inwards, educate yourself and others.LISTEN, READ, SHARE, DONATE and VOTE.ENOUGH IS ENOUGH.BLACK LIVES MATTER. \u2014 Harry Styles. (@Harry_Styles) May 30, 2020 Styles se uni\u00f3 a celebridades como Steve Carell, Ben Schwartz y Seth Rogen en este movimiento para apoyar la donaci\u00f3n. Matched https:\/\/t.co\/bmeP30vGX4 \u2014 Steve Carell (@SteveCarell) May 28, 2020 nrv Publicaci\u00f3n Original: https:\/\/www.eluniversal.com.mx\/espectaculos\/harry-styles-paga-fianzas-de-manifestantes-por-george-floyd","og_url":"https:\/\/ferabrajan.com\/portal\/2020\/06\/01\/harry-styles-paga-fianzas-de-manifestantes-por-george-floyd\/","og_site_name":"Fer Abrajan","article_publisher":"https:\/\/www.facebook.com\/NoticiasconFerAbrajan\/","article_published_time":"2020-06-01T19:35:00+00:00","author":"admin","twitter_card":"summary_large_image","twitter_creator":"@ferabrajan1","twitter_site":"@ferabrajan1","twitter_misc":{"Escrito por":"admin","Tiempo de lectura":"1 minuto"},"schema":{"@context":"https:\/\/schema.org","@graph":[{"@type":"Article","@id":"https:\/\/ferabrajan.com\/portal\/2020\/06\/01\/harry-styles-paga-fianzas-de-manifestantes-por-george-floyd\/#article","isPartOf":{"@id":"https:\/\/ferabrajan.com\/portal\/2020\/06\/01\/harry-styles-paga-fianzas-de-manifestantes-por-george-floyd\/"},"author":{"name":"admin","@id":"https:\/\/ferabrajan.com\/portal\/#\/schema\/person\/f6113b3cb1e036d5c6a9505685b257ba"},"headline":"Harry Styles paga fianzas de manifestantes por George Floyd","datePublished":"2020-06-01T19:35:00+00:00","mainEntityOfPage":{"@id":"https:\/\/ferabrajan.com\/portal\/2020\/06\/01\/harry-styles-paga-fianzas-de-manifestantes-por-george-floyd\/"},"wordCount":245,"commentCount":0,"publisher":{"@id":"https:\/\/ferabrajan.com\/portal\/#organization"},"articleSection":["El Mundo"],"inLanguage":"es"},{"@type":"WebPage","@id":"https:\/\/ferabrajan.com\/portal\/2020\/06\/01\/harry-styles-paga-fianzas-de-manifestantes-por-george-floyd\/","url":"https:\/\/ferabrajan.com\/portal\/2020\/06\/01\/harry-styles-paga-fianzas-de-manifestantes-por-george-floyd\/","name":"Harry Styles paga fianzas de manifestantes por George Floyd - Fer Abrajan","isPartOf":{"@id":"https:\/\/ferabrajan.com\/portal\/#website"},"datePublished":"2020-06-01T19:35:00+00:00","breadcrumb":{"@id":"https:\/\/ferabrajan.com\/portal\/2020\/06\/01\/harry-styles-paga-fianzas-de-manifestantes-por-george-floyd\/#breadcrumb"},"inLanguage":"es","potentialAction":[{"@type":"ReadAction","target":["https:\/\/ferabrajan.com\/portal\/2020\/06\/01\/harry-styles-paga-fianzas-de-manifestantes-por-george-floyd\/"]}]},{"@type":"BreadcrumbList","@id":"https:\/\/ferabrajan.com\/portal\/2020\/06\/01\/harry-styles-paga-fianzas-de-manifestantes-por-george-floyd\/#breadcrumb","itemListElement":[{"@type":"ListItem","position":1,"name":"Portada","item":"https:\/\/ferabrajan.com\/portal\/"},{"@type":"ListItem","position":2,"name":"Harry Styles paga fianzas de manifestantes por George Floyd"}]},{"@type":"WebSite","@id":"https:\/\/ferabrajan.com\/portal\/#website","url":"https:\/\/ferabrajan.com\/portal\/","name":"Fer Abrajan","description":"Noticias de Puebla, opini\u00f3n y radio en vivo","publisher":{"@id":"https:\/\/ferabrajan.com\/portal\/#organization"},"potentialAction":[{"@type":"SearchAction","target":{"@type":"EntryPoint","urlTemplate":"https:\/\/ferabrajan.com\/portal\/?s={search_term_string}"},"query-input":{"@type":"PropertyValueSpecification","valueRequired":true,"valueName":"search_term_string"}}],"inLanguage":"es"},{"@type":"Organization","@id":"https:\/\/ferabrajan.com\/portal\/#organization","name":"Fer Abrajan","url":"https:\/\/ferabrajan.com\/portal\/","logo":{"@type":"ImageObject","inLanguage":"es","@id":"https:\/\/ferabrajan.com\/portal\/#\/schema\/logo\/image\/","url":"https:\/\/ferabrajan.com\/portal\/wp-content\/uploads\/2024\/10\/cropped-logo.jpeg","contentUrl":"https:\/\/ferabrajan.com\/portal\/wp-content\/uploads\/2024\/10\/cropped-logo.jpeg","width":500,"height":250,"caption":"Fer Abrajan"},"image":{"@id":"https:\/\/ferabrajan.com\/portal\/#\/schema\/logo\/image\/"},"sameAs":["https:\/\/www.facebook.com\/NoticiasconFerAbrajan\/","https:\/\/x.com\/ferabrajan1"]},{"@type":"Person","@id":"https:\/\/ferabrajan.com\/portal\/#\/schema\/person\/f6113b3cb1e036d5c6a9505685b257ba","name":"admin","image":{"@type":"ImageObject","inLanguage":"es","@id":"https:\/\/secure.gravatar.com\/avatar\/072baa72775aad53c748dfc5d3048578e01b6c087eef335459ebfa04344e2d18?s=96&d=mm&r=g","url":"https:\/\/secure.gravatar.com\/avatar\/072baa72775aad53c748dfc5d3048578e01b6c087eef335459ebfa04344e2d18?s=96&d=mm&r=g","contentUrl":"https:\/\/secure.gravatar.com\/avatar\/072baa72775aad53c748dfc5d3048578e01b6c087eef335459ebfa04344e2d18?s=96&d=mm&r=g","caption":"admin"},"sameAs":["https:\/\/ferabrajan.com\/portal"],"url":"https:\/\/ferabrajan.com\/portal\/author\/admin\/"}]}},"_links":{"self":[{"href":"https:\/\/ferabrajan.com\/portal\/wp-json\/wp\/v2\/posts\/12505","targetHints":{"allow":["GET"]}}],"collection":[{"href":"https:\/\/ferabrajan.com\/portal\/wp-json\/wp\/v2\/posts"}],"about":[{"href":"https:\/\/ferabrajan.com\/portal\/wp-json\/wp\/v2\/types\/post"}],"author":[{"embeddable":true,"href":"https:\/\/ferabrajan.com\/portal\/wp-json\/wp\/v2\/users\/1"}],"replies":[{"embeddable":true,"href":"https:\/\/ferabrajan.com\/portal\/wp-json\/wp\/v2\/comments?post=12505"}],"version-history":[{"count":0,"href":"https:\/\/ferabrajan.com\/portal\/wp-json\/wp\/v2\/posts\/12505\/revisions"}],"wp:attachment":[{"href":"https:\/\/ferabrajan.com\/portal\/wp-json\/wp\/v2\/media?parent=12505"}],"wp:term":[{"taxonomy":"category","embeddable":true,"href":"https:\/\/ferabrajan.com\/portal\/wp-json\/wp\/v2\/categories?post=12505"},{"taxonomy":"post_tag","embeddable":true,"href":"https:\/\/ferabrajan.com\/portal\/wp-json\/wp\/v2\/tags?post=12505"}],"curies":[{"name":"wp","href":"https:\/\/api.w.org\/{rel}","templated":true}]}}