{"id":12504,"date":"2020-06-01T19:39:00","date_gmt":"2020-06-01T19:39:00","guid":{"rendered":"http:\/\/www.ferabrajan.com\/?p=12504"},"modified":"2020-06-01T19:39:00","modified_gmt":"2020-06-01T19:39:00","slug":"liberan-a-3-policias-y-2-civiles-que-permanecian-desaparecidos-en-colima","status":"publish","type":"post","link":"https:\/\/ferabrajan.com\/portal\/2020\/06\/01\/liberan-a-3-policias-y-2-civiles-que-permanecian-desaparecidos-en-colima\/","title":{"rendered":"Liberan a 3 polic\u00edas y 2 civiles que permanec\u00edan desaparecidos en Colima"},"content":{"rendered":"<p>La <strong>Secretar\u00eda de Seguridad P\u00fablica de Colima<\/strong> confirm\u00f3 que la tarde de este s\u00e1bado fueron liberados tres mujeres polic\u00edas y dos civiles que desde el 28 de mayo fueron privados de su libertad por un <strong>grupo armado en Jalisco<\/strong>; a\u00fan se busca a los otros siete agentes que viajaban con ellos.<\/p>\n<p>Tras ser liberados en los l\u00edmites entre Jalisco y Colima, las cinco personas llegaron por sus propios medios a la ciudad de Colima; a las 21:15 horas las tres polic\u00edas acudieron a las instalaciones de la Secretar\u00eda de Seguridad para informar lo que hab\u00eda ocurrido.<\/p>\n<p>Tras recibir atenci\u00f3n m\u00e9dica y constatar que no presentaban lesiones, las tres se retiraron; seg\u00fan versiones extraoficiales, se\u00f1alaron que sus siete compa\u00f1eros segu\u00edan con vida hasta el medio d\u00eda del s\u00e1bado, cuando el grupo armado que los manten\u00eda cautivos tomo la decisi\u00f3n de separarlos de ellas y los civiles que fueron liberados.<\/p>\n<p>Aunque el s\u00e1bado las autoridades de Colima informaron que los polic\u00edas escoltaban a un grupo de empresarios que llegaron al aeropuerto de Manzanillo y se dirig\u00edan al municipio de La Huerta, en Jalisco, ahora se sabe que los hechos ocurrieron en el <strong>municipio de Cuatitl\u00e1n de Garc\u00eda Barrag\u00e1n<\/strong>, en donde los inversionistas tienen intereses mineros.<\/p>\n<p>Tambi\u00e9n ha trascendido que algunos de los empresarios se trasladaron al sitio en helic\u00f3ptero y volvieron de la misma forma, mientras que los dos civiles privados de su libertad son originarios de Colima.<\/p>\n<p>La zona serrana en donde este grupo fue privado de su libertad tiene una larga historia de conflictos entre mineras legales e ilegales con habitantes de diversas comunidades, adem\u00e1s en esta regi\u00f3n un problema lim\u00edtrofe no resuelto entre Colima y Jalisco complica la situaci\u00f3n de seguridad para los pobladores, en su mayor\u00eda ind\u00edgenas.<\/p>\n<p>afcl<\/p>\n<p>Publicaci\u00f3n Original: <a href=\"https:\/\/www.eluniversal.com.mx\/estados\/liberan-3-policias-y-2-civiles-que-permanecian-desaparecidos-en-colima\" target=\"_blank\" rel=\"noopener noreferrer\">https:\/\/www.eluniversal.com.mx\/estados\/liberan-3-policias-y-2-civiles-que-permanecian-desaparecidos-en-colima<\/a><\/p>\n","protected":false},"excerpt":{"rendered":"<p>La Secretar\u00eda de Seguridad P\u00fablica de Colima confirm\u00f3 que la tarde de este s\u00e1bado fueron liberados tres mujeres polic\u00edas y dos civiles que desde el 28 de mayo fueron privados de su libertad por un grupo armado en Jalisco; a\u00fan se busca a los otros siete agentes que viajaban con ellos. Tras ser liberados en los l\u00edmites entre Jalisco y Colima, las cinco personas llegaron por sus propios medios a la ciudad de Colima; a las 21:15 horas las tres polic\u00edas acudieron a las instalaciones de la Secretar\u00eda de Seguridad para informar lo que hab\u00eda ocurrido. Tras recibir atenci\u00f3n m\u00e9dica y constatar que no presentaban lesiones, las tres se retiraron; seg\u00fan versiones extraoficiales, se\u00f1alaron que sus siete compa\u00f1eros segu\u00edan con vida hasta el medio d\u00eda del s\u00e1bado, cuando el grupo armado que los manten\u00eda cautivos tomo la decisi\u00f3n de separarlos de ellas y los civiles que fueron liberados. Aunque el s\u00e1bado las autoridades de Colima informaron que los polic\u00edas escoltaban a un grupo de empresarios que llegaron al aeropuerto de Manzanillo y se dirig\u00edan al municipio de La Huerta, en Jalisco, ahora se sabe que los hechos ocurrieron en el municipio de Cuatitl\u00e1n de Garc\u00eda Barrag\u00e1n, en donde los inversionistas tienen intereses mineros. Tambi\u00e9n ha trascendido que algunos de los empresarios se trasladaron al sitio en helic\u00f3ptero y volvieron de la misma forma, mientras que los dos civiles privados de su libertad son originarios de Colima. La zona serrana en donde este grupo fue privado de su libertad tiene una larga historia de conflictos entre mineras legales e ilegales con habitantes de diversas comunidades, adem\u00e1s en esta regi\u00f3n un problema lim\u00edtrofe no resuelto entre Colima y Jalisco complica la situaci\u00f3n de seguridad para los pobladores, en su mayor\u00eda ind\u00edgenas. afcl Publicaci\u00f3n Original: https:\/\/www.eluniversal.com.mx\/estados\/liberan-3-policias-y-2-civiles-que-permanecian-desaparecidos-en-colima<\/p>\n","protected":false},"author":1,"featured_media":0,"comment_status":"open","ping_status":"closed","sticky":false,"template":"","format":"standard","meta":{"_monsterinsights_skip_tracking":false,"_uf_show_specific_survey":0,"_uf_disable_surveys":false,"footnotes":""},"categories":[36],"tags":[],"class_list":["post-12504","post","type-post","status-publish","format-standard","hentry","category-el-mundo"],"yoast_head":"<!-- This site is optimized with the Yoast SEO plugin v27.5 - https:\/\/yoast.com\/product\/yoast-seo-wordpress\/ -->\n<title>Liberan a 3 polic\u00edas y 2 civiles que permanec\u00edan desaparecidos en Colima - Fer Abrajan<\/title>\n<meta name=\"robots\" content=\"index, follow, max-snippet:-1, max-image-preview:large, max-video-preview:-1\" \/>\n<link rel=\"canonical\" href=\"https:\/\/ferabrajan.com\/portal\/2020\/06\/01\/liberan-a-3-policias-y-2-civiles-que-permanecian-desaparecidos-en-colima\/\" \/>\n<meta property=\"og:locale\" content=\"es_ES\" \/>\n<meta property=\"og:type\" content=\"article\" \/>\n<meta property=\"og:title\" content=\"Liberan a 3 polic\u00edas y 2 civiles que permanec\u00edan desaparecidos en Colima - Fer Abrajan\" \/>\n<meta property=\"og:description\" content=\"La Secretar\u00eda de Seguridad P\u00fablica de Colima confirm\u00f3 que la tarde de este s\u00e1bado fueron liberados tres mujeres polic\u00edas y dos civiles que desde el 28 de mayo fueron privados de su libertad por un grupo armado en Jalisco; a\u00fan se busca a los otros siete agentes que viajaban con ellos. Tras ser liberados en los l\u00edmites entre Jalisco y Colima, las cinco personas llegaron por sus propios medios a la ciudad de Colima; a las 21:15 horas las tres polic\u00edas acudieron a las instalaciones de la Secretar\u00eda de Seguridad para informar lo que hab\u00eda ocurrido. Tras recibir atenci\u00f3n m\u00e9dica y constatar que no presentaban lesiones, las tres se retiraron; seg\u00fan versiones extraoficiales, se\u00f1alaron que sus siete compa\u00f1eros segu\u00edan con vida hasta el medio d\u00eda del s\u00e1bado, cuando el grupo armado que los manten\u00eda cautivos tomo la decisi\u00f3n de separarlos de ellas y los civiles que fueron liberados. Aunque el s\u00e1bado las autoridades de Colima informaron que los polic\u00edas escoltaban a un grupo de empresarios que llegaron al aeropuerto de Manzanillo y se dirig\u00edan al municipio de La Huerta, en Jalisco, ahora se sabe que los hechos ocurrieron en el municipio de Cuatitl\u00e1n de Garc\u00eda Barrag\u00e1n, en donde los inversionistas tienen intereses mineros. Tambi\u00e9n ha trascendido que algunos de los empresarios se trasladaron al sitio en helic\u00f3ptero y volvieron de la misma forma, mientras que los dos civiles privados de su libertad son originarios de Colima. La zona serrana en donde este grupo fue privado de su libertad tiene una larga historia de conflictos entre mineras legales e ilegales con habitantes de diversas comunidades, adem\u00e1s en esta regi\u00f3n un problema lim\u00edtrofe no resuelto entre Colima y Jalisco complica la situaci\u00f3n de seguridad para los pobladores, en su mayor\u00eda ind\u00edgenas. afcl Publicaci\u00f3n Original: https:\/\/www.eluniversal.com.mx\/estados\/liberan-3-policias-y-2-civiles-que-permanecian-desaparecidos-en-colima\" \/>\n<meta property=\"og:url\" content=\"https:\/\/ferabrajan.com\/portal\/2020\/06\/01\/liberan-a-3-policias-y-2-civiles-que-permanecian-desaparecidos-en-colima\/\" \/>\n<meta property=\"og:site_name\" content=\"Fer Abrajan\" \/>\n<meta property=\"article:publisher\" content=\"https:\/\/www.facebook.com\/NoticiasconFerAbrajan\/\" \/>\n<meta property=\"article:published_time\" content=\"2020-06-01T19:39:00+00:00\" \/>\n<meta name=\"author\" content=\"admin\" \/>\n<meta name=\"twitter:card\" content=\"summary_large_image\" \/>\n<meta name=\"twitter:creator\" content=\"@ferabrajan1\" \/>\n<meta name=\"twitter:site\" content=\"@ferabrajan1\" \/>\n<meta name=\"twitter:label1\" content=\"Escrito por\" \/>\n\t<meta name=\"twitter:data1\" content=\"admin\" \/>\n\t<meta name=\"twitter:label2\" content=\"Tiempo de lectura\" \/>\n\t<meta name=\"twitter:data2\" content=\"2 minutos\" \/>\n<script type=\"application\/ld+json\" class=\"yoast-schema-graph\">{\"@context\":\"https:\\\/\\\/schema.org\",\"@graph\":[{\"@type\":\"Article\",\"@id\":\"https:\\\/\\\/ferabrajan.com\\\/portal\\\/2020\\\/06\\\/01\\\/liberan-a-3-policias-y-2-civiles-que-permanecian-desaparecidos-en-colima\\\/#article\",\"isPartOf\":{\"@id\":\"https:\\\/\\\/ferabrajan.com\\\/portal\\\/2020\\\/06\\\/01\\\/liberan-a-3-policias-y-2-civiles-que-permanecian-desaparecidos-en-colima\\\/\"},\"author\":{\"name\":\"admin\",\"@id\":\"https:\\\/\\\/ferabrajan.com\\\/portal\\\/#\\\/schema\\\/person\\\/f6113b3cb1e036d5c6a9505685b257ba\"},\"headline\":\"Liberan a 3 polic\u00edas y 2 civiles que permanec\u00edan desaparecidos en Colima\",\"datePublished\":\"2020-06-01T19:39:00+00:00\",\"mainEntityOfPage\":{\"@id\":\"https:\\\/\\\/ferabrajan.com\\\/portal\\\/2020\\\/06\\\/01\\\/liberan-a-3-policias-y-2-civiles-que-permanecian-desaparecidos-en-colima\\\/\"},\"wordCount\":345,\"commentCount\":0,\"publisher\":{\"@id\":\"https:\\\/\\\/ferabrajan.com\\\/portal\\\/#organization\"},\"articleSection\":[\"El Mundo\"],\"inLanguage\":\"es\"},{\"@type\":\"WebPage\",\"@id\":\"https:\\\/\\\/ferabrajan.com\\\/portal\\\/2020\\\/06\\\/01\\\/liberan-a-3-policias-y-2-civiles-que-permanecian-desaparecidos-en-colima\\\/\",\"url\":\"https:\\\/\\\/ferabrajan.com\\\/portal\\\/2020\\\/06\\\/01\\\/liberan-a-3-policias-y-2-civiles-que-permanecian-desaparecidos-en-colima\\\/\",\"name\":\"Liberan a 3 polic\u00edas y 2 civiles que permanec\u00edan desaparecidos en Colima - Fer Abrajan\",\"isPartOf\":{\"@id\":\"https:\\\/\\\/ferabrajan.com\\\/portal\\\/#website\"},\"datePublished\":\"2020-06-01T19:39:00+00:00\",\"breadcrumb\":{\"@id\":\"https:\\\/\\\/ferabrajan.com\\\/portal\\\/2020\\\/06\\\/01\\\/liberan-a-3-policias-y-2-civiles-que-permanecian-desaparecidos-en-colima\\\/#breadcrumb\"},\"inLanguage\":\"es\",\"potentialAction\":[{\"@type\":\"ReadAction\",\"target\":[\"https:\\\/\\\/ferabrajan.com\\\/portal\\\/2020\\\/06\\\/01\\\/liberan-a-3-policias-y-2-civiles-que-permanecian-desaparecidos-en-colima\\\/\"]}]},{\"@type\":\"BreadcrumbList\",\"@id\":\"https:\\\/\\\/ferabrajan.com\\\/portal\\\/2020\\\/06\\\/01\\\/liberan-a-3-policias-y-2-civiles-que-permanecian-desaparecidos-en-colima\\\/#breadcrumb\",\"itemListElement\":[{\"@type\":\"ListItem\",\"position\":1,\"name\":\"Portada\",\"item\":\"https:\\\/\\\/ferabrajan.com\\\/portal\\\/\"},{\"@type\":\"ListItem\",\"position\":2,\"name\":\"Liberan a 3 polic\u00edas y 2 civiles que permanec\u00edan desaparecidos en Colima\"}]},{\"@type\":\"WebSite\",\"@id\":\"https:\\\/\\\/ferabrajan.com\\\/portal\\\/#website\",\"url\":\"https:\\\/\\\/ferabrajan.com\\\/portal\\\/\",\"name\":\"Fer Abrajan\",\"description\":\"Noticias de Puebla, opini\u00f3n y radio en vivo\",\"publisher\":{\"@id\":\"https:\\\/\\\/ferabrajan.com\\\/portal\\\/#organization\"},\"potentialAction\":[{\"@type\":\"SearchAction\",\"target\":{\"@type\":\"EntryPoint\",\"urlTemplate\":\"https:\\\/\\\/ferabrajan.com\\\/portal\\\/?s={search_term_string}\"},\"query-input\":{\"@type\":\"PropertyValueSpecification\",\"valueRequired\":true,\"valueName\":\"search_term_string\"}}],\"inLanguage\":\"es\"},{\"@type\":\"Organization\",\"@id\":\"https:\\\/\\\/ferabrajan.com\\\/portal\\\/#organization\",\"name\":\"Fer Abrajan\",\"url\":\"https:\\\/\\\/ferabrajan.com\\\/portal\\\/\",\"logo\":{\"@type\":\"ImageObject\",\"inLanguage\":\"es\",\"@id\":\"https:\\\/\\\/ferabrajan.com\\\/portal\\\/#\\\/schema\\\/logo\\\/image\\\/\",\"url\":\"https:\\\/\\\/ferabrajan.com\\\/portal\\\/wp-content\\\/uploads\\\/2024\\\/10\\\/cropped-logo.jpeg\",\"contentUrl\":\"https:\\\/\\\/ferabrajan.com\\\/portal\\\/wp-content\\\/uploads\\\/2024\\\/10\\\/cropped-logo.jpeg\",\"width\":500,\"height\":250,\"caption\":\"Fer Abrajan\"},\"image\":{\"@id\":\"https:\\\/\\\/ferabrajan.com\\\/portal\\\/#\\\/schema\\\/logo\\\/image\\\/\"},\"sameAs\":[\"https:\\\/\\\/www.facebook.com\\\/NoticiasconFerAbrajan\\\/\",\"https:\\\/\\\/x.com\\\/ferabrajan1\"]},{\"@type\":\"Person\",\"@id\":\"https:\\\/\\\/ferabrajan.com\\\/portal\\\/#\\\/schema\\\/person\\\/f6113b3cb1e036d5c6a9505685b257ba\",\"name\":\"admin\",\"image\":{\"@type\":\"ImageObject\",\"inLanguage\":\"es\",\"@id\":\"https:\\\/\\\/secure.gravatar.com\\\/avatar\\\/072baa72775aad53c748dfc5d3048578e01b6c087eef335459ebfa04344e2d18?s=96&d=mm&r=g\",\"url\":\"https:\\\/\\\/secure.gravatar.com\\\/avatar\\\/072baa72775aad53c748dfc5d3048578e01b6c087eef335459ebfa04344e2d18?s=96&d=mm&r=g\",\"contentUrl\":\"https:\\\/\\\/secure.gravatar.com\\\/avatar\\\/072baa72775aad53c748dfc5d3048578e01b6c087eef335459ebfa04344e2d18?s=96&d=mm&r=g\",\"caption\":\"admin\"},\"sameAs\":[\"https:\\\/\\\/ferabrajan.com\\\/portal\"],\"url\":\"https:\\\/\\\/ferabrajan.com\\\/portal\\\/author\\\/admin\\\/\"}]}<\/script>\n<!-- \/ Yoast SEO plugin. -->","yoast_head_json":{"title":"Liberan a 3 polic\u00edas y 2 civiles que permanec\u00edan desaparecidos en Colima - Fer Abrajan","robots":{"index":"index","follow":"follow","max-snippet":"max-snippet:-1","max-image-preview":"max-image-preview:large","max-video-preview":"max-video-preview:-1"},"canonical":"https:\/\/ferabrajan.com\/portal\/2020\/06\/01\/liberan-a-3-policias-y-2-civiles-que-permanecian-desaparecidos-en-colima\/","og_locale":"es_ES","og_type":"article","og_title":"Liberan a 3 polic\u00edas y 2 civiles que permanec\u00edan desaparecidos en Colima - Fer Abrajan","og_description":"La Secretar\u00eda de Seguridad P\u00fablica de Colima confirm\u00f3 que la tarde de este s\u00e1bado fueron liberados tres mujeres polic\u00edas y dos civiles que desde el 28 de mayo fueron privados de su libertad por un grupo armado en Jalisco; a\u00fan se busca a los otros siete agentes que viajaban con ellos. Tras ser liberados en los l\u00edmites entre Jalisco y Colima, las cinco personas llegaron por sus propios medios a la ciudad de Colima; a las 21:15 horas las tres polic\u00edas acudieron a las instalaciones de la Secretar\u00eda de Seguridad para informar lo que hab\u00eda ocurrido. Tras recibir atenci\u00f3n m\u00e9dica y constatar que no presentaban lesiones, las tres se retiraron; seg\u00fan versiones extraoficiales, se\u00f1alaron que sus siete compa\u00f1eros segu\u00edan con vida hasta el medio d\u00eda del s\u00e1bado, cuando el grupo armado que los manten\u00eda cautivos tomo la decisi\u00f3n de separarlos de ellas y los civiles que fueron liberados. Aunque el s\u00e1bado las autoridades de Colima informaron que los polic\u00edas escoltaban a un grupo de empresarios que llegaron al aeropuerto de Manzanillo y se dirig\u00edan al municipio de La Huerta, en Jalisco, ahora se sabe que los hechos ocurrieron en el municipio de Cuatitl\u00e1n de Garc\u00eda Barrag\u00e1n, en donde los inversionistas tienen intereses mineros. Tambi\u00e9n ha trascendido que algunos de los empresarios se trasladaron al sitio en helic\u00f3ptero y volvieron de la misma forma, mientras que los dos civiles privados de su libertad son originarios de Colima. La zona serrana en donde este grupo fue privado de su libertad tiene una larga historia de conflictos entre mineras legales e ilegales con habitantes de diversas comunidades, adem\u00e1s en esta regi\u00f3n un problema lim\u00edtrofe no resuelto entre Colima y Jalisco complica la situaci\u00f3n de seguridad para los pobladores, en su mayor\u00eda ind\u00edgenas. afcl Publicaci\u00f3n Original: https:\/\/www.eluniversal.com.mx\/estados\/liberan-3-policias-y-2-civiles-que-permanecian-desaparecidos-en-colima","og_url":"https:\/\/ferabrajan.com\/portal\/2020\/06\/01\/liberan-a-3-policias-y-2-civiles-que-permanecian-desaparecidos-en-colima\/","og_site_name":"Fer Abrajan","article_publisher":"https:\/\/www.facebook.com\/NoticiasconFerAbrajan\/","article_published_time":"2020-06-01T19:39:00+00:00","author":"admin","twitter_card":"summary_large_image","twitter_creator":"@ferabrajan1","twitter_site":"@ferabrajan1","twitter_misc":{"Escrito por":"admin","Tiempo de lectura":"2 minutos"},"schema":{"@context":"https:\/\/schema.org","@graph":[{"@type":"Article","@id":"https:\/\/ferabrajan.com\/portal\/2020\/06\/01\/liberan-a-3-policias-y-2-civiles-que-permanecian-desaparecidos-en-colima\/#article","isPartOf":{"@id":"https:\/\/ferabrajan.com\/portal\/2020\/06\/01\/liberan-a-3-policias-y-2-civiles-que-permanecian-desaparecidos-en-colima\/"},"author":{"name":"admin","@id":"https:\/\/ferabrajan.com\/portal\/#\/schema\/person\/f6113b3cb1e036d5c6a9505685b257ba"},"headline":"Liberan a 3 polic\u00edas y 2 civiles que permanec\u00edan desaparecidos en Colima","datePublished":"2020-06-01T19:39:00+00:00","mainEntityOfPage":{"@id":"https:\/\/ferabrajan.com\/portal\/2020\/06\/01\/liberan-a-3-policias-y-2-civiles-que-permanecian-desaparecidos-en-colima\/"},"wordCount":345,"commentCount":0,"publisher":{"@id":"https:\/\/ferabrajan.com\/portal\/#organization"},"articleSection":["El Mundo"],"inLanguage":"es"},{"@type":"WebPage","@id":"https:\/\/ferabrajan.com\/portal\/2020\/06\/01\/liberan-a-3-policias-y-2-civiles-que-permanecian-desaparecidos-en-colima\/","url":"https:\/\/ferabrajan.com\/portal\/2020\/06\/01\/liberan-a-3-policias-y-2-civiles-que-permanecian-desaparecidos-en-colima\/","name":"Liberan a 3 polic\u00edas y 2 civiles que permanec\u00edan desaparecidos en Colima - Fer Abrajan","isPartOf":{"@id":"https:\/\/ferabrajan.com\/portal\/#website"},"datePublished":"2020-06-01T19:39:00+00:00","breadcrumb":{"@id":"https:\/\/ferabrajan.com\/portal\/2020\/06\/01\/liberan-a-3-policias-y-2-civiles-que-permanecian-desaparecidos-en-colima\/#breadcrumb"},"inLanguage":"es","potentialAction":[{"@type":"ReadAction","target":["https:\/\/ferabrajan.com\/portal\/2020\/06\/01\/liberan-a-3-policias-y-2-civiles-que-permanecian-desaparecidos-en-colima\/"]}]},{"@type":"BreadcrumbList","@id":"https:\/\/ferabrajan.com\/portal\/2020\/06\/01\/liberan-a-3-policias-y-2-civiles-que-permanecian-desaparecidos-en-colima\/#breadcrumb","itemListElement":[{"@type":"ListItem","position":1,"name":"Portada","item":"https:\/\/ferabrajan.com\/portal\/"},{"@type":"ListItem","position":2,"name":"Liberan a 3 polic\u00edas y 2 civiles que permanec\u00edan desaparecidos en Colima"}]},{"@type":"WebSite","@id":"https:\/\/ferabrajan.com\/portal\/#website","url":"https:\/\/ferabrajan.com\/portal\/","name":"Fer Abrajan","description":"Noticias de Puebla, opini\u00f3n y radio en vivo","publisher":{"@id":"https:\/\/ferabrajan.com\/portal\/#organization"},"potentialAction":[{"@type":"SearchAction","target":{"@type":"EntryPoint","urlTemplate":"https:\/\/ferabrajan.com\/portal\/?s={search_term_string}"},"query-input":{"@type":"PropertyValueSpecification","valueRequired":true,"valueName":"search_term_string"}}],"inLanguage":"es"},{"@type":"Organization","@id":"https:\/\/ferabrajan.com\/portal\/#organization","name":"Fer Abrajan","url":"https:\/\/ferabrajan.com\/portal\/","logo":{"@type":"ImageObject","inLanguage":"es","@id":"https:\/\/ferabrajan.com\/portal\/#\/schema\/logo\/image\/","url":"https:\/\/ferabrajan.com\/portal\/wp-content\/uploads\/2024\/10\/cropped-logo.jpeg","contentUrl":"https:\/\/ferabrajan.com\/portal\/wp-content\/uploads\/2024\/10\/cropped-logo.jpeg","width":500,"height":250,"caption":"Fer Abrajan"},"image":{"@id":"https:\/\/ferabrajan.com\/portal\/#\/schema\/logo\/image\/"},"sameAs":["https:\/\/www.facebook.com\/NoticiasconFerAbrajan\/","https:\/\/x.com\/ferabrajan1"]},{"@type":"Person","@id":"https:\/\/ferabrajan.com\/portal\/#\/schema\/person\/f6113b3cb1e036d5c6a9505685b257ba","name":"admin","image":{"@type":"ImageObject","inLanguage":"es","@id":"https:\/\/secure.gravatar.com\/avatar\/072baa72775aad53c748dfc5d3048578e01b6c087eef335459ebfa04344e2d18?s=96&d=mm&r=g","url":"https:\/\/secure.gravatar.com\/avatar\/072baa72775aad53c748dfc5d3048578e01b6c087eef335459ebfa04344e2d18?s=96&d=mm&r=g","contentUrl":"https:\/\/secure.gravatar.com\/avatar\/072baa72775aad53c748dfc5d3048578e01b6c087eef335459ebfa04344e2d18?s=96&d=mm&r=g","caption":"admin"},"sameAs":["https:\/\/ferabrajan.com\/portal"],"url":"https:\/\/ferabrajan.com\/portal\/author\/admin\/"}]}},"_links":{"self":[{"href":"https:\/\/ferabrajan.com\/portal\/wp-json\/wp\/v2\/posts\/12504","targetHints":{"allow":["GET"]}}],"collection":[{"href":"https:\/\/ferabrajan.com\/portal\/wp-json\/wp\/v2\/posts"}],"about":[{"href":"https:\/\/ferabrajan.com\/portal\/wp-json\/wp\/v2\/types\/post"}],"author":[{"embeddable":true,"href":"https:\/\/ferabrajan.com\/portal\/wp-json\/wp\/v2\/users\/1"}],"replies":[{"embeddable":true,"href":"https:\/\/ferabrajan.com\/portal\/wp-json\/wp\/v2\/comments?post=12504"}],"version-history":[{"count":0,"href":"https:\/\/ferabrajan.com\/portal\/wp-json\/wp\/v2\/posts\/12504\/revisions"}],"wp:attachment":[{"href":"https:\/\/ferabrajan.com\/portal\/wp-json\/wp\/v2\/media?parent=12504"}],"wp:term":[{"taxonomy":"category","embeddable":true,"href":"https:\/\/ferabrajan.com\/portal\/wp-json\/wp\/v2\/categories?post=12504"},{"taxonomy":"post_tag","embeddable":true,"href":"https:\/\/ferabrajan.com\/portal\/wp-json\/wp\/v2\/tags?post=12504"}],"curies":[{"name":"wp","href":"https:\/\/api.w.org\/{rel}","templated":true}]}}