{"id":12502,"date":"2020-06-01T19:47:00","date_gmt":"2020-06-01T19:47:00","guid":{"rendered":"http:\/\/www.ferabrajan.com\/?p=12502"},"modified":"2020-06-01T19:47:00","modified_gmt":"2020-06-01T19:47:00","slug":"marcelo-barovero-cerca-de-seguir-su-carrera-en-espana","status":"publish","type":"post","link":"https:\/\/ferabrajan.com\/portal\/2020\/06\/01\/marcelo-barovero-cerca-de-seguir-su-carrera-en-espana\/","title":{"rendered":"Marcelo Barovero, cerca de seguir su carrera en Espa\u00f1a"},"content":{"rendered":"<div><img decoding=\"async\" src=\"https:\/\/www.eluniversal.com.mx\/sites\/default\/files\/styles\/f03-651x400\/public\/2020\/05\/31\/barovero.jpg?itok=5SFPZZ0r\" class=\"ff-og-image-inserted\"><\/div>\n<p>El portero <strong>Marcelo Barovero,<\/strong> quien fue campe\u00f3n con <strong>Monterrey e<\/strong>n el futbol mexicano y tercero en la <strong>Copa Mundial de Clubes 2019, s<\/strong>eguir\u00e1 su camino en el equipo Burgos, de la tercera divisi\u00f3n del balompi\u00e9 de Espa\u00f1a.<\/p>\n<p>El Diario de Burgos asegur\u00f3 hoy que el contrato entre ambas partes se puede cerrar en las pr\u00f3ximas horas, luego que el argentino Franco Caselli, quien es hijo del empresario <strong>Antonio Caselli,<\/strong> es presidente del club espa\u00f1ol y lleva d\u00edas en las negociaciones.<\/p>\n<p><strong>Barovero,<\/strong> de 36 a\u00f1os de edad, anunci\u00f3 que ya no renovar\u00e1 su contrato con <strong>Rayados,<\/strong> mismo que termina el 30 de junio, y que tampoco regresar\u00e1 a un equipo de su natal Argentina.<\/p>\n<p>El club Burgos es propiedad del empresario <strong>Antonio Caselli,<\/strong> quien ha convertido a su hijo Franco, de 24 a\u00f1os, en el presidente m\u00e1s joven en la historia de los equipos de futbol de Espa\u00f1a.<\/p>\n<p><strong>Marcelo Barovero s<\/strong>e encontrar\u00e1 en dicho club con sus compatriotas, los mediocampistas Leonardo Pisculichi y Mat\u00edas Rosales.<\/p>\n<p>Informaciones de medios argentinos indican que Marcelo Barovero se va a jugar al Burgos con un salario significativamente menor al que recib\u00eda en Rayados de <strong>Monterrey.<\/strong><\/p>\n<p><em><strong>Tambi\u00e9n te puede interesar:<span>&nbsp;<\/span><a href=\"https:\/\/www.eluniversal.com.mx\/universal-deportes\/futbol\/mls-protesta-por-la-muerte-de-george-floyd\" target=\"_blank\" rel=\"noopener noreferrer\"><span>MLS protesta por la muerte de George Floyd<\/span><\/a><\/strong><\/em><\/p>\n<p>Publicaci\u00f3n Original: <a href=\"https:\/\/www.eluniversal.com.mx\/universal-deportes\/futbol\/marcelo-barovero-cerca-de-seguir-su-carrera-en-espana\" target=\"_blank\" rel=\"noopener noreferrer\">https:\/\/www.eluniversal.com.mx\/universal-deportes\/futbol\/marcelo-barovero-cerca-de-seguir-su-carrera-en-espana<\/a><\/p>\n","protected":false},"excerpt":{"rendered":"<p>El portero Marcelo Barovero, quien fue campe\u00f3n con Monterrey en el futbol mexicano y tercero en la Copa Mundial de Clubes 2019, seguir\u00e1 su camino en el equipo Burgos, de la tercera divisi\u00f3n del balompi\u00e9 de Espa\u00f1a. El Diario de Burgos asegur\u00f3 hoy que el contrato entre ambas partes se puede cerrar en las pr\u00f3ximas horas, luego que el argentino Franco Caselli, quien es hijo del empresario Antonio Caselli, es presidente del club espa\u00f1ol y lleva d\u00edas en las negociaciones. Barovero, de 36 a\u00f1os de edad, anunci\u00f3 que ya no renovar\u00e1 su contrato con Rayados, mismo que termina el 30 de junio, y que tampoco regresar\u00e1 a un equipo de su natal Argentina. El club Burgos es propiedad del empresario Antonio Caselli, quien ha convertido a su hijo Franco, de 24 a\u00f1os, en el presidente m\u00e1s joven en la historia de los equipos de futbol de Espa\u00f1a. Marcelo Barovero se encontrar\u00e1 en dicho club con sus compatriotas, los mediocampistas Leonardo Pisculichi y Mat\u00edas Rosales. Informaciones de medios argentinos indican que Marcelo Barovero se va a jugar al Burgos con un salario significativamente menor al que recib\u00eda en Rayados de Monterrey. Tambi\u00e9n te puede interesar:&nbsp;MLS protesta por la muerte de George Floyd Publicaci\u00f3n Original: https:\/\/www.eluniversal.com.mx\/universal-deportes\/futbol\/marcelo-barovero-cerca-de-seguir-su-carrera-en-espana<\/p>\n","protected":false},"author":1,"featured_media":12503,"comment_status":"open","ping_status":"closed","sticky":false,"template":"","format":"standard","meta":{"_monsterinsights_skip_tracking":false,"_uf_show_specific_survey":0,"_uf_disable_surveys":false,"footnotes":""},"categories":[36],"tags":[],"class_list":["post-12502","post","type-post","status-publish","format-standard","has-post-thumbnail","hentry","category-el-mundo"],"yoast_head":"<!-- This site is optimized with the Yoast SEO plugin v27.5 - https:\/\/yoast.com\/product\/yoast-seo-wordpress\/ -->\n<title>Marcelo Barovero, cerca de seguir su carrera en Espa\u00f1a - Fer Abrajan<\/title>\n<meta name=\"robots\" content=\"index, follow, max-snippet:-1, max-image-preview:large, max-video-preview:-1\" \/>\n<link rel=\"canonical\" href=\"https:\/\/ferabrajan.com\/portal\/2020\/06\/01\/marcelo-barovero-cerca-de-seguir-su-carrera-en-espana\/\" \/>\n<meta property=\"og:locale\" content=\"es_ES\" \/>\n<meta property=\"og:type\" content=\"article\" \/>\n<meta property=\"og:title\" content=\"Marcelo Barovero, cerca de seguir su carrera en Espa\u00f1a - Fer Abrajan\" \/>\n<meta property=\"og:description\" content=\"El portero Marcelo Barovero, quien fue campe\u00f3n con Monterrey en el futbol mexicano y tercero en la Copa Mundial de Clubes 2019, seguir\u00e1 su camino en el equipo Burgos, de la tercera divisi\u00f3n del balompi\u00e9 de Espa\u00f1a. El Diario de Burgos asegur\u00f3 hoy que el contrato entre ambas partes se puede cerrar en las pr\u00f3ximas horas, luego que el argentino Franco Caselli, quien es hijo del empresario Antonio Caselli, es presidente del club espa\u00f1ol y lleva d\u00edas en las negociaciones. Barovero, de 36 a\u00f1os de edad, anunci\u00f3 que ya no renovar\u00e1 su contrato con Rayados, mismo que termina el 30 de junio, y que tampoco regresar\u00e1 a un equipo de su natal Argentina. El club Burgos es propiedad del empresario Antonio Caselli, quien ha convertido a su hijo Franco, de 24 a\u00f1os, en el presidente m\u00e1s joven en la historia de los equipos de futbol de Espa\u00f1a. Marcelo Barovero se encontrar\u00e1 en dicho club con sus compatriotas, los mediocampistas Leonardo Pisculichi y Mat\u00edas Rosales. Informaciones de medios argentinos indican que Marcelo Barovero se va a jugar al Burgos con un salario significativamente menor al que recib\u00eda en Rayados de Monterrey. Tambi\u00e9n te puede interesar:&nbsp;MLS protesta por la muerte de George Floyd Publicaci\u00f3n Original: https:\/\/www.eluniversal.com.mx\/universal-deportes\/futbol\/marcelo-barovero-cerca-de-seguir-su-carrera-en-espana\" \/>\n<meta property=\"og:url\" content=\"https:\/\/ferabrajan.com\/portal\/2020\/06\/01\/marcelo-barovero-cerca-de-seguir-su-carrera-en-espana\/\" \/>\n<meta property=\"og:site_name\" content=\"Fer Abrajan\" \/>\n<meta property=\"article:publisher\" content=\"https:\/\/www.facebook.com\/NoticiasconFerAbrajan\/\" \/>\n<meta property=\"article:published_time\" content=\"2020-06-01T19:47:00+00:00\" \/>\n<meta name=\"author\" content=\"admin\" \/>\n<meta name=\"twitter:card\" content=\"summary_large_image\" \/>\n<meta name=\"twitter:creator\" content=\"@ferabrajan1\" \/>\n<meta name=\"twitter:site\" content=\"@ferabrajan1\" \/>\n<meta name=\"twitter:label1\" content=\"Escrito por\" \/>\n\t<meta name=\"twitter:data1\" content=\"admin\" \/>\n\t<meta name=\"twitter:label2\" content=\"Tiempo de lectura\" \/>\n\t<meta name=\"twitter:data2\" content=\"1 minuto\" \/>\n<script type=\"application\/ld+json\" class=\"yoast-schema-graph\">{\"@context\":\"https:\\\/\\\/schema.org\",\"@graph\":[{\"@type\":\"Article\",\"@id\":\"https:\\\/\\\/ferabrajan.com\\\/portal\\\/2020\\\/06\\\/01\\\/marcelo-barovero-cerca-de-seguir-su-carrera-en-espana\\\/#article\",\"isPartOf\":{\"@id\":\"https:\\\/\\\/ferabrajan.com\\\/portal\\\/2020\\\/06\\\/01\\\/marcelo-barovero-cerca-de-seguir-su-carrera-en-espana\\\/\"},\"author\":{\"name\":\"admin\",\"@id\":\"https:\\\/\\\/ferabrajan.com\\\/portal\\\/#\\\/schema\\\/person\\\/f6113b3cb1e036d5c6a9505685b257ba\"},\"headline\":\"Marcelo Barovero, cerca de seguir su carrera en Espa\u00f1a\",\"datePublished\":\"2020-06-01T19:47:00+00:00\",\"mainEntityOfPage\":{\"@id\":\"https:\\\/\\\/ferabrajan.com\\\/portal\\\/2020\\\/06\\\/01\\\/marcelo-barovero-cerca-de-seguir-su-carrera-en-espana\\\/\"},\"wordCount\":233,\"commentCount\":0,\"publisher\":{\"@id\":\"https:\\\/\\\/ferabrajan.com\\\/portal\\\/#organization\"},\"image\":{\"@id\":\"https:\\\/\\\/ferabrajan.com\\\/portal\\\/2020\\\/06\\\/01\\\/marcelo-barovero-cerca-de-seguir-su-carrera-en-espana\\\/#primaryimage\"},\"thumbnailUrl\":\"\",\"articleSection\":[\"El Mundo\"],\"inLanguage\":\"es\"},{\"@type\":\"WebPage\",\"@id\":\"https:\\\/\\\/ferabrajan.com\\\/portal\\\/2020\\\/06\\\/01\\\/marcelo-barovero-cerca-de-seguir-su-carrera-en-espana\\\/\",\"url\":\"https:\\\/\\\/ferabrajan.com\\\/portal\\\/2020\\\/06\\\/01\\\/marcelo-barovero-cerca-de-seguir-su-carrera-en-espana\\\/\",\"name\":\"Marcelo Barovero, cerca de seguir su carrera en Espa\u00f1a - Fer Abrajan\",\"isPartOf\":{\"@id\":\"https:\\\/\\\/ferabrajan.com\\\/portal\\\/#website\"},\"primaryImageOfPage\":{\"@id\":\"https:\\\/\\\/ferabrajan.com\\\/portal\\\/2020\\\/06\\\/01\\\/marcelo-barovero-cerca-de-seguir-su-carrera-en-espana\\\/#primaryimage\"},\"image\":{\"@id\":\"https:\\\/\\\/ferabrajan.com\\\/portal\\\/2020\\\/06\\\/01\\\/marcelo-barovero-cerca-de-seguir-su-carrera-en-espana\\\/#primaryimage\"},\"thumbnailUrl\":\"\",\"datePublished\":\"2020-06-01T19:47:00+00:00\",\"breadcrumb\":{\"@id\":\"https:\\\/\\\/ferabrajan.com\\\/portal\\\/2020\\\/06\\\/01\\\/marcelo-barovero-cerca-de-seguir-su-carrera-en-espana\\\/#breadcrumb\"},\"inLanguage\":\"es\",\"potentialAction\":[{\"@type\":\"ReadAction\",\"target\":[\"https:\\\/\\\/ferabrajan.com\\\/portal\\\/2020\\\/06\\\/01\\\/marcelo-barovero-cerca-de-seguir-su-carrera-en-espana\\\/\"]}]},{\"@type\":\"ImageObject\",\"inLanguage\":\"es\",\"@id\":\"https:\\\/\\\/ferabrajan.com\\\/portal\\\/2020\\\/06\\\/01\\\/marcelo-barovero-cerca-de-seguir-su-carrera-en-espana\\\/#primaryimage\",\"url\":\"\",\"contentUrl\":\"\"},{\"@type\":\"BreadcrumbList\",\"@id\":\"https:\\\/\\\/ferabrajan.com\\\/portal\\\/2020\\\/06\\\/01\\\/marcelo-barovero-cerca-de-seguir-su-carrera-en-espana\\\/#breadcrumb\",\"itemListElement\":[{\"@type\":\"ListItem\",\"position\":1,\"name\":\"Portada\",\"item\":\"https:\\\/\\\/ferabrajan.com\\\/portal\\\/\"},{\"@type\":\"ListItem\",\"position\":2,\"name\":\"Marcelo Barovero, cerca de seguir su carrera en Espa\u00f1a\"}]},{\"@type\":\"WebSite\",\"@id\":\"https:\\\/\\\/ferabrajan.com\\\/portal\\\/#website\",\"url\":\"https:\\\/\\\/ferabrajan.com\\\/portal\\\/\",\"name\":\"Fer Abrajan\",\"description\":\"Noticias de Puebla, opini\u00f3n y radio en vivo\",\"publisher\":{\"@id\":\"https:\\\/\\\/ferabrajan.com\\\/portal\\\/#organization\"},\"potentialAction\":[{\"@type\":\"SearchAction\",\"target\":{\"@type\":\"EntryPoint\",\"urlTemplate\":\"https:\\\/\\\/ferabrajan.com\\\/portal\\\/?s={search_term_string}\"},\"query-input\":{\"@type\":\"PropertyValueSpecification\",\"valueRequired\":true,\"valueName\":\"search_term_string\"}}],\"inLanguage\":\"es\"},{\"@type\":\"Organization\",\"@id\":\"https:\\\/\\\/ferabrajan.com\\\/portal\\\/#organization\",\"name\":\"Fer Abrajan\",\"url\":\"https:\\\/\\\/ferabrajan.com\\\/portal\\\/\",\"logo\":{\"@type\":\"ImageObject\",\"inLanguage\":\"es\",\"@id\":\"https:\\\/\\\/ferabrajan.com\\\/portal\\\/#\\\/schema\\\/logo\\\/image\\\/\",\"url\":\"https:\\\/\\\/ferabrajan.com\\\/portal\\\/wp-content\\\/uploads\\\/2024\\\/10\\\/cropped-logo.jpeg\",\"contentUrl\":\"https:\\\/\\\/ferabrajan.com\\\/portal\\\/wp-content\\\/uploads\\\/2024\\\/10\\\/cropped-logo.jpeg\",\"width\":500,\"height\":250,\"caption\":\"Fer Abrajan\"},\"image\":{\"@id\":\"https:\\\/\\\/ferabrajan.com\\\/portal\\\/#\\\/schema\\\/logo\\\/image\\\/\"},\"sameAs\":[\"https:\\\/\\\/www.facebook.com\\\/NoticiasconFerAbrajan\\\/\",\"https:\\\/\\\/x.com\\\/ferabrajan1\"]},{\"@type\":\"Person\",\"@id\":\"https:\\\/\\\/ferabrajan.com\\\/portal\\\/#\\\/schema\\\/person\\\/f6113b3cb1e036d5c6a9505685b257ba\",\"name\":\"admin\",\"image\":{\"@type\":\"ImageObject\",\"inLanguage\":\"es\",\"@id\":\"https:\\\/\\\/secure.gravatar.com\\\/avatar\\\/072baa72775aad53c748dfc5d3048578e01b6c087eef335459ebfa04344e2d18?s=96&d=mm&r=g\",\"url\":\"https:\\\/\\\/secure.gravatar.com\\\/avatar\\\/072baa72775aad53c748dfc5d3048578e01b6c087eef335459ebfa04344e2d18?s=96&d=mm&r=g\",\"contentUrl\":\"https:\\\/\\\/secure.gravatar.com\\\/avatar\\\/072baa72775aad53c748dfc5d3048578e01b6c087eef335459ebfa04344e2d18?s=96&d=mm&r=g\",\"caption\":\"admin\"},\"sameAs\":[\"https:\\\/\\\/ferabrajan.com\\\/portal\"],\"url\":\"https:\\\/\\\/ferabrajan.com\\\/portal\\\/author\\\/admin\\\/\"}]}<\/script>\n<!-- \/ Yoast SEO plugin. -->","yoast_head_json":{"title":"Marcelo Barovero, cerca de seguir su carrera en Espa\u00f1a - Fer Abrajan","robots":{"index":"index","follow":"follow","max-snippet":"max-snippet:-1","max-image-preview":"max-image-preview:large","max-video-preview":"max-video-preview:-1"},"canonical":"https:\/\/ferabrajan.com\/portal\/2020\/06\/01\/marcelo-barovero-cerca-de-seguir-su-carrera-en-espana\/","og_locale":"es_ES","og_type":"article","og_title":"Marcelo Barovero, cerca de seguir su carrera en Espa\u00f1a - Fer Abrajan","og_description":"El portero Marcelo Barovero, quien fue campe\u00f3n con Monterrey en el futbol mexicano y tercero en la Copa Mundial de Clubes 2019, seguir\u00e1 su camino en el equipo Burgos, de la tercera divisi\u00f3n del balompi\u00e9 de Espa\u00f1a. El Diario de Burgos asegur\u00f3 hoy que el contrato entre ambas partes se puede cerrar en las pr\u00f3ximas horas, luego que el argentino Franco Caselli, quien es hijo del empresario Antonio Caselli, es presidente del club espa\u00f1ol y lleva d\u00edas en las negociaciones. Barovero, de 36 a\u00f1os de edad, anunci\u00f3 que ya no renovar\u00e1 su contrato con Rayados, mismo que termina el 30 de junio, y que tampoco regresar\u00e1 a un equipo de su natal Argentina. El club Burgos es propiedad del empresario Antonio Caselli, quien ha convertido a su hijo Franco, de 24 a\u00f1os, en el presidente m\u00e1s joven en la historia de los equipos de futbol de Espa\u00f1a. Marcelo Barovero se encontrar\u00e1 en dicho club con sus compatriotas, los mediocampistas Leonardo Pisculichi y Mat\u00edas Rosales. Informaciones de medios argentinos indican que Marcelo Barovero se va a jugar al Burgos con un salario significativamente menor al que recib\u00eda en Rayados de Monterrey. Tambi\u00e9n te puede interesar:&nbsp;MLS protesta por la muerte de George Floyd Publicaci\u00f3n Original: https:\/\/www.eluniversal.com.mx\/universal-deportes\/futbol\/marcelo-barovero-cerca-de-seguir-su-carrera-en-espana","og_url":"https:\/\/ferabrajan.com\/portal\/2020\/06\/01\/marcelo-barovero-cerca-de-seguir-su-carrera-en-espana\/","og_site_name":"Fer Abrajan","article_publisher":"https:\/\/www.facebook.com\/NoticiasconFerAbrajan\/","article_published_time":"2020-06-01T19:47:00+00:00","author":"admin","twitter_card":"summary_large_image","twitter_creator":"@ferabrajan1","twitter_site":"@ferabrajan1","twitter_misc":{"Escrito por":"admin","Tiempo de lectura":"1 minuto"},"schema":{"@context":"https:\/\/schema.org","@graph":[{"@type":"Article","@id":"https:\/\/ferabrajan.com\/portal\/2020\/06\/01\/marcelo-barovero-cerca-de-seguir-su-carrera-en-espana\/#article","isPartOf":{"@id":"https:\/\/ferabrajan.com\/portal\/2020\/06\/01\/marcelo-barovero-cerca-de-seguir-su-carrera-en-espana\/"},"author":{"name":"admin","@id":"https:\/\/ferabrajan.com\/portal\/#\/schema\/person\/f6113b3cb1e036d5c6a9505685b257ba"},"headline":"Marcelo Barovero, cerca de seguir su carrera en Espa\u00f1a","datePublished":"2020-06-01T19:47:00+00:00","mainEntityOfPage":{"@id":"https:\/\/ferabrajan.com\/portal\/2020\/06\/01\/marcelo-barovero-cerca-de-seguir-su-carrera-en-espana\/"},"wordCount":233,"commentCount":0,"publisher":{"@id":"https:\/\/ferabrajan.com\/portal\/#organization"},"image":{"@id":"https:\/\/ferabrajan.com\/portal\/2020\/06\/01\/marcelo-barovero-cerca-de-seguir-su-carrera-en-espana\/#primaryimage"},"thumbnailUrl":"","articleSection":["El Mundo"],"inLanguage":"es"},{"@type":"WebPage","@id":"https:\/\/ferabrajan.com\/portal\/2020\/06\/01\/marcelo-barovero-cerca-de-seguir-su-carrera-en-espana\/","url":"https:\/\/ferabrajan.com\/portal\/2020\/06\/01\/marcelo-barovero-cerca-de-seguir-su-carrera-en-espana\/","name":"Marcelo Barovero, cerca de seguir su carrera en Espa\u00f1a - Fer Abrajan","isPartOf":{"@id":"https:\/\/ferabrajan.com\/portal\/#website"},"primaryImageOfPage":{"@id":"https:\/\/ferabrajan.com\/portal\/2020\/06\/01\/marcelo-barovero-cerca-de-seguir-su-carrera-en-espana\/#primaryimage"},"image":{"@id":"https:\/\/ferabrajan.com\/portal\/2020\/06\/01\/marcelo-barovero-cerca-de-seguir-su-carrera-en-espana\/#primaryimage"},"thumbnailUrl":"","datePublished":"2020-06-01T19:47:00+00:00","breadcrumb":{"@id":"https:\/\/ferabrajan.com\/portal\/2020\/06\/01\/marcelo-barovero-cerca-de-seguir-su-carrera-en-espana\/#breadcrumb"},"inLanguage":"es","potentialAction":[{"@type":"ReadAction","target":["https:\/\/ferabrajan.com\/portal\/2020\/06\/01\/marcelo-barovero-cerca-de-seguir-su-carrera-en-espana\/"]}]},{"@type":"ImageObject","inLanguage":"es","@id":"https:\/\/ferabrajan.com\/portal\/2020\/06\/01\/marcelo-barovero-cerca-de-seguir-su-carrera-en-espana\/#primaryimage","url":"","contentUrl":""},{"@type":"BreadcrumbList","@id":"https:\/\/ferabrajan.com\/portal\/2020\/06\/01\/marcelo-barovero-cerca-de-seguir-su-carrera-en-espana\/#breadcrumb","itemListElement":[{"@type":"ListItem","position":1,"name":"Portada","item":"https:\/\/ferabrajan.com\/portal\/"},{"@type":"ListItem","position":2,"name":"Marcelo Barovero, cerca de seguir su carrera en Espa\u00f1a"}]},{"@type":"WebSite","@id":"https:\/\/ferabrajan.com\/portal\/#website","url":"https:\/\/ferabrajan.com\/portal\/","name":"Fer Abrajan","description":"Noticias de Puebla, opini\u00f3n y radio en vivo","publisher":{"@id":"https:\/\/ferabrajan.com\/portal\/#organization"},"potentialAction":[{"@type":"SearchAction","target":{"@type":"EntryPoint","urlTemplate":"https:\/\/ferabrajan.com\/portal\/?s={search_term_string}"},"query-input":{"@type":"PropertyValueSpecification","valueRequired":true,"valueName":"search_term_string"}}],"inLanguage":"es"},{"@type":"Organization","@id":"https:\/\/ferabrajan.com\/portal\/#organization","name":"Fer Abrajan","url":"https:\/\/ferabrajan.com\/portal\/","logo":{"@type":"ImageObject","inLanguage":"es","@id":"https:\/\/ferabrajan.com\/portal\/#\/schema\/logo\/image\/","url":"https:\/\/ferabrajan.com\/portal\/wp-content\/uploads\/2024\/10\/cropped-logo.jpeg","contentUrl":"https:\/\/ferabrajan.com\/portal\/wp-content\/uploads\/2024\/10\/cropped-logo.jpeg","width":500,"height":250,"caption":"Fer Abrajan"},"image":{"@id":"https:\/\/ferabrajan.com\/portal\/#\/schema\/logo\/image\/"},"sameAs":["https:\/\/www.facebook.com\/NoticiasconFerAbrajan\/","https:\/\/x.com\/ferabrajan1"]},{"@type":"Person","@id":"https:\/\/ferabrajan.com\/portal\/#\/schema\/person\/f6113b3cb1e036d5c6a9505685b257ba","name":"admin","image":{"@type":"ImageObject","inLanguage":"es","@id":"https:\/\/secure.gravatar.com\/avatar\/072baa72775aad53c748dfc5d3048578e01b6c087eef335459ebfa04344e2d18?s=96&d=mm&r=g","url":"https:\/\/secure.gravatar.com\/avatar\/072baa72775aad53c748dfc5d3048578e01b6c087eef335459ebfa04344e2d18?s=96&d=mm&r=g","contentUrl":"https:\/\/secure.gravatar.com\/avatar\/072baa72775aad53c748dfc5d3048578e01b6c087eef335459ebfa04344e2d18?s=96&d=mm&r=g","caption":"admin"},"sameAs":["https:\/\/ferabrajan.com\/portal"],"url":"https:\/\/ferabrajan.com\/portal\/author\/admin\/"}]}},"_links":{"self":[{"href":"https:\/\/ferabrajan.com\/portal\/wp-json\/wp\/v2\/posts\/12502","targetHints":{"allow":["GET"]}}],"collection":[{"href":"https:\/\/ferabrajan.com\/portal\/wp-json\/wp\/v2\/posts"}],"about":[{"href":"https:\/\/ferabrajan.com\/portal\/wp-json\/wp\/v2\/types\/post"}],"author":[{"embeddable":true,"href":"https:\/\/ferabrajan.com\/portal\/wp-json\/wp\/v2\/users\/1"}],"replies":[{"embeddable":true,"href":"https:\/\/ferabrajan.com\/portal\/wp-json\/wp\/v2\/comments?post=12502"}],"version-history":[{"count":0,"href":"https:\/\/ferabrajan.com\/portal\/wp-json\/wp\/v2\/posts\/12502\/revisions"}],"wp:attachment":[{"href":"https:\/\/ferabrajan.com\/portal\/wp-json\/wp\/v2\/media?parent=12502"}],"wp:term":[{"taxonomy":"category","embeddable":true,"href":"https:\/\/ferabrajan.com\/portal\/wp-json\/wp\/v2\/categories?post=12502"},{"taxonomy":"post_tag","embeddable":true,"href":"https:\/\/ferabrajan.com\/portal\/wp-json\/wp\/v2\/tags?post=12502"}],"curies":[{"name":"wp","href":"https:\/\/api.w.org\/{rel}","templated":true}]}}