{"id":12497,"date":"2020-05-31T23:39:05","date_gmt":"2020-05-31T23:39:05","guid":{"rendered":"https:\/\/www.elsoldepuebla.com.mx\/local\/hay-muchos-diputados-que-fuman-cuestionan-ante-dilacion-para-aprobar-ley-antitabaco-en-puebla-5303256.html"},"modified":"2020-05-31T23:39:05","modified_gmt":"2020-05-31T23:39:05","slug":"hay-muchos-diputados-que-fuman-cuestionan-ante-dilacion-para-aprobar-ley-antitabaco","status":"publish","type":"post","link":"https:\/\/ferabrajan.com\/portal\/2020\/05\/31\/hay-muchos-diputados-que-fuman-cuestionan-ante-dilacion-para-aprobar-ley-antitabaco\/","title":{"rendered":"&quot;Hay muchos diputados que fuman&quot;, cuestionan ante dilaci\u00f3n para aprobar Ley Antitabaco"},"content":{"rendered":"<div><img decoding=\"async\" src=\"https:\/\/www.elsoldepuebla.com.mx\/doble-via\/salud\/jetaf6-vaporizacion-cigarros-electronicos.jpg\/ALTERNATES\/LANDSCAPE_1140\/vaporizacion%20cigarros%20electronicos.jpg\" class=\"ff-og-image-inserted\"><\/div>\n<p>Casi medio a\u00f1o despu\u00e9s de que la Ley Antitabaco fue aprobada en comisiones del Congreso del Estado, la Junta de Gobierno y Coordinaci\u00f3n Pol\u00edtica que preside el diputado de Morena, Gabriel Biestro Medinilla, no la ha sometido a votaci\u00f3n del pleno legislativo.<\/p>\n<p><strong>As\u00ed lo critic\u00f3 Brahim Zamora, integrante del Observatorio Ciudadano de Derechos Sexuales y Reproductivos, en el marco del D\u00eda Mundial Sin Tabaco este 31 de mayo, al recordar que en diciembre de 2019 las comisiones de Gobernaci\u00f3n y Salud aprobaron la creaci\u00f3n de la ley a fin de eliminar las zonas de humo de los establecimientos cerrados.<\/strong><\/p>\n<p>Consider\u00f3 que la raz\u00f3n por la que los diputados no han aprobado la norma es porque la ven como asunto pol\u00edtico y no de salud p\u00fablica, adem\u00e1s de que no es una iniciativa enviada por el gobernador Miguel Barbosa, a quien pidi\u00f3 hacerla propia para que sea votada en breve.<\/p>\n<article class=\"local media col-md-4 inline-story\"> <\/article>\n<p>\u201cHay muchos diputados que fuman, no me gustar\u00eda pensar que est\u00e1n anteponiendo su h\u00e1bito a la salud p\u00fablica, que ese sea un motivo personal como para no considerar este como un tema prioritario, de suma importancia. Consideramos que hay ciertos bloqueos o conflicto de inter\u00e9s, el diputado Juan Pablo Kuri tiene inter\u00e9s en los casinos y hubo un intento por hacer que en el documento se exentaran los casinos, eso se logr\u00f3 brincar\u201d, dijo.<\/p>\n<p><strong>En conferencia de prensa virtual, Brahim Zamora manifest\u00f3 que la salud p\u00fablica es de urgencia nacional y debe ser prioridad para cualquier tomador de decisiones en el estado y el pa\u00eds, ya que la pandemia del Covid-19 es in\u00e9dita para las generaciones actuales.<\/strong><\/p>\n<p>Con la Ley Antitabaco se busca reducir lo m\u00e1s posible el da\u00f1o no solo por el virus sino las muertes por consumo de tabaco, ya que fumar es un factor de riesgo para la comorbilidad.<\/p>\n<article class=\"doble-via media col-md-4 inline-story\"> <\/article>\n<p>Estim\u00f3 que a las estad\u00edsticas de fallecimiento por coronavirus se sumar\u00e1n las atribuibles al consumo de tabaco, de modo que son necesarias medidas eficaces para disminuir el n\u00famero de fumadores y que los diputados locales dejen de seguir violentando el proceso legislativo y cayendo en dilaci\u00f3n, toda vez que los tiempos son claros para votar una ley.<\/p>\n<p>\u201cUna ley ya dictaminada no puede quedarse en la congeladora, sin votar, porque eso afecta la productividad legislativa, es importante que esas iniciativas se vayan solventando, sobre todo las que ya est\u00e1n dictaminadas, el rezago es grave. La votaci\u00f3n se tiene que dar en este periodo (ordinario de sesiones), no pueden ser indolentes frente a la situaci\u00f3n\u201d, remat\u00f3.<\/p>\n<p>Zamora cit\u00f3 que por d\u00eda ocurren 13 muertes atribuibles al consumo de tabaco en la entidad, equivalente a alrededor de 4 mil 500 defunciones al a\u00f1o y que en 2019 se destinaron 266 millones de pesos a la atenci\u00f3n hospitalaria sin tomar en cuenta costos indirectos.<\/p>\n<article class=\"local media col-md-4 inline-story\"> <\/article>\n<article class=\"doble-via_salud media col-md-4 inline-story\"> <\/article>\n<article class=\"doble-via_salud media col-md-4 inline-story\"> <\/article>\n<p>Publicaci\u00f3n Original: <a href=\"https:\/\/www.elsoldepuebla.com.mx\/local\/hay-muchos-diputados-que-fuman-cuestionan-ante-dilacion-para-aprobar-ley-antitabaco-en-puebla-5303256.html\" target=\"_blank\" rel=\"noopener noreferrer\">https:\/\/www.elsoldepuebla.com.mx\/local\/hay-muchos-diputados-que-fuman-cuestionan-ante-dilacion-para-aprobar-ley-antitabaco-en-puebla-5303256.html<\/a><\/p>\n","protected":false},"excerpt":{"rendered":"<p>Casi medio a\u00f1o despu\u00e9s de que la Ley Antitabaco fue aprobada en comisiones del Congreso del Estado, la Junta de Gobierno y Coordinaci\u00f3n Pol\u00edtica que preside el diputado de Morena, Gabriel Biestro Medinilla, no la ha sometido a votaci\u00f3n del pleno legislativo. As\u00ed lo critic\u00f3 Brahim Zamora, integrante del Observatorio Ciudadano de Derechos Sexuales y Reproductivos, en el marco del D\u00eda Mundial Sin Tabaco este 31 de mayo, al recordar que en diciembre de 2019 las comisiones de Gobernaci\u00f3n y Salud aprobaron la creaci\u00f3n de la ley a fin de eliminar las zonas de humo de los establecimientos cerrados. Consider\u00f3 que la raz\u00f3n por la que los diputados no han aprobado la norma es porque la ven como asunto pol\u00edtico y no de salud p\u00fablica, adem\u00e1s de que no es una iniciativa enviada por el gobernador Miguel Barbosa, a quien pidi\u00f3 hacerla propia para que sea votada en breve. \u201cHay muchos diputados que fuman, no me gustar\u00eda pensar que est\u00e1n anteponiendo su h\u00e1bito a la salud p\u00fablica, que ese sea un motivo personal como para no considerar este como un tema prioritario, de suma importancia. Consideramos que hay ciertos bloqueos o conflicto de inter\u00e9s, el diputado Juan Pablo Kuri tiene inter\u00e9s en los casinos y hubo un intento por hacer que en el documento se exentaran los casinos, eso se logr\u00f3 brincar\u201d, dijo. En conferencia de prensa virtual, Brahim Zamora manifest\u00f3 que la salud p\u00fablica es de urgencia nacional y debe ser prioridad para cualquier tomador de decisiones en el estado y el pa\u00eds, ya que la pandemia del Covid-19 es in\u00e9dita para las generaciones actuales. Con la Ley Antitabaco se busca reducir lo m\u00e1s posible el da\u00f1o no solo por el virus sino las muertes por consumo de tabaco, ya que fumar es un factor de riesgo para la comorbilidad. Estim\u00f3 que a las estad\u00edsticas de fallecimiento por coronavirus se sumar\u00e1n las atribuibles al consumo de tabaco, de modo que son necesarias medidas eficaces para disminuir el n\u00famero de fumadores y que los diputados locales dejen de seguir violentando el proceso legislativo y cayendo en dilaci\u00f3n, toda vez que los tiempos son claros para votar una ley. \u201cUna ley ya dictaminada no puede quedarse en la congeladora, sin votar, porque eso afecta la productividad legislativa, es importante que esas iniciativas se vayan solventando, sobre todo las que ya est\u00e1n dictaminadas, el rezago es grave. La votaci\u00f3n se tiene que dar en este periodo (ordinario de sesiones), no pueden ser indolentes frente a la situaci\u00f3n\u201d, remat\u00f3. Zamora cit\u00f3 que por d\u00eda ocurren 13 muertes atribuibles al consumo de tabaco en la entidad, equivalente a alrededor de 4 mil 500 defunciones al a\u00f1o y que en 2019 se destinaron 266 millones de pesos a la atenci\u00f3n hospitalaria sin tomar en cuenta costos indirectos. Publicaci\u00f3n Original: https:\/\/www.elsoldepuebla.com.mx\/local\/hay-muchos-diputados-que-fuman-cuestionan-ante-dilacion-para-aprobar-ley-antitabaco-en-puebla-5303256.html<\/p>\n","protected":false},"author":1,"featured_media":12501,"comment_status":"closed","ping_status":"closed","sticky":false,"template":"","format":"standard","meta":{"_monsterinsights_skip_tracking":false,"_uf_show_specific_survey":0,"_uf_disable_surveys":false,"footnotes":""},"categories":[53,34],"tags":[],"class_list":["post-12497","post","type-post","status-publish","format-standard","has-post-thumbnail","hentry","category-local","category-puebla"],"yoast_head":"<!-- This site is optimized with the Yoast SEO plugin v27.5 - https:\/\/yoast.com\/product\/yoast-seo-wordpress\/ -->\n<title>&quot;Hay muchos diputados que fuman&quot;, cuestionan ante dilaci\u00f3n para aprobar Ley Antitabaco - Fer Abrajan<\/title>\n<meta name=\"robots\" content=\"index, follow, max-snippet:-1, max-image-preview:large, max-video-preview:-1\" \/>\n<link rel=\"canonical\" href=\"https:\/\/ferabrajan.com\/portal\/2020\/05\/31\/hay-muchos-diputados-que-fuman-cuestionan-ante-dilacion-para-aprobar-ley-antitabaco\/\" \/>\n<meta property=\"og:locale\" content=\"es_ES\" \/>\n<meta property=\"og:type\" content=\"article\" \/>\n<meta property=\"og:title\" content=\"&quot;Hay muchos diputados que fuman&quot;, cuestionan ante dilaci\u00f3n para aprobar Ley Antitabaco - Fer Abrajan\" \/>\n<meta property=\"og:description\" content=\"Casi medio a\u00f1o despu\u00e9s de que la Ley Antitabaco fue aprobada en comisiones del Congreso del Estado, la Junta de Gobierno y Coordinaci\u00f3n Pol\u00edtica que preside el diputado de Morena, Gabriel Biestro Medinilla, no la ha sometido a votaci\u00f3n del pleno legislativo. As\u00ed lo critic\u00f3 Brahim Zamora, integrante del Observatorio Ciudadano de Derechos Sexuales y Reproductivos, en el marco del D\u00eda Mundial Sin Tabaco este 31 de mayo, al recordar que en diciembre de 2019 las comisiones de Gobernaci\u00f3n y Salud aprobaron la creaci\u00f3n de la ley a fin de eliminar las zonas de humo de los establecimientos cerrados. Consider\u00f3 que la raz\u00f3n por la que los diputados no han aprobado la norma es porque la ven como asunto pol\u00edtico y no de salud p\u00fablica, adem\u00e1s de que no es una iniciativa enviada por el gobernador Miguel Barbosa, a quien pidi\u00f3 hacerla propia para que sea votada en breve. \u201cHay muchos diputados que fuman, no me gustar\u00eda pensar que est\u00e1n anteponiendo su h\u00e1bito a la salud p\u00fablica, que ese sea un motivo personal como para no considerar este como un tema prioritario, de suma importancia. Consideramos que hay ciertos bloqueos o conflicto de inter\u00e9s, el diputado Juan Pablo Kuri tiene inter\u00e9s en los casinos y hubo un intento por hacer que en el documento se exentaran los casinos, eso se logr\u00f3 brincar\u201d, dijo. En conferencia de prensa virtual, Brahim Zamora manifest\u00f3 que la salud p\u00fablica es de urgencia nacional y debe ser prioridad para cualquier tomador de decisiones en el estado y el pa\u00eds, ya que la pandemia del Covid-19 es in\u00e9dita para las generaciones actuales. Con la Ley Antitabaco se busca reducir lo m\u00e1s posible el da\u00f1o no solo por el virus sino las muertes por consumo de tabaco, ya que fumar es un factor de riesgo para la comorbilidad. Estim\u00f3 que a las estad\u00edsticas de fallecimiento por coronavirus se sumar\u00e1n las atribuibles al consumo de tabaco, de modo que son necesarias medidas eficaces para disminuir el n\u00famero de fumadores y que los diputados locales dejen de seguir violentando el proceso legislativo y cayendo en dilaci\u00f3n, toda vez que los tiempos son claros para votar una ley. \u201cUna ley ya dictaminada no puede quedarse en la congeladora, sin votar, porque eso afecta la productividad legislativa, es importante que esas iniciativas se vayan solventando, sobre todo las que ya est\u00e1n dictaminadas, el rezago es grave. La votaci\u00f3n se tiene que dar en este periodo (ordinario de sesiones), no pueden ser indolentes frente a la situaci\u00f3n\u201d, remat\u00f3. Zamora cit\u00f3 que por d\u00eda ocurren 13 muertes atribuibles al consumo de tabaco en la entidad, equivalente a alrededor de 4 mil 500 defunciones al a\u00f1o y que en 2019 se destinaron 266 millones de pesos a la atenci\u00f3n hospitalaria sin tomar en cuenta costos indirectos. Publicaci\u00f3n Original: https:\/\/www.elsoldepuebla.com.mx\/local\/hay-muchos-diputados-que-fuman-cuestionan-ante-dilacion-para-aprobar-ley-antitabaco-en-puebla-5303256.html\" \/>\n<meta property=\"og:url\" content=\"https:\/\/ferabrajan.com\/portal\/2020\/05\/31\/hay-muchos-diputados-que-fuman-cuestionan-ante-dilacion-para-aprobar-ley-antitabaco\/\" \/>\n<meta property=\"og:site_name\" content=\"Fer Abrajan\" \/>\n<meta property=\"article:publisher\" content=\"https:\/\/www.facebook.com\/NoticiasconFerAbrajan\/\" \/>\n<meta property=\"article:published_time\" content=\"2020-05-31T23:39:05+00:00\" \/>\n<meta name=\"author\" content=\"admin\" \/>\n<meta name=\"twitter:card\" content=\"summary_large_image\" \/>\n<meta name=\"twitter:creator\" content=\"@ferabrajan1\" \/>\n<meta name=\"twitter:site\" content=\"@ferabrajan1\" \/>\n<meta name=\"twitter:label1\" content=\"Escrito por\" \/>\n\t<meta name=\"twitter:data1\" content=\"admin\" \/>\n\t<meta name=\"twitter:label2\" content=\"Tiempo de lectura\" \/>\n\t<meta name=\"twitter:data2\" content=\"2 minutos\" \/>\n<script type=\"application\/ld+json\" class=\"yoast-schema-graph\">{\"@context\":\"https:\\\/\\\/schema.org\",\"@graph\":[{\"@type\":\"Article\",\"@id\":\"https:\\\/\\\/ferabrajan.com\\\/portal\\\/2020\\\/05\\\/31\\\/hay-muchos-diputados-que-fuman-cuestionan-ante-dilacion-para-aprobar-ley-antitabaco\\\/#article\",\"isPartOf\":{\"@id\":\"https:\\\/\\\/ferabrajan.com\\\/portal\\\/2020\\\/05\\\/31\\\/hay-muchos-diputados-que-fuman-cuestionan-ante-dilacion-para-aprobar-ley-antitabaco\\\/\"},\"author\":{\"name\":\"admin\",\"@id\":\"https:\\\/\\\/ferabrajan.com\\\/portal\\\/#\\\/schema\\\/person\\\/f6113b3cb1e036d5c6a9505685b257ba\"},\"headline\":\"&quot;Hay muchos diputados que fuman&quot;, cuestionan ante dilaci\u00f3n para aprobar Ley Antitabaco\",\"datePublished\":\"2020-05-31T23:39:05+00:00\",\"mainEntityOfPage\":{\"@id\":\"https:\\\/\\\/ferabrajan.com\\\/portal\\\/2020\\\/05\\\/31\\\/hay-muchos-diputados-que-fuman-cuestionan-ante-dilacion-para-aprobar-ley-antitabaco\\\/\"},\"wordCount\":514,\"publisher\":{\"@id\":\"https:\\\/\\\/ferabrajan.com\\\/portal\\\/#organization\"},\"image\":{\"@id\":\"https:\\\/\\\/ferabrajan.com\\\/portal\\\/2020\\\/05\\\/31\\\/hay-muchos-diputados-que-fuman-cuestionan-ante-dilacion-para-aprobar-ley-antitabaco\\\/#primaryimage\"},\"thumbnailUrl\":\"\",\"articleSection\":[\"Local\",\"Puebla\"],\"inLanguage\":\"es\"},{\"@type\":\"WebPage\",\"@id\":\"https:\\\/\\\/ferabrajan.com\\\/portal\\\/2020\\\/05\\\/31\\\/hay-muchos-diputados-que-fuman-cuestionan-ante-dilacion-para-aprobar-ley-antitabaco\\\/\",\"url\":\"https:\\\/\\\/ferabrajan.com\\\/portal\\\/2020\\\/05\\\/31\\\/hay-muchos-diputados-que-fuman-cuestionan-ante-dilacion-para-aprobar-ley-antitabaco\\\/\",\"name\":\"&quot;Hay muchos diputados que fuman&quot;, cuestionan ante dilaci\u00f3n para aprobar Ley Antitabaco - Fer Abrajan\",\"isPartOf\":{\"@id\":\"https:\\\/\\\/ferabrajan.com\\\/portal\\\/#website\"},\"primaryImageOfPage\":{\"@id\":\"https:\\\/\\\/ferabrajan.com\\\/portal\\\/2020\\\/05\\\/31\\\/hay-muchos-diputados-que-fuman-cuestionan-ante-dilacion-para-aprobar-ley-antitabaco\\\/#primaryimage\"},\"image\":{\"@id\":\"https:\\\/\\\/ferabrajan.com\\\/portal\\\/2020\\\/05\\\/31\\\/hay-muchos-diputados-que-fuman-cuestionan-ante-dilacion-para-aprobar-ley-antitabaco\\\/#primaryimage\"},\"thumbnailUrl\":\"\",\"datePublished\":\"2020-05-31T23:39:05+00:00\",\"breadcrumb\":{\"@id\":\"https:\\\/\\\/ferabrajan.com\\\/portal\\\/2020\\\/05\\\/31\\\/hay-muchos-diputados-que-fuman-cuestionan-ante-dilacion-para-aprobar-ley-antitabaco\\\/#breadcrumb\"},\"inLanguage\":\"es\",\"potentialAction\":[{\"@type\":\"ReadAction\",\"target\":[\"https:\\\/\\\/ferabrajan.com\\\/portal\\\/2020\\\/05\\\/31\\\/hay-muchos-diputados-que-fuman-cuestionan-ante-dilacion-para-aprobar-ley-antitabaco\\\/\"]}]},{\"@type\":\"ImageObject\",\"inLanguage\":\"es\",\"@id\":\"https:\\\/\\\/ferabrajan.com\\\/portal\\\/2020\\\/05\\\/31\\\/hay-muchos-diputados-que-fuman-cuestionan-ante-dilacion-para-aprobar-ley-antitabaco\\\/#primaryimage\",\"url\":\"\",\"contentUrl\":\"\"},{\"@type\":\"BreadcrumbList\",\"@id\":\"https:\\\/\\\/ferabrajan.com\\\/portal\\\/2020\\\/05\\\/31\\\/hay-muchos-diputados-que-fuman-cuestionan-ante-dilacion-para-aprobar-ley-antitabaco\\\/#breadcrumb\",\"itemListElement\":[{\"@type\":\"ListItem\",\"position\":1,\"name\":\"Portada\",\"item\":\"https:\\\/\\\/ferabrajan.com\\\/portal\\\/\"},{\"@type\":\"ListItem\",\"position\":2,\"name\":\"&quot;Hay muchos diputados que fuman&quot;, cuestionan ante dilaci\u00f3n para aprobar Ley Antitabaco\"}]},{\"@type\":\"WebSite\",\"@id\":\"https:\\\/\\\/ferabrajan.com\\\/portal\\\/#website\",\"url\":\"https:\\\/\\\/ferabrajan.com\\\/portal\\\/\",\"name\":\"Fer Abrajan\",\"description\":\"Noticias de Puebla, opini\u00f3n y radio en vivo\",\"publisher\":{\"@id\":\"https:\\\/\\\/ferabrajan.com\\\/portal\\\/#organization\"},\"potentialAction\":[{\"@type\":\"SearchAction\",\"target\":{\"@type\":\"EntryPoint\",\"urlTemplate\":\"https:\\\/\\\/ferabrajan.com\\\/portal\\\/?s={search_term_string}\"},\"query-input\":{\"@type\":\"PropertyValueSpecification\",\"valueRequired\":true,\"valueName\":\"search_term_string\"}}],\"inLanguage\":\"es\"},{\"@type\":\"Organization\",\"@id\":\"https:\\\/\\\/ferabrajan.com\\\/portal\\\/#organization\",\"name\":\"Fer Abrajan\",\"url\":\"https:\\\/\\\/ferabrajan.com\\\/portal\\\/\",\"logo\":{\"@type\":\"ImageObject\",\"inLanguage\":\"es\",\"@id\":\"https:\\\/\\\/ferabrajan.com\\\/portal\\\/#\\\/schema\\\/logo\\\/image\\\/\",\"url\":\"https:\\\/\\\/ferabrajan.com\\\/portal\\\/wp-content\\\/uploads\\\/2024\\\/10\\\/cropped-logo.jpeg\",\"contentUrl\":\"https:\\\/\\\/ferabrajan.com\\\/portal\\\/wp-content\\\/uploads\\\/2024\\\/10\\\/cropped-logo.jpeg\",\"width\":500,\"height\":250,\"caption\":\"Fer Abrajan\"},\"image\":{\"@id\":\"https:\\\/\\\/ferabrajan.com\\\/portal\\\/#\\\/schema\\\/logo\\\/image\\\/\"},\"sameAs\":[\"https:\\\/\\\/www.facebook.com\\\/NoticiasconFerAbrajan\\\/\",\"https:\\\/\\\/x.com\\\/ferabrajan1\"]},{\"@type\":\"Person\",\"@id\":\"https:\\\/\\\/ferabrajan.com\\\/portal\\\/#\\\/schema\\\/person\\\/f6113b3cb1e036d5c6a9505685b257ba\",\"name\":\"admin\",\"image\":{\"@type\":\"ImageObject\",\"inLanguage\":\"es\",\"@id\":\"https:\\\/\\\/secure.gravatar.com\\\/avatar\\\/072baa72775aad53c748dfc5d3048578e01b6c087eef335459ebfa04344e2d18?s=96&d=mm&r=g\",\"url\":\"https:\\\/\\\/secure.gravatar.com\\\/avatar\\\/072baa72775aad53c748dfc5d3048578e01b6c087eef335459ebfa04344e2d18?s=96&d=mm&r=g\",\"contentUrl\":\"https:\\\/\\\/secure.gravatar.com\\\/avatar\\\/072baa72775aad53c748dfc5d3048578e01b6c087eef335459ebfa04344e2d18?s=96&d=mm&r=g\",\"caption\":\"admin\"},\"sameAs\":[\"https:\\\/\\\/ferabrajan.com\\\/portal\"],\"url\":\"https:\\\/\\\/ferabrajan.com\\\/portal\\\/author\\\/admin\\\/\"}]}<\/script>\n<!-- \/ Yoast SEO plugin. -->","yoast_head_json":{"title":"&quot;Hay muchos diputados que fuman&quot;, cuestionan ante dilaci\u00f3n para aprobar Ley Antitabaco - Fer Abrajan","robots":{"index":"index","follow":"follow","max-snippet":"max-snippet:-1","max-image-preview":"max-image-preview:large","max-video-preview":"max-video-preview:-1"},"canonical":"https:\/\/ferabrajan.com\/portal\/2020\/05\/31\/hay-muchos-diputados-que-fuman-cuestionan-ante-dilacion-para-aprobar-ley-antitabaco\/","og_locale":"es_ES","og_type":"article","og_title":"&quot;Hay muchos diputados que fuman&quot;, cuestionan ante dilaci\u00f3n para aprobar Ley Antitabaco - Fer Abrajan","og_description":"Casi medio a\u00f1o despu\u00e9s de que la Ley Antitabaco fue aprobada en comisiones del Congreso del Estado, la Junta de Gobierno y Coordinaci\u00f3n Pol\u00edtica que preside el diputado de Morena, Gabriel Biestro Medinilla, no la ha sometido a votaci\u00f3n del pleno legislativo. As\u00ed lo critic\u00f3 Brahim Zamora, integrante del Observatorio Ciudadano de Derechos Sexuales y Reproductivos, en el marco del D\u00eda Mundial Sin Tabaco este 31 de mayo, al recordar que en diciembre de 2019 las comisiones de Gobernaci\u00f3n y Salud aprobaron la creaci\u00f3n de la ley a fin de eliminar las zonas de humo de los establecimientos cerrados. Consider\u00f3 que la raz\u00f3n por la que los diputados no han aprobado la norma es porque la ven como asunto pol\u00edtico y no de salud p\u00fablica, adem\u00e1s de que no es una iniciativa enviada por el gobernador Miguel Barbosa, a quien pidi\u00f3 hacerla propia para que sea votada en breve. \u201cHay muchos diputados que fuman, no me gustar\u00eda pensar que est\u00e1n anteponiendo su h\u00e1bito a la salud p\u00fablica, que ese sea un motivo personal como para no considerar este como un tema prioritario, de suma importancia. Consideramos que hay ciertos bloqueos o conflicto de inter\u00e9s, el diputado Juan Pablo Kuri tiene inter\u00e9s en los casinos y hubo un intento por hacer que en el documento se exentaran los casinos, eso se logr\u00f3 brincar\u201d, dijo. En conferencia de prensa virtual, Brahim Zamora manifest\u00f3 que la salud p\u00fablica es de urgencia nacional y debe ser prioridad para cualquier tomador de decisiones en el estado y el pa\u00eds, ya que la pandemia del Covid-19 es in\u00e9dita para las generaciones actuales. Con la Ley Antitabaco se busca reducir lo m\u00e1s posible el da\u00f1o no solo por el virus sino las muertes por consumo de tabaco, ya que fumar es un factor de riesgo para la comorbilidad. Estim\u00f3 que a las estad\u00edsticas de fallecimiento por coronavirus se sumar\u00e1n las atribuibles al consumo de tabaco, de modo que son necesarias medidas eficaces para disminuir el n\u00famero de fumadores y que los diputados locales dejen de seguir violentando el proceso legislativo y cayendo en dilaci\u00f3n, toda vez que los tiempos son claros para votar una ley. \u201cUna ley ya dictaminada no puede quedarse en la congeladora, sin votar, porque eso afecta la productividad legislativa, es importante que esas iniciativas se vayan solventando, sobre todo las que ya est\u00e1n dictaminadas, el rezago es grave. La votaci\u00f3n se tiene que dar en este periodo (ordinario de sesiones), no pueden ser indolentes frente a la situaci\u00f3n\u201d, remat\u00f3. Zamora cit\u00f3 que por d\u00eda ocurren 13 muertes atribuibles al consumo de tabaco en la entidad, equivalente a alrededor de 4 mil 500 defunciones al a\u00f1o y que en 2019 se destinaron 266 millones de pesos a la atenci\u00f3n hospitalaria sin tomar en cuenta costos indirectos. Publicaci\u00f3n Original: https:\/\/www.elsoldepuebla.com.mx\/local\/hay-muchos-diputados-que-fuman-cuestionan-ante-dilacion-para-aprobar-ley-antitabaco-en-puebla-5303256.html","og_url":"https:\/\/ferabrajan.com\/portal\/2020\/05\/31\/hay-muchos-diputados-que-fuman-cuestionan-ante-dilacion-para-aprobar-ley-antitabaco\/","og_site_name":"Fer Abrajan","article_publisher":"https:\/\/www.facebook.com\/NoticiasconFerAbrajan\/","article_published_time":"2020-05-31T23:39:05+00:00","author":"admin","twitter_card":"summary_large_image","twitter_creator":"@ferabrajan1","twitter_site":"@ferabrajan1","twitter_misc":{"Escrito por":"admin","Tiempo de lectura":"2 minutos"},"schema":{"@context":"https:\/\/schema.org","@graph":[{"@type":"Article","@id":"https:\/\/ferabrajan.com\/portal\/2020\/05\/31\/hay-muchos-diputados-que-fuman-cuestionan-ante-dilacion-para-aprobar-ley-antitabaco\/#article","isPartOf":{"@id":"https:\/\/ferabrajan.com\/portal\/2020\/05\/31\/hay-muchos-diputados-que-fuman-cuestionan-ante-dilacion-para-aprobar-ley-antitabaco\/"},"author":{"name":"admin","@id":"https:\/\/ferabrajan.com\/portal\/#\/schema\/person\/f6113b3cb1e036d5c6a9505685b257ba"},"headline":"&quot;Hay muchos diputados que fuman&quot;, cuestionan ante dilaci\u00f3n para aprobar Ley Antitabaco","datePublished":"2020-05-31T23:39:05+00:00","mainEntityOfPage":{"@id":"https:\/\/ferabrajan.com\/portal\/2020\/05\/31\/hay-muchos-diputados-que-fuman-cuestionan-ante-dilacion-para-aprobar-ley-antitabaco\/"},"wordCount":514,"publisher":{"@id":"https:\/\/ferabrajan.com\/portal\/#organization"},"image":{"@id":"https:\/\/ferabrajan.com\/portal\/2020\/05\/31\/hay-muchos-diputados-que-fuman-cuestionan-ante-dilacion-para-aprobar-ley-antitabaco\/#primaryimage"},"thumbnailUrl":"","articleSection":["Local","Puebla"],"inLanguage":"es"},{"@type":"WebPage","@id":"https:\/\/ferabrajan.com\/portal\/2020\/05\/31\/hay-muchos-diputados-que-fuman-cuestionan-ante-dilacion-para-aprobar-ley-antitabaco\/","url":"https:\/\/ferabrajan.com\/portal\/2020\/05\/31\/hay-muchos-diputados-que-fuman-cuestionan-ante-dilacion-para-aprobar-ley-antitabaco\/","name":"&quot;Hay muchos diputados que fuman&quot;, cuestionan ante dilaci\u00f3n para aprobar Ley Antitabaco - Fer Abrajan","isPartOf":{"@id":"https:\/\/ferabrajan.com\/portal\/#website"},"primaryImageOfPage":{"@id":"https:\/\/ferabrajan.com\/portal\/2020\/05\/31\/hay-muchos-diputados-que-fuman-cuestionan-ante-dilacion-para-aprobar-ley-antitabaco\/#primaryimage"},"image":{"@id":"https:\/\/ferabrajan.com\/portal\/2020\/05\/31\/hay-muchos-diputados-que-fuman-cuestionan-ante-dilacion-para-aprobar-ley-antitabaco\/#primaryimage"},"thumbnailUrl":"","datePublished":"2020-05-31T23:39:05+00:00","breadcrumb":{"@id":"https:\/\/ferabrajan.com\/portal\/2020\/05\/31\/hay-muchos-diputados-que-fuman-cuestionan-ante-dilacion-para-aprobar-ley-antitabaco\/#breadcrumb"},"inLanguage":"es","potentialAction":[{"@type":"ReadAction","target":["https:\/\/ferabrajan.com\/portal\/2020\/05\/31\/hay-muchos-diputados-que-fuman-cuestionan-ante-dilacion-para-aprobar-ley-antitabaco\/"]}]},{"@type":"ImageObject","inLanguage":"es","@id":"https:\/\/ferabrajan.com\/portal\/2020\/05\/31\/hay-muchos-diputados-que-fuman-cuestionan-ante-dilacion-para-aprobar-ley-antitabaco\/#primaryimage","url":"","contentUrl":""},{"@type":"BreadcrumbList","@id":"https:\/\/ferabrajan.com\/portal\/2020\/05\/31\/hay-muchos-diputados-que-fuman-cuestionan-ante-dilacion-para-aprobar-ley-antitabaco\/#breadcrumb","itemListElement":[{"@type":"ListItem","position":1,"name":"Portada","item":"https:\/\/ferabrajan.com\/portal\/"},{"@type":"ListItem","position":2,"name":"&quot;Hay muchos diputados que fuman&quot;, cuestionan ante dilaci\u00f3n para aprobar Ley Antitabaco"}]},{"@type":"WebSite","@id":"https:\/\/ferabrajan.com\/portal\/#website","url":"https:\/\/ferabrajan.com\/portal\/","name":"Fer Abrajan","description":"Noticias de Puebla, opini\u00f3n y radio en vivo","publisher":{"@id":"https:\/\/ferabrajan.com\/portal\/#organization"},"potentialAction":[{"@type":"SearchAction","target":{"@type":"EntryPoint","urlTemplate":"https:\/\/ferabrajan.com\/portal\/?s={search_term_string}"},"query-input":{"@type":"PropertyValueSpecification","valueRequired":true,"valueName":"search_term_string"}}],"inLanguage":"es"},{"@type":"Organization","@id":"https:\/\/ferabrajan.com\/portal\/#organization","name":"Fer Abrajan","url":"https:\/\/ferabrajan.com\/portal\/","logo":{"@type":"ImageObject","inLanguage":"es","@id":"https:\/\/ferabrajan.com\/portal\/#\/schema\/logo\/image\/","url":"https:\/\/ferabrajan.com\/portal\/wp-content\/uploads\/2024\/10\/cropped-logo.jpeg","contentUrl":"https:\/\/ferabrajan.com\/portal\/wp-content\/uploads\/2024\/10\/cropped-logo.jpeg","width":500,"height":250,"caption":"Fer Abrajan"},"image":{"@id":"https:\/\/ferabrajan.com\/portal\/#\/schema\/logo\/image\/"},"sameAs":["https:\/\/www.facebook.com\/NoticiasconFerAbrajan\/","https:\/\/x.com\/ferabrajan1"]},{"@type":"Person","@id":"https:\/\/ferabrajan.com\/portal\/#\/schema\/person\/f6113b3cb1e036d5c6a9505685b257ba","name":"admin","image":{"@type":"ImageObject","inLanguage":"es","@id":"https:\/\/secure.gravatar.com\/avatar\/072baa72775aad53c748dfc5d3048578e01b6c087eef335459ebfa04344e2d18?s=96&d=mm&r=g","url":"https:\/\/secure.gravatar.com\/avatar\/072baa72775aad53c748dfc5d3048578e01b6c087eef335459ebfa04344e2d18?s=96&d=mm&r=g","contentUrl":"https:\/\/secure.gravatar.com\/avatar\/072baa72775aad53c748dfc5d3048578e01b6c087eef335459ebfa04344e2d18?s=96&d=mm&r=g","caption":"admin"},"sameAs":["https:\/\/ferabrajan.com\/portal"],"url":"https:\/\/ferabrajan.com\/portal\/author\/admin\/"}]}},"_links":{"self":[{"href":"https:\/\/ferabrajan.com\/portal\/wp-json\/wp\/v2\/posts\/12497","targetHints":{"allow":["GET"]}}],"collection":[{"href":"https:\/\/ferabrajan.com\/portal\/wp-json\/wp\/v2\/posts"}],"about":[{"href":"https:\/\/ferabrajan.com\/portal\/wp-json\/wp\/v2\/types\/post"}],"author":[{"embeddable":true,"href":"https:\/\/ferabrajan.com\/portal\/wp-json\/wp\/v2\/users\/1"}],"replies":[{"embeddable":true,"href":"https:\/\/ferabrajan.com\/portal\/wp-json\/wp\/v2\/comments?post=12497"}],"version-history":[{"count":0,"href":"https:\/\/ferabrajan.com\/portal\/wp-json\/wp\/v2\/posts\/12497\/revisions"}],"wp:attachment":[{"href":"https:\/\/ferabrajan.com\/portal\/wp-json\/wp\/v2\/media?parent=12497"}],"wp:term":[{"taxonomy":"category","embeddable":true,"href":"https:\/\/ferabrajan.com\/portal\/wp-json\/wp\/v2\/categories?post=12497"},{"taxonomy":"post_tag","embeddable":true,"href":"https:\/\/ferabrajan.com\/portal\/wp-json\/wp\/v2\/tags?post=12497"}],"curies":[{"name":"wp","href":"https:\/\/api.w.org\/{rel}","templated":true}]}}