{"id":12492,"date":"2020-05-31T23:45:41","date_gmt":"2020-05-31T23:45:41","guid":{"rendered":"https:\/\/www.elsoldepuebla.com.mx\/mundo\/detonan-artefacto-en-canal-de-television-en-guayaquil-foco-del-coronavirus-en-ecuador-5303285.html"},"modified":"2020-05-31T23:45:41","modified_gmt":"2020-05-31T23:45:41","slug":"detonan-artefacto-en-canal-de-television-en-guayaquil-foco-del-coronavirus-en-ecuador","status":"publish","type":"post","link":"https:\/\/ferabrajan.com\/portal\/2020\/05\/31\/detonan-artefacto-en-canal-de-television-en-guayaquil-foco-del-coronavirus-en-ecuador\/","title":{"rendered":"Detonan artefacto en canal de televisi\u00f3n en Guayaquil, foco del coronavirus en Ecuador"},"content":{"rendered":"<div><img decoding=\"async\" src=\"https:\/\/www.elsoldemexico.com.mx\/mundo\/78gkws-explosion-policia-ecuador-1.jpg\/ALTERNATES\/LANDSCAPE_1140\/explosion%20POLICIA%20ECUADOR%20(1).jpg\" class=\"ff-og-image-inserted\"><\/div>\n<p>Un artefacto explosivo deton\u00f3 el domingo sin causar v\u00edctimas en la entrada a las instalaciones de la estaci\u00f3n de televisi\u00f3n Teleamazonas en Guayaquil, foco del nuevo coronavirus en Ecuador, inform\u00f3 la polic\u00eda.<\/p>\n<p>\u00abVerificamos detonaci\u00f3n de un posible artefacto explosivo en inmediaciones de un medio de comunicaci\u00f3n en #GYE; NO existen heridos ni da\u00f1os mayores\u00bb, anunci\u00f3 la Polic\u00eda Nacional en Twitter.<\/p>\n<article class=\"mundo media col-md-4 inline-story\"> <\/article>\n<p>La informaci\u00f3n policial se acompa\u00f1aba de fotograf\u00edas de cristales rotos en la entrada al edificio, ubicado en uno de los barrios residenciales del puerto ecuatoriano.<\/p>\n<p>\u00abTeleamazonas rechaza cualquier tipo de amedrentamiento y deja claro que seguiremos informando e investigando los actos de corrupci\u00f3n que se suscitan en el pa\u00eds\u00bb, replic\u00f3 el canal de televisi\u00f3n en un comunicado.<\/p>\n<p>El presidente Len\u00edn Moreno, tras solidarizarse con Teleamazonas por el ataque, manifest\u00f3 en Twitter que \u00abla libertad de expresi\u00f3n incomoda a quienes se ven afectados por las denuncias de la prensa libre\u00bb. }<\/p>\n<p>\u00abQue nada ni nadie les impida seguir con su tarea, siempre con responsabilidad\u00bb, agreg\u00f3.<\/p>\n<p>En medio de la crisis sanitaria, que deja m\u00e1s de 39.000 casos, incluidos 3.358 muertos, en este pa\u00eds de 17,5 millones de habitantes, la Fiscal\u00eda indaga varios presuntos casos de corrupci\u00f3n, algunos denunciados por los medios de comunicaci\u00f3n.<\/p>\n<p>Uno de ellos es una inconclusa compra con sobreprecio de alimentos para afectados por la pandemia, que determin\u00f3 la renuncia de la directora del estatal Servicio Nacional de Gesti\u00f3n de Riesgos (SNGRE), Alexandra Ocles, acusada de \u00abtr\u00e1fico de influencias\u00bb en esa negociaci\u00f3n.<\/p>\n<p>El ente acusador tambi\u00e9n investiga otros hechos registrados en el sistema hospitalario durante la emergencia, como compras con sobreprecio de insumos m\u00e9dicos, mascarillas, pruebas diagn\u00f3sticas y fundas para cad\u00e1veres en hospitales de Guayaquil, foco del nuevo coronavirus, que registra 9.762 casos de la enfermedad.<\/p>\n<p>Guayaquil tuvo el primer caso de covid-19 en el pa\u00eds, el 29 de febrero, y la primera muerte d\u00edas m\u00e1s tarde.<\/p>\n<p>La ministra de Gobierno (Interior), Mar\u00eda Paula Romo, expres\u00f3 que \u00ab@PoliciaEcuador busca a los responsables\u00bb, del ataque al canal de televisi\u00f3n, mientras el pa\u00eds se encuentra en estado de excepci\u00f3n para intentar frenar el avance del coronavirus, por disposici\u00f3n gubernamental emitida en marzo.<\/p>\n<p>Otras medidas restrictivas son la suspensi\u00f3n del trabajo presencial y las clases para promover el confinamiento de la poblaci\u00f3n. Tambi\u00e9n se impuso un toque de queda, que pasar\u00e1 de 15 a 11 horas a partir del 1 de junio.<\/p>\n<h3>Te recomendamos \u2b07\ufe0f<\/h3>\n<section>\n<article class=\"mexico media\">\n<div class=\"teaser\">\n<p>[embedded content]<\/p>\n<\/div>\n<\/article>\n<\/section>\n<p>Publicaci\u00f3n Original: <a href=\"https:\/\/www.elsoldepuebla.com.mx\/mundo\/detonan-artefacto-en-canal-de-television-en-guayaquil-foco-del-coronavirus-en-ecuador-5303285.html\" target=\"_blank\" rel=\"noopener noreferrer\">https:\/\/www.elsoldepuebla.com.mx\/mundo\/detonan-artefacto-en-canal-de-television-en-guayaquil-foco-del-coronavirus-en-ecuador-5303285.html<\/a><\/p>\n","protected":false},"excerpt":{"rendered":"<p>Un artefacto explosivo deton\u00f3 el domingo sin causar v\u00edctimas en la entrada a las instalaciones de la estaci\u00f3n de televisi\u00f3n Teleamazonas en Guayaquil, foco del nuevo coronavirus en Ecuador, inform\u00f3 la polic\u00eda. \u00abVerificamos detonaci\u00f3n de un posible artefacto explosivo en inmediaciones de un medio de comunicaci\u00f3n en #GYE; NO existen heridos ni da\u00f1os mayores\u00bb, anunci\u00f3 la Polic\u00eda Nacional en Twitter. La informaci\u00f3n policial se acompa\u00f1aba de fotograf\u00edas de cristales rotos en la entrada al edificio, ubicado en uno de los barrios residenciales del puerto ecuatoriano. \u00abTeleamazonas rechaza cualquier tipo de amedrentamiento y deja claro que seguiremos informando e investigando los actos de corrupci\u00f3n que se suscitan en el pa\u00eds\u00bb, replic\u00f3 el canal de televisi\u00f3n en un comunicado. El presidente Len\u00edn Moreno, tras solidarizarse con Teleamazonas por el ataque, manifest\u00f3 en Twitter que \u00abla libertad de expresi\u00f3n incomoda a quienes se ven afectados por las denuncias de la prensa libre\u00bb. } \u00abQue nada ni nadie les impida seguir con su tarea, siempre con responsabilidad\u00bb, agreg\u00f3. En medio de la crisis sanitaria, que deja m\u00e1s de 39.000 casos, incluidos 3.358 muertos, en este pa\u00eds de 17,5 millones de habitantes, la Fiscal\u00eda indaga varios presuntos casos de corrupci\u00f3n, algunos denunciados por los medios de comunicaci\u00f3n. Uno de ellos es una inconclusa compra con sobreprecio de alimentos para afectados por la pandemia, que determin\u00f3 la renuncia de la directora del estatal Servicio Nacional de Gesti\u00f3n de Riesgos (SNGRE), Alexandra Ocles, acusada de \u00abtr\u00e1fico de influencias\u00bb en esa negociaci\u00f3n. El ente acusador tambi\u00e9n investiga otros hechos registrados en el sistema hospitalario durante la emergencia, como compras con sobreprecio de insumos m\u00e9dicos, mascarillas, pruebas diagn\u00f3sticas y fundas para cad\u00e1veres en hospitales de Guayaquil, foco del nuevo coronavirus, que registra 9.762 casos de la enfermedad. Guayaquil tuvo el primer caso de covid-19 en el pa\u00eds, el 29 de febrero, y la primera muerte d\u00edas m\u00e1s tarde. La ministra de Gobierno (Interior), Mar\u00eda Paula Romo, expres\u00f3 que \u00ab@PoliciaEcuador busca a los responsables\u00bb, del ataque al canal de televisi\u00f3n, mientras el pa\u00eds se encuentra en estado de excepci\u00f3n para intentar frenar el avance del coronavirus, por disposici\u00f3n gubernamental emitida en marzo. Otras medidas restrictivas son la suspensi\u00f3n del trabajo presencial y las clases para promover el confinamiento de la poblaci\u00f3n. Tambi\u00e9n se impuso un toque de queda, que pasar\u00e1 de 15 a 11 horas a partir del 1 de junio. Te recomendamos \u2b07\ufe0f [embedded content] Publicaci\u00f3n Original: https:\/\/www.elsoldepuebla.com.mx\/mundo\/detonan-artefacto-en-canal-de-television-en-guayaquil-foco-del-coronavirus-en-ecuador-5303285.html<\/p>\n","protected":false},"author":1,"featured_media":12496,"comment_status":"closed","ping_status":"closed","sticky":false,"template":"","format":"standard","meta":{"_monsterinsights_skip_tracking":false,"_uf_show_specific_survey":0,"_uf_disable_surveys":false,"footnotes":""},"categories":[34],"tags":[],"class_list":["post-12492","post","type-post","status-publish","format-standard","has-post-thumbnail","hentry","category-puebla"],"yoast_head":"<!-- This site is optimized with the Yoast SEO plugin v27.5 - https:\/\/yoast.com\/product\/yoast-seo-wordpress\/ -->\n<title>Detonan artefacto en canal de televisi\u00f3n en Guayaquil, foco del coronavirus en Ecuador - Fer Abrajan<\/title>\n<meta name=\"robots\" content=\"index, follow, max-snippet:-1, max-image-preview:large, max-video-preview:-1\" \/>\n<link rel=\"canonical\" href=\"https:\/\/ferabrajan.com\/portal\/2020\/05\/31\/detonan-artefacto-en-canal-de-television-en-guayaquil-foco-del-coronavirus-en-ecuador\/\" \/>\n<meta property=\"og:locale\" content=\"es_ES\" \/>\n<meta property=\"og:type\" content=\"article\" \/>\n<meta property=\"og:title\" content=\"Detonan artefacto en canal de televisi\u00f3n en Guayaquil, foco del coronavirus en Ecuador - Fer Abrajan\" \/>\n<meta property=\"og:description\" content=\"Un artefacto explosivo deton\u00f3 el domingo sin causar v\u00edctimas en la entrada a las instalaciones de la estaci\u00f3n de televisi\u00f3n Teleamazonas en Guayaquil, foco del nuevo coronavirus en Ecuador, inform\u00f3 la polic\u00eda. \u00abVerificamos detonaci\u00f3n de un posible artefacto explosivo en inmediaciones de un medio de comunicaci\u00f3n en #GYE; NO existen heridos ni da\u00f1os mayores\u00bb, anunci\u00f3 la Polic\u00eda Nacional en Twitter. La informaci\u00f3n policial se acompa\u00f1aba de fotograf\u00edas de cristales rotos en la entrada al edificio, ubicado en uno de los barrios residenciales del puerto ecuatoriano. \u00abTeleamazonas rechaza cualquier tipo de amedrentamiento y deja claro que seguiremos informando e investigando los actos de corrupci\u00f3n que se suscitan en el pa\u00eds\u00bb, replic\u00f3 el canal de televisi\u00f3n en un comunicado. El presidente Len\u00edn Moreno, tras solidarizarse con Teleamazonas por el ataque, manifest\u00f3 en Twitter que \u00abla libertad de expresi\u00f3n incomoda a quienes se ven afectados por las denuncias de la prensa libre\u00bb. } \u00abQue nada ni nadie les impida seguir con su tarea, siempre con responsabilidad\u00bb, agreg\u00f3. En medio de la crisis sanitaria, que deja m\u00e1s de 39.000 casos, incluidos 3.358 muertos, en este pa\u00eds de 17,5 millones de habitantes, la Fiscal\u00eda indaga varios presuntos casos de corrupci\u00f3n, algunos denunciados por los medios de comunicaci\u00f3n. Uno de ellos es una inconclusa compra con sobreprecio de alimentos para afectados por la pandemia, que determin\u00f3 la renuncia de la directora del estatal Servicio Nacional de Gesti\u00f3n de Riesgos (SNGRE), Alexandra Ocles, acusada de \u00abtr\u00e1fico de influencias\u00bb en esa negociaci\u00f3n. El ente acusador tambi\u00e9n investiga otros hechos registrados en el sistema hospitalario durante la emergencia, como compras con sobreprecio de insumos m\u00e9dicos, mascarillas, pruebas diagn\u00f3sticas y fundas para cad\u00e1veres en hospitales de Guayaquil, foco del nuevo coronavirus, que registra 9.762 casos de la enfermedad. Guayaquil tuvo el primer caso de covid-19 en el pa\u00eds, el 29 de febrero, y la primera muerte d\u00edas m\u00e1s tarde. La ministra de Gobierno (Interior), Mar\u00eda Paula Romo, expres\u00f3 que \u00ab@PoliciaEcuador busca a los responsables\u00bb, del ataque al canal de televisi\u00f3n, mientras el pa\u00eds se encuentra en estado de excepci\u00f3n para intentar frenar el avance del coronavirus, por disposici\u00f3n gubernamental emitida en marzo. Otras medidas restrictivas son la suspensi\u00f3n del trabajo presencial y las clases para promover el confinamiento de la poblaci\u00f3n. Tambi\u00e9n se impuso un toque de queda, que pasar\u00e1 de 15 a 11 horas a partir del 1 de junio. Te recomendamos \u2b07\ufe0f [embedded content] Publicaci\u00f3n Original: https:\/\/www.elsoldepuebla.com.mx\/mundo\/detonan-artefacto-en-canal-de-television-en-guayaquil-foco-del-coronavirus-en-ecuador-5303285.html\" \/>\n<meta property=\"og:url\" content=\"https:\/\/ferabrajan.com\/portal\/2020\/05\/31\/detonan-artefacto-en-canal-de-television-en-guayaquil-foco-del-coronavirus-en-ecuador\/\" \/>\n<meta property=\"og:site_name\" content=\"Fer Abrajan\" \/>\n<meta property=\"article:publisher\" content=\"https:\/\/www.facebook.com\/NoticiasconFerAbrajan\/\" \/>\n<meta property=\"article:published_time\" content=\"2020-05-31T23:45:41+00:00\" \/>\n<meta name=\"author\" content=\"admin\" \/>\n<meta name=\"twitter:card\" content=\"summary_large_image\" \/>\n<meta name=\"twitter:creator\" content=\"@ferabrajan1\" \/>\n<meta name=\"twitter:site\" content=\"@ferabrajan1\" \/>\n<meta name=\"twitter:label1\" content=\"Escrito por\" \/>\n\t<meta name=\"twitter:data1\" content=\"admin\" \/>\n\t<meta name=\"twitter:label2\" content=\"Tiempo de lectura\" \/>\n\t<meta name=\"twitter:data2\" content=\"2 minutos\" \/>\n<script type=\"application\/ld+json\" class=\"yoast-schema-graph\">{\"@context\":\"https:\\\/\\\/schema.org\",\"@graph\":[{\"@type\":\"Article\",\"@id\":\"https:\\\/\\\/ferabrajan.com\\\/portal\\\/2020\\\/05\\\/31\\\/detonan-artefacto-en-canal-de-television-en-guayaquil-foco-del-coronavirus-en-ecuador\\\/#article\",\"isPartOf\":{\"@id\":\"https:\\\/\\\/ferabrajan.com\\\/portal\\\/2020\\\/05\\\/31\\\/detonan-artefacto-en-canal-de-television-en-guayaquil-foco-del-coronavirus-en-ecuador\\\/\"},\"author\":{\"name\":\"admin\",\"@id\":\"https:\\\/\\\/ferabrajan.com\\\/portal\\\/#\\\/schema\\\/person\\\/f6113b3cb1e036d5c6a9505685b257ba\"},\"headline\":\"Detonan artefacto en canal de televisi\u00f3n en Guayaquil, foco del coronavirus en Ecuador\",\"datePublished\":\"2020-05-31T23:45:41+00:00\",\"mainEntityOfPage\":{\"@id\":\"https:\\\/\\\/ferabrajan.com\\\/portal\\\/2020\\\/05\\\/31\\\/detonan-artefacto-en-canal-de-television-en-guayaquil-foco-del-coronavirus-en-ecuador\\\/\"},\"wordCount\":450,\"publisher\":{\"@id\":\"https:\\\/\\\/ferabrajan.com\\\/portal\\\/#organization\"},\"image\":{\"@id\":\"https:\\\/\\\/ferabrajan.com\\\/portal\\\/2020\\\/05\\\/31\\\/detonan-artefacto-en-canal-de-television-en-guayaquil-foco-del-coronavirus-en-ecuador\\\/#primaryimage\"},\"thumbnailUrl\":\"\",\"articleSection\":[\"Puebla\"],\"inLanguage\":\"es\"},{\"@type\":\"WebPage\",\"@id\":\"https:\\\/\\\/ferabrajan.com\\\/portal\\\/2020\\\/05\\\/31\\\/detonan-artefacto-en-canal-de-television-en-guayaquil-foco-del-coronavirus-en-ecuador\\\/\",\"url\":\"https:\\\/\\\/ferabrajan.com\\\/portal\\\/2020\\\/05\\\/31\\\/detonan-artefacto-en-canal-de-television-en-guayaquil-foco-del-coronavirus-en-ecuador\\\/\",\"name\":\"Detonan artefacto en canal de televisi\u00f3n en Guayaquil, foco del coronavirus en Ecuador - Fer Abrajan\",\"isPartOf\":{\"@id\":\"https:\\\/\\\/ferabrajan.com\\\/portal\\\/#website\"},\"primaryImageOfPage\":{\"@id\":\"https:\\\/\\\/ferabrajan.com\\\/portal\\\/2020\\\/05\\\/31\\\/detonan-artefacto-en-canal-de-television-en-guayaquil-foco-del-coronavirus-en-ecuador\\\/#primaryimage\"},\"image\":{\"@id\":\"https:\\\/\\\/ferabrajan.com\\\/portal\\\/2020\\\/05\\\/31\\\/detonan-artefacto-en-canal-de-television-en-guayaquil-foco-del-coronavirus-en-ecuador\\\/#primaryimage\"},\"thumbnailUrl\":\"\",\"datePublished\":\"2020-05-31T23:45:41+00:00\",\"breadcrumb\":{\"@id\":\"https:\\\/\\\/ferabrajan.com\\\/portal\\\/2020\\\/05\\\/31\\\/detonan-artefacto-en-canal-de-television-en-guayaquil-foco-del-coronavirus-en-ecuador\\\/#breadcrumb\"},\"inLanguage\":\"es\",\"potentialAction\":[{\"@type\":\"ReadAction\",\"target\":[\"https:\\\/\\\/ferabrajan.com\\\/portal\\\/2020\\\/05\\\/31\\\/detonan-artefacto-en-canal-de-television-en-guayaquil-foco-del-coronavirus-en-ecuador\\\/\"]}]},{\"@type\":\"ImageObject\",\"inLanguage\":\"es\",\"@id\":\"https:\\\/\\\/ferabrajan.com\\\/portal\\\/2020\\\/05\\\/31\\\/detonan-artefacto-en-canal-de-television-en-guayaquil-foco-del-coronavirus-en-ecuador\\\/#primaryimage\",\"url\":\"\",\"contentUrl\":\"\"},{\"@type\":\"BreadcrumbList\",\"@id\":\"https:\\\/\\\/ferabrajan.com\\\/portal\\\/2020\\\/05\\\/31\\\/detonan-artefacto-en-canal-de-television-en-guayaquil-foco-del-coronavirus-en-ecuador\\\/#breadcrumb\",\"itemListElement\":[{\"@type\":\"ListItem\",\"position\":1,\"name\":\"Portada\",\"item\":\"https:\\\/\\\/ferabrajan.com\\\/portal\\\/\"},{\"@type\":\"ListItem\",\"position\":2,\"name\":\"Detonan artefacto en canal de televisi\u00f3n en Guayaquil, foco del coronavirus en Ecuador\"}]},{\"@type\":\"WebSite\",\"@id\":\"https:\\\/\\\/ferabrajan.com\\\/portal\\\/#website\",\"url\":\"https:\\\/\\\/ferabrajan.com\\\/portal\\\/\",\"name\":\"Fer Abrajan\",\"description\":\"Noticias de Puebla, opini\u00f3n y radio en vivo\",\"publisher\":{\"@id\":\"https:\\\/\\\/ferabrajan.com\\\/portal\\\/#organization\"},\"potentialAction\":[{\"@type\":\"SearchAction\",\"target\":{\"@type\":\"EntryPoint\",\"urlTemplate\":\"https:\\\/\\\/ferabrajan.com\\\/portal\\\/?s={search_term_string}\"},\"query-input\":{\"@type\":\"PropertyValueSpecification\",\"valueRequired\":true,\"valueName\":\"search_term_string\"}}],\"inLanguage\":\"es\"},{\"@type\":\"Organization\",\"@id\":\"https:\\\/\\\/ferabrajan.com\\\/portal\\\/#organization\",\"name\":\"Fer Abrajan\",\"url\":\"https:\\\/\\\/ferabrajan.com\\\/portal\\\/\",\"logo\":{\"@type\":\"ImageObject\",\"inLanguage\":\"es\",\"@id\":\"https:\\\/\\\/ferabrajan.com\\\/portal\\\/#\\\/schema\\\/logo\\\/image\\\/\",\"url\":\"https:\\\/\\\/ferabrajan.com\\\/portal\\\/wp-content\\\/uploads\\\/2024\\\/10\\\/cropped-logo.jpeg\",\"contentUrl\":\"https:\\\/\\\/ferabrajan.com\\\/portal\\\/wp-content\\\/uploads\\\/2024\\\/10\\\/cropped-logo.jpeg\",\"width\":500,\"height\":250,\"caption\":\"Fer Abrajan\"},\"image\":{\"@id\":\"https:\\\/\\\/ferabrajan.com\\\/portal\\\/#\\\/schema\\\/logo\\\/image\\\/\"},\"sameAs\":[\"https:\\\/\\\/www.facebook.com\\\/NoticiasconFerAbrajan\\\/\",\"https:\\\/\\\/x.com\\\/ferabrajan1\"]},{\"@type\":\"Person\",\"@id\":\"https:\\\/\\\/ferabrajan.com\\\/portal\\\/#\\\/schema\\\/person\\\/f6113b3cb1e036d5c6a9505685b257ba\",\"name\":\"admin\",\"image\":{\"@type\":\"ImageObject\",\"inLanguage\":\"es\",\"@id\":\"https:\\\/\\\/secure.gravatar.com\\\/avatar\\\/072baa72775aad53c748dfc5d3048578e01b6c087eef335459ebfa04344e2d18?s=96&d=mm&r=g\",\"url\":\"https:\\\/\\\/secure.gravatar.com\\\/avatar\\\/072baa72775aad53c748dfc5d3048578e01b6c087eef335459ebfa04344e2d18?s=96&d=mm&r=g\",\"contentUrl\":\"https:\\\/\\\/secure.gravatar.com\\\/avatar\\\/072baa72775aad53c748dfc5d3048578e01b6c087eef335459ebfa04344e2d18?s=96&d=mm&r=g\",\"caption\":\"admin\"},\"sameAs\":[\"https:\\\/\\\/ferabrajan.com\\\/portal\"],\"url\":\"https:\\\/\\\/ferabrajan.com\\\/portal\\\/author\\\/admin\\\/\"}]}<\/script>\n<!-- \/ Yoast SEO plugin. -->","yoast_head_json":{"title":"Detonan artefacto en canal de televisi\u00f3n en Guayaquil, foco del coronavirus en Ecuador - Fer Abrajan","robots":{"index":"index","follow":"follow","max-snippet":"max-snippet:-1","max-image-preview":"max-image-preview:large","max-video-preview":"max-video-preview:-1"},"canonical":"https:\/\/ferabrajan.com\/portal\/2020\/05\/31\/detonan-artefacto-en-canal-de-television-en-guayaquil-foco-del-coronavirus-en-ecuador\/","og_locale":"es_ES","og_type":"article","og_title":"Detonan artefacto en canal de televisi\u00f3n en Guayaquil, foco del coronavirus en Ecuador - Fer Abrajan","og_description":"Un artefacto explosivo deton\u00f3 el domingo sin causar v\u00edctimas en la entrada a las instalaciones de la estaci\u00f3n de televisi\u00f3n Teleamazonas en Guayaquil, foco del nuevo coronavirus en Ecuador, inform\u00f3 la polic\u00eda. \u00abVerificamos detonaci\u00f3n de un posible artefacto explosivo en inmediaciones de un medio de comunicaci\u00f3n en #GYE; NO existen heridos ni da\u00f1os mayores\u00bb, anunci\u00f3 la Polic\u00eda Nacional en Twitter. La informaci\u00f3n policial se acompa\u00f1aba de fotograf\u00edas de cristales rotos en la entrada al edificio, ubicado en uno de los barrios residenciales del puerto ecuatoriano. \u00abTeleamazonas rechaza cualquier tipo de amedrentamiento y deja claro que seguiremos informando e investigando los actos de corrupci\u00f3n que se suscitan en el pa\u00eds\u00bb, replic\u00f3 el canal de televisi\u00f3n en un comunicado. El presidente Len\u00edn Moreno, tras solidarizarse con Teleamazonas por el ataque, manifest\u00f3 en Twitter que \u00abla libertad de expresi\u00f3n incomoda a quienes se ven afectados por las denuncias de la prensa libre\u00bb. } \u00abQue nada ni nadie les impida seguir con su tarea, siempre con responsabilidad\u00bb, agreg\u00f3. En medio de la crisis sanitaria, que deja m\u00e1s de 39.000 casos, incluidos 3.358 muertos, en este pa\u00eds de 17,5 millones de habitantes, la Fiscal\u00eda indaga varios presuntos casos de corrupci\u00f3n, algunos denunciados por los medios de comunicaci\u00f3n. Uno de ellos es una inconclusa compra con sobreprecio de alimentos para afectados por la pandemia, que determin\u00f3 la renuncia de la directora del estatal Servicio Nacional de Gesti\u00f3n de Riesgos (SNGRE), Alexandra Ocles, acusada de \u00abtr\u00e1fico de influencias\u00bb en esa negociaci\u00f3n. El ente acusador tambi\u00e9n investiga otros hechos registrados en el sistema hospitalario durante la emergencia, como compras con sobreprecio de insumos m\u00e9dicos, mascarillas, pruebas diagn\u00f3sticas y fundas para cad\u00e1veres en hospitales de Guayaquil, foco del nuevo coronavirus, que registra 9.762 casos de la enfermedad. Guayaquil tuvo el primer caso de covid-19 en el pa\u00eds, el 29 de febrero, y la primera muerte d\u00edas m\u00e1s tarde. La ministra de Gobierno (Interior), Mar\u00eda Paula Romo, expres\u00f3 que \u00ab@PoliciaEcuador busca a los responsables\u00bb, del ataque al canal de televisi\u00f3n, mientras el pa\u00eds se encuentra en estado de excepci\u00f3n para intentar frenar el avance del coronavirus, por disposici\u00f3n gubernamental emitida en marzo. Otras medidas restrictivas son la suspensi\u00f3n del trabajo presencial y las clases para promover el confinamiento de la poblaci\u00f3n. Tambi\u00e9n se impuso un toque de queda, que pasar\u00e1 de 15 a 11 horas a partir del 1 de junio. Te recomendamos \u2b07\ufe0f [embedded content] Publicaci\u00f3n Original: https:\/\/www.elsoldepuebla.com.mx\/mundo\/detonan-artefacto-en-canal-de-television-en-guayaquil-foco-del-coronavirus-en-ecuador-5303285.html","og_url":"https:\/\/ferabrajan.com\/portal\/2020\/05\/31\/detonan-artefacto-en-canal-de-television-en-guayaquil-foco-del-coronavirus-en-ecuador\/","og_site_name":"Fer Abrajan","article_publisher":"https:\/\/www.facebook.com\/NoticiasconFerAbrajan\/","article_published_time":"2020-05-31T23:45:41+00:00","author":"admin","twitter_card":"summary_large_image","twitter_creator":"@ferabrajan1","twitter_site":"@ferabrajan1","twitter_misc":{"Escrito por":"admin","Tiempo de lectura":"2 minutos"},"schema":{"@context":"https:\/\/schema.org","@graph":[{"@type":"Article","@id":"https:\/\/ferabrajan.com\/portal\/2020\/05\/31\/detonan-artefacto-en-canal-de-television-en-guayaquil-foco-del-coronavirus-en-ecuador\/#article","isPartOf":{"@id":"https:\/\/ferabrajan.com\/portal\/2020\/05\/31\/detonan-artefacto-en-canal-de-television-en-guayaquil-foco-del-coronavirus-en-ecuador\/"},"author":{"name":"admin","@id":"https:\/\/ferabrajan.com\/portal\/#\/schema\/person\/f6113b3cb1e036d5c6a9505685b257ba"},"headline":"Detonan artefacto en canal de televisi\u00f3n en Guayaquil, foco del coronavirus en Ecuador","datePublished":"2020-05-31T23:45:41+00:00","mainEntityOfPage":{"@id":"https:\/\/ferabrajan.com\/portal\/2020\/05\/31\/detonan-artefacto-en-canal-de-television-en-guayaquil-foco-del-coronavirus-en-ecuador\/"},"wordCount":450,"publisher":{"@id":"https:\/\/ferabrajan.com\/portal\/#organization"},"image":{"@id":"https:\/\/ferabrajan.com\/portal\/2020\/05\/31\/detonan-artefacto-en-canal-de-television-en-guayaquil-foco-del-coronavirus-en-ecuador\/#primaryimage"},"thumbnailUrl":"","articleSection":["Puebla"],"inLanguage":"es"},{"@type":"WebPage","@id":"https:\/\/ferabrajan.com\/portal\/2020\/05\/31\/detonan-artefacto-en-canal-de-television-en-guayaquil-foco-del-coronavirus-en-ecuador\/","url":"https:\/\/ferabrajan.com\/portal\/2020\/05\/31\/detonan-artefacto-en-canal-de-television-en-guayaquil-foco-del-coronavirus-en-ecuador\/","name":"Detonan artefacto en canal de televisi\u00f3n en Guayaquil, foco del coronavirus en Ecuador - Fer Abrajan","isPartOf":{"@id":"https:\/\/ferabrajan.com\/portal\/#website"},"primaryImageOfPage":{"@id":"https:\/\/ferabrajan.com\/portal\/2020\/05\/31\/detonan-artefacto-en-canal-de-television-en-guayaquil-foco-del-coronavirus-en-ecuador\/#primaryimage"},"image":{"@id":"https:\/\/ferabrajan.com\/portal\/2020\/05\/31\/detonan-artefacto-en-canal-de-television-en-guayaquil-foco-del-coronavirus-en-ecuador\/#primaryimage"},"thumbnailUrl":"","datePublished":"2020-05-31T23:45:41+00:00","breadcrumb":{"@id":"https:\/\/ferabrajan.com\/portal\/2020\/05\/31\/detonan-artefacto-en-canal-de-television-en-guayaquil-foco-del-coronavirus-en-ecuador\/#breadcrumb"},"inLanguage":"es","potentialAction":[{"@type":"ReadAction","target":["https:\/\/ferabrajan.com\/portal\/2020\/05\/31\/detonan-artefacto-en-canal-de-television-en-guayaquil-foco-del-coronavirus-en-ecuador\/"]}]},{"@type":"ImageObject","inLanguage":"es","@id":"https:\/\/ferabrajan.com\/portal\/2020\/05\/31\/detonan-artefacto-en-canal-de-television-en-guayaquil-foco-del-coronavirus-en-ecuador\/#primaryimage","url":"","contentUrl":""},{"@type":"BreadcrumbList","@id":"https:\/\/ferabrajan.com\/portal\/2020\/05\/31\/detonan-artefacto-en-canal-de-television-en-guayaquil-foco-del-coronavirus-en-ecuador\/#breadcrumb","itemListElement":[{"@type":"ListItem","position":1,"name":"Portada","item":"https:\/\/ferabrajan.com\/portal\/"},{"@type":"ListItem","position":2,"name":"Detonan artefacto en canal de televisi\u00f3n en Guayaquil, foco del coronavirus en Ecuador"}]},{"@type":"WebSite","@id":"https:\/\/ferabrajan.com\/portal\/#website","url":"https:\/\/ferabrajan.com\/portal\/","name":"Fer Abrajan","description":"Noticias de Puebla, opini\u00f3n y radio en vivo","publisher":{"@id":"https:\/\/ferabrajan.com\/portal\/#organization"},"potentialAction":[{"@type":"SearchAction","target":{"@type":"EntryPoint","urlTemplate":"https:\/\/ferabrajan.com\/portal\/?s={search_term_string}"},"query-input":{"@type":"PropertyValueSpecification","valueRequired":true,"valueName":"search_term_string"}}],"inLanguage":"es"},{"@type":"Organization","@id":"https:\/\/ferabrajan.com\/portal\/#organization","name":"Fer Abrajan","url":"https:\/\/ferabrajan.com\/portal\/","logo":{"@type":"ImageObject","inLanguage":"es","@id":"https:\/\/ferabrajan.com\/portal\/#\/schema\/logo\/image\/","url":"https:\/\/ferabrajan.com\/portal\/wp-content\/uploads\/2024\/10\/cropped-logo.jpeg","contentUrl":"https:\/\/ferabrajan.com\/portal\/wp-content\/uploads\/2024\/10\/cropped-logo.jpeg","width":500,"height":250,"caption":"Fer Abrajan"},"image":{"@id":"https:\/\/ferabrajan.com\/portal\/#\/schema\/logo\/image\/"},"sameAs":["https:\/\/www.facebook.com\/NoticiasconFerAbrajan\/","https:\/\/x.com\/ferabrajan1"]},{"@type":"Person","@id":"https:\/\/ferabrajan.com\/portal\/#\/schema\/person\/f6113b3cb1e036d5c6a9505685b257ba","name":"admin","image":{"@type":"ImageObject","inLanguage":"es","@id":"https:\/\/secure.gravatar.com\/avatar\/072baa72775aad53c748dfc5d3048578e01b6c087eef335459ebfa04344e2d18?s=96&d=mm&r=g","url":"https:\/\/secure.gravatar.com\/avatar\/072baa72775aad53c748dfc5d3048578e01b6c087eef335459ebfa04344e2d18?s=96&d=mm&r=g","contentUrl":"https:\/\/secure.gravatar.com\/avatar\/072baa72775aad53c748dfc5d3048578e01b6c087eef335459ebfa04344e2d18?s=96&d=mm&r=g","caption":"admin"},"sameAs":["https:\/\/ferabrajan.com\/portal"],"url":"https:\/\/ferabrajan.com\/portal\/author\/admin\/"}]}},"_links":{"self":[{"href":"https:\/\/ferabrajan.com\/portal\/wp-json\/wp\/v2\/posts\/12492","targetHints":{"allow":["GET"]}}],"collection":[{"href":"https:\/\/ferabrajan.com\/portal\/wp-json\/wp\/v2\/posts"}],"about":[{"href":"https:\/\/ferabrajan.com\/portal\/wp-json\/wp\/v2\/types\/post"}],"author":[{"embeddable":true,"href":"https:\/\/ferabrajan.com\/portal\/wp-json\/wp\/v2\/users\/1"}],"replies":[{"embeddable":true,"href":"https:\/\/ferabrajan.com\/portal\/wp-json\/wp\/v2\/comments?post=12492"}],"version-history":[{"count":0,"href":"https:\/\/ferabrajan.com\/portal\/wp-json\/wp\/v2\/posts\/12492\/revisions"}],"wp:attachment":[{"href":"https:\/\/ferabrajan.com\/portal\/wp-json\/wp\/v2\/media?parent=12492"}],"wp:term":[{"taxonomy":"category","embeddable":true,"href":"https:\/\/ferabrajan.com\/portal\/wp-json\/wp\/v2\/categories?post=12492"},{"taxonomy":"post_tag","embeddable":true,"href":"https:\/\/ferabrajan.com\/portal\/wp-json\/wp\/v2\/tags?post=12492"}],"curies":[{"name":"wp","href":"https:\/\/api.w.org\/{rel}","templated":true}]}}