{"id":12487,"date":"2020-06-01T00:46:58","date_gmt":"2020-06-01T00:46:58","guid":{"rendered":"https:\/\/www.elsoldepuebla.com.mx\/policiaca\/conductor-pierde-el-control-y-vuelca-su-unidad-en-huejotzingo-5303514.html"},"modified":"2020-06-01T00:46:58","modified_gmt":"2020-06-01T00:46:58","slug":"conductor-pierde-el-control-y-vuelca-su-unidad-en-huejotzingo","status":"publish","type":"post","link":"https:\/\/ferabrajan.com\/portal\/2020\/06\/01\/conductor-pierde-el-control-y-vuelca-su-unidad-en-huejotzingo\/","title":{"rendered":"Conductor pierde el control y vuelca su unidad en Huejotzingo"},"content":{"rendered":"<div><img decoding=\"async\" src=\"https:\/\/www.elsoldepuebla.com.mx\/policiaca\/ub97ew-tsuru-volcado.jpg\/ALTERNATES\/LANDSCAPE_1140\/tsuru%20volcado.jpg\" class=\"ff-og-image-inserted\"><\/div>\n<p>Dos lesionados, uno de ellos con la mano derecha casi destrozada, dej\u00f3 la volcadura de un autom\u00f3vil Tsuru color rojo en el kil\u00f3metro 104 de la autopista M\u00e9xico- Puebla a la altura del municipio de Huejotzingo.<\/p>\n<p>El accidente vehicular se registr\u00f3 al filo de las 15 horas, con direcci\u00f3n a la Ciudad de M\u00e9xico.<\/p>\n<p>En la referida zona, el conductor del veh\u00edculo particular perdi\u00f3 el control sobre el volante para luego volcar, por lo que los dos ocupantes de la unidad terminaron heridos.<\/p>\n<p>Sin embargo, la peor parte se la llev\u00f3 uno de los varones, el cual acab\u00f3 con la mano derecha casi destrozada.<\/p>\n<p>Testigos al percatarse del accidente abanderaron la zona y llamaron al n\u00famero de emergencias, por lo que param\u00e9dicos de la ambulancia ServiMed y elementos de la Guardia Nacional Secci\u00f3n Carreteras acudieron a la zona.<\/p>\n<p>Mientras el herido fue atendido y llevado a un hospital, el veh\u00edculo fue remolcado con ayuda de una gr\u00faa.<\/p>\n<p>Publicaci\u00f3n Original: <a href=\"https:\/\/www.elsoldepuebla.com.mx\/policiaca\/conductor-pierde-el-control-y-vuelca-su-unidad-en-huejotzingo-5303514.html\" target=\"_blank\" rel=\"noopener noreferrer\">https:\/\/www.elsoldepuebla.com.mx\/policiaca\/conductor-pierde-el-control-y-vuelca-su-unidad-en-huejotzingo-5303514.html<\/a><\/p>\n","protected":false},"excerpt":{"rendered":"<p>Dos lesionados, uno de ellos con la mano derecha casi destrozada, dej\u00f3 la volcadura de un autom\u00f3vil Tsuru color rojo en el kil\u00f3metro 104 de la autopista M\u00e9xico- Puebla a la altura del municipio de Huejotzingo. El accidente vehicular se registr\u00f3 al filo de las 15 horas, con direcci\u00f3n a la Ciudad de M\u00e9xico. En la referida zona, el conductor del veh\u00edculo particular perdi\u00f3 el control sobre el volante para luego volcar, por lo que los dos ocupantes de la unidad terminaron heridos. Sin embargo, la peor parte se la llev\u00f3 uno de los varones, el cual acab\u00f3 con la mano derecha casi destrozada. Testigos al percatarse del accidente abanderaron la zona y llamaron al n\u00famero de emergencias, por lo que param\u00e9dicos de la ambulancia ServiMed y elementos de la Guardia Nacional Secci\u00f3n Carreteras acudieron a la zona. Mientras el herido fue atendido y llevado a un hospital, el veh\u00edculo fue remolcado con ayuda de una gr\u00faa. Publicaci\u00f3n Original: https:\/\/www.elsoldepuebla.com.mx\/policiaca\/conductor-pierde-el-control-y-vuelca-su-unidad-en-huejotzingo-5303514.html<\/p>\n","protected":false},"author":1,"featured_media":12491,"comment_status":"closed","ping_status":"closed","sticky":false,"template":"","format":"standard","meta":{"_monsterinsights_skip_tracking":false,"_uf_show_specific_survey":0,"_uf_disable_surveys":false,"footnotes":""},"categories":[34],"tags":[],"class_list":["post-12487","post","type-post","status-publish","format-standard","has-post-thumbnail","hentry","category-puebla"],"yoast_head":"<!-- This site is optimized with the Yoast SEO plugin v27.5 - https:\/\/yoast.com\/product\/yoast-seo-wordpress\/ -->\n<title>Conductor pierde el control y vuelca su unidad en Huejotzingo - Fer Abrajan<\/title>\n<meta name=\"robots\" content=\"index, follow, max-snippet:-1, max-image-preview:large, max-video-preview:-1\" \/>\n<link rel=\"canonical\" href=\"https:\/\/ferabrajan.com\/portal\/2020\/06\/01\/conductor-pierde-el-control-y-vuelca-su-unidad-en-huejotzingo\/\" \/>\n<meta property=\"og:locale\" content=\"es_ES\" \/>\n<meta property=\"og:type\" content=\"article\" \/>\n<meta property=\"og:title\" content=\"Conductor pierde el control y vuelca su unidad en Huejotzingo - Fer Abrajan\" \/>\n<meta property=\"og:description\" content=\"Dos lesionados, uno de ellos con la mano derecha casi destrozada, dej\u00f3 la volcadura de un autom\u00f3vil Tsuru color rojo en el kil\u00f3metro 104 de la autopista M\u00e9xico- Puebla a la altura del municipio de Huejotzingo. El accidente vehicular se registr\u00f3 al filo de las 15 horas, con direcci\u00f3n a la Ciudad de M\u00e9xico. En la referida zona, el conductor del veh\u00edculo particular perdi\u00f3 el control sobre el volante para luego volcar, por lo que los dos ocupantes de la unidad terminaron heridos. Sin embargo, la peor parte se la llev\u00f3 uno de los varones, el cual acab\u00f3 con la mano derecha casi destrozada. Testigos al percatarse del accidente abanderaron la zona y llamaron al n\u00famero de emergencias, por lo que param\u00e9dicos de la ambulancia ServiMed y elementos de la Guardia Nacional Secci\u00f3n Carreteras acudieron a la zona. Mientras el herido fue atendido y llevado a un hospital, el veh\u00edculo fue remolcado con ayuda de una gr\u00faa. Publicaci\u00f3n Original: https:\/\/www.elsoldepuebla.com.mx\/policiaca\/conductor-pierde-el-control-y-vuelca-su-unidad-en-huejotzingo-5303514.html\" \/>\n<meta property=\"og:url\" content=\"https:\/\/ferabrajan.com\/portal\/2020\/06\/01\/conductor-pierde-el-control-y-vuelca-su-unidad-en-huejotzingo\/\" \/>\n<meta property=\"og:site_name\" content=\"Fer Abrajan\" \/>\n<meta property=\"article:publisher\" content=\"https:\/\/www.facebook.com\/NoticiasconFerAbrajan\/\" \/>\n<meta property=\"article:published_time\" content=\"2020-06-01T00:46:58+00:00\" \/>\n<meta name=\"author\" content=\"admin\" \/>\n<meta name=\"twitter:card\" content=\"summary_large_image\" \/>\n<meta name=\"twitter:creator\" content=\"@ferabrajan1\" \/>\n<meta name=\"twitter:site\" content=\"@ferabrajan1\" \/>\n<meta name=\"twitter:label1\" content=\"Escrito por\" \/>\n\t<meta name=\"twitter:data1\" content=\"admin\" \/>\n\t<meta name=\"twitter:label2\" content=\"Tiempo de lectura\" \/>\n\t<meta name=\"twitter:data2\" content=\"1 minuto\" \/>\n<script type=\"application\/ld+json\" class=\"yoast-schema-graph\">{\"@context\":\"https:\\\/\\\/schema.org\",\"@graph\":[{\"@type\":\"Article\",\"@id\":\"https:\\\/\\\/ferabrajan.com\\\/portal\\\/2020\\\/06\\\/01\\\/conductor-pierde-el-control-y-vuelca-su-unidad-en-huejotzingo\\\/#article\",\"isPartOf\":{\"@id\":\"https:\\\/\\\/ferabrajan.com\\\/portal\\\/2020\\\/06\\\/01\\\/conductor-pierde-el-control-y-vuelca-su-unidad-en-huejotzingo\\\/\"},\"author\":{\"name\":\"admin\",\"@id\":\"https:\\\/\\\/ferabrajan.com\\\/portal\\\/#\\\/schema\\\/person\\\/f6113b3cb1e036d5c6a9505685b257ba\"},\"headline\":\"Conductor pierde el control y vuelca su unidad en Huejotzingo\",\"datePublished\":\"2020-06-01T00:46:58+00:00\",\"mainEntityOfPage\":{\"@id\":\"https:\\\/\\\/ferabrajan.com\\\/portal\\\/2020\\\/06\\\/01\\\/conductor-pierde-el-control-y-vuelca-su-unidad-en-huejotzingo\\\/\"},\"wordCount\":187,\"publisher\":{\"@id\":\"https:\\\/\\\/ferabrajan.com\\\/portal\\\/#organization\"},\"image\":{\"@id\":\"https:\\\/\\\/ferabrajan.com\\\/portal\\\/2020\\\/06\\\/01\\\/conductor-pierde-el-control-y-vuelca-su-unidad-en-huejotzingo\\\/#primaryimage\"},\"thumbnailUrl\":\"\",\"articleSection\":[\"Puebla\"],\"inLanguage\":\"es\"},{\"@type\":\"WebPage\",\"@id\":\"https:\\\/\\\/ferabrajan.com\\\/portal\\\/2020\\\/06\\\/01\\\/conductor-pierde-el-control-y-vuelca-su-unidad-en-huejotzingo\\\/\",\"url\":\"https:\\\/\\\/ferabrajan.com\\\/portal\\\/2020\\\/06\\\/01\\\/conductor-pierde-el-control-y-vuelca-su-unidad-en-huejotzingo\\\/\",\"name\":\"Conductor pierde el control y vuelca su unidad en Huejotzingo - Fer Abrajan\",\"isPartOf\":{\"@id\":\"https:\\\/\\\/ferabrajan.com\\\/portal\\\/#website\"},\"primaryImageOfPage\":{\"@id\":\"https:\\\/\\\/ferabrajan.com\\\/portal\\\/2020\\\/06\\\/01\\\/conductor-pierde-el-control-y-vuelca-su-unidad-en-huejotzingo\\\/#primaryimage\"},\"image\":{\"@id\":\"https:\\\/\\\/ferabrajan.com\\\/portal\\\/2020\\\/06\\\/01\\\/conductor-pierde-el-control-y-vuelca-su-unidad-en-huejotzingo\\\/#primaryimage\"},\"thumbnailUrl\":\"\",\"datePublished\":\"2020-06-01T00:46:58+00:00\",\"breadcrumb\":{\"@id\":\"https:\\\/\\\/ferabrajan.com\\\/portal\\\/2020\\\/06\\\/01\\\/conductor-pierde-el-control-y-vuelca-su-unidad-en-huejotzingo\\\/#breadcrumb\"},\"inLanguage\":\"es\",\"potentialAction\":[{\"@type\":\"ReadAction\",\"target\":[\"https:\\\/\\\/ferabrajan.com\\\/portal\\\/2020\\\/06\\\/01\\\/conductor-pierde-el-control-y-vuelca-su-unidad-en-huejotzingo\\\/\"]}]},{\"@type\":\"ImageObject\",\"inLanguage\":\"es\",\"@id\":\"https:\\\/\\\/ferabrajan.com\\\/portal\\\/2020\\\/06\\\/01\\\/conductor-pierde-el-control-y-vuelca-su-unidad-en-huejotzingo\\\/#primaryimage\",\"url\":\"\",\"contentUrl\":\"\"},{\"@type\":\"BreadcrumbList\",\"@id\":\"https:\\\/\\\/ferabrajan.com\\\/portal\\\/2020\\\/06\\\/01\\\/conductor-pierde-el-control-y-vuelca-su-unidad-en-huejotzingo\\\/#breadcrumb\",\"itemListElement\":[{\"@type\":\"ListItem\",\"position\":1,\"name\":\"Portada\",\"item\":\"https:\\\/\\\/ferabrajan.com\\\/portal\\\/\"},{\"@type\":\"ListItem\",\"position\":2,\"name\":\"Conductor pierde el control y vuelca su unidad en Huejotzingo\"}]},{\"@type\":\"WebSite\",\"@id\":\"https:\\\/\\\/ferabrajan.com\\\/portal\\\/#website\",\"url\":\"https:\\\/\\\/ferabrajan.com\\\/portal\\\/\",\"name\":\"Fer Abrajan\",\"description\":\"Noticias de Puebla, opini\u00f3n y radio en vivo\",\"publisher\":{\"@id\":\"https:\\\/\\\/ferabrajan.com\\\/portal\\\/#organization\"},\"potentialAction\":[{\"@type\":\"SearchAction\",\"target\":{\"@type\":\"EntryPoint\",\"urlTemplate\":\"https:\\\/\\\/ferabrajan.com\\\/portal\\\/?s={search_term_string}\"},\"query-input\":{\"@type\":\"PropertyValueSpecification\",\"valueRequired\":true,\"valueName\":\"search_term_string\"}}],\"inLanguage\":\"es\"},{\"@type\":\"Organization\",\"@id\":\"https:\\\/\\\/ferabrajan.com\\\/portal\\\/#organization\",\"name\":\"Fer Abrajan\",\"url\":\"https:\\\/\\\/ferabrajan.com\\\/portal\\\/\",\"logo\":{\"@type\":\"ImageObject\",\"inLanguage\":\"es\",\"@id\":\"https:\\\/\\\/ferabrajan.com\\\/portal\\\/#\\\/schema\\\/logo\\\/image\\\/\",\"url\":\"https:\\\/\\\/ferabrajan.com\\\/portal\\\/wp-content\\\/uploads\\\/2024\\\/10\\\/cropped-logo.jpeg\",\"contentUrl\":\"https:\\\/\\\/ferabrajan.com\\\/portal\\\/wp-content\\\/uploads\\\/2024\\\/10\\\/cropped-logo.jpeg\",\"width\":500,\"height\":250,\"caption\":\"Fer Abrajan\"},\"image\":{\"@id\":\"https:\\\/\\\/ferabrajan.com\\\/portal\\\/#\\\/schema\\\/logo\\\/image\\\/\"},\"sameAs\":[\"https:\\\/\\\/www.facebook.com\\\/NoticiasconFerAbrajan\\\/\",\"https:\\\/\\\/x.com\\\/ferabrajan1\"]},{\"@type\":\"Person\",\"@id\":\"https:\\\/\\\/ferabrajan.com\\\/portal\\\/#\\\/schema\\\/person\\\/f6113b3cb1e036d5c6a9505685b257ba\",\"name\":\"admin\",\"image\":{\"@type\":\"ImageObject\",\"inLanguage\":\"es\",\"@id\":\"https:\\\/\\\/secure.gravatar.com\\\/avatar\\\/072baa72775aad53c748dfc5d3048578e01b6c087eef335459ebfa04344e2d18?s=96&d=mm&r=g\",\"url\":\"https:\\\/\\\/secure.gravatar.com\\\/avatar\\\/072baa72775aad53c748dfc5d3048578e01b6c087eef335459ebfa04344e2d18?s=96&d=mm&r=g\",\"contentUrl\":\"https:\\\/\\\/secure.gravatar.com\\\/avatar\\\/072baa72775aad53c748dfc5d3048578e01b6c087eef335459ebfa04344e2d18?s=96&d=mm&r=g\",\"caption\":\"admin\"},\"sameAs\":[\"https:\\\/\\\/ferabrajan.com\\\/portal\"],\"url\":\"https:\\\/\\\/ferabrajan.com\\\/portal\\\/author\\\/admin\\\/\"}]}<\/script>\n<!-- \/ Yoast SEO plugin. -->","yoast_head_json":{"title":"Conductor pierde el control y vuelca su unidad en Huejotzingo - Fer Abrajan","robots":{"index":"index","follow":"follow","max-snippet":"max-snippet:-1","max-image-preview":"max-image-preview:large","max-video-preview":"max-video-preview:-1"},"canonical":"https:\/\/ferabrajan.com\/portal\/2020\/06\/01\/conductor-pierde-el-control-y-vuelca-su-unidad-en-huejotzingo\/","og_locale":"es_ES","og_type":"article","og_title":"Conductor pierde el control y vuelca su unidad en Huejotzingo - Fer Abrajan","og_description":"Dos lesionados, uno de ellos con la mano derecha casi destrozada, dej\u00f3 la volcadura de un autom\u00f3vil Tsuru color rojo en el kil\u00f3metro 104 de la autopista M\u00e9xico- Puebla a la altura del municipio de Huejotzingo. El accidente vehicular se registr\u00f3 al filo de las 15 horas, con direcci\u00f3n a la Ciudad de M\u00e9xico. En la referida zona, el conductor del veh\u00edculo particular perdi\u00f3 el control sobre el volante para luego volcar, por lo que los dos ocupantes de la unidad terminaron heridos. Sin embargo, la peor parte se la llev\u00f3 uno de los varones, el cual acab\u00f3 con la mano derecha casi destrozada. Testigos al percatarse del accidente abanderaron la zona y llamaron al n\u00famero de emergencias, por lo que param\u00e9dicos de la ambulancia ServiMed y elementos de la Guardia Nacional Secci\u00f3n Carreteras acudieron a la zona. Mientras el herido fue atendido y llevado a un hospital, el veh\u00edculo fue remolcado con ayuda de una gr\u00faa. Publicaci\u00f3n Original: https:\/\/www.elsoldepuebla.com.mx\/policiaca\/conductor-pierde-el-control-y-vuelca-su-unidad-en-huejotzingo-5303514.html","og_url":"https:\/\/ferabrajan.com\/portal\/2020\/06\/01\/conductor-pierde-el-control-y-vuelca-su-unidad-en-huejotzingo\/","og_site_name":"Fer Abrajan","article_publisher":"https:\/\/www.facebook.com\/NoticiasconFerAbrajan\/","article_published_time":"2020-06-01T00:46:58+00:00","author":"admin","twitter_card":"summary_large_image","twitter_creator":"@ferabrajan1","twitter_site":"@ferabrajan1","twitter_misc":{"Escrito por":"admin","Tiempo de lectura":"1 minuto"},"schema":{"@context":"https:\/\/schema.org","@graph":[{"@type":"Article","@id":"https:\/\/ferabrajan.com\/portal\/2020\/06\/01\/conductor-pierde-el-control-y-vuelca-su-unidad-en-huejotzingo\/#article","isPartOf":{"@id":"https:\/\/ferabrajan.com\/portal\/2020\/06\/01\/conductor-pierde-el-control-y-vuelca-su-unidad-en-huejotzingo\/"},"author":{"name":"admin","@id":"https:\/\/ferabrajan.com\/portal\/#\/schema\/person\/f6113b3cb1e036d5c6a9505685b257ba"},"headline":"Conductor pierde el control y vuelca su unidad en Huejotzingo","datePublished":"2020-06-01T00:46:58+00:00","mainEntityOfPage":{"@id":"https:\/\/ferabrajan.com\/portal\/2020\/06\/01\/conductor-pierde-el-control-y-vuelca-su-unidad-en-huejotzingo\/"},"wordCount":187,"publisher":{"@id":"https:\/\/ferabrajan.com\/portal\/#organization"},"image":{"@id":"https:\/\/ferabrajan.com\/portal\/2020\/06\/01\/conductor-pierde-el-control-y-vuelca-su-unidad-en-huejotzingo\/#primaryimage"},"thumbnailUrl":"","articleSection":["Puebla"],"inLanguage":"es"},{"@type":"WebPage","@id":"https:\/\/ferabrajan.com\/portal\/2020\/06\/01\/conductor-pierde-el-control-y-vuelca-su-unidad-en-huejotzingo\/","url":"https:\/\/ferabrajan.com\/portal\/2020\/06\/01\/conductor-pierde-el-control-y-vuelca-su-unidad-en-huejotzingo\/","name":"Conductor pierde el control y vuelca su unidad en Huejotzingo - Fer Abrajan","isPartOf":{"@id":"https:\/\/ferabrajan.com\/portal\/#website"},"primaryImageOfPage":{"@id":"https:\/\/ferabrajan.com\/portal\/2020\/06\/01\/conductor-pierde-el-control-y-vuelca-su-unidad-en-huejotzingo\/#primaryimage"},"image":{"@id":"https:\/\/ferabrajan.com\/portal\/2020\/06\/01\/conductor-pierde-el-control-y-vuelca-su-unidad-en-huejotzingo\/#primaryimage"},"thumbnailUrl":"","datePublished":"2020-06-01T00:46:58+00:00","breadcrumb":{"@id":"https:\/\/ferabrajan.com\/portal\/2020\/06\/01\/conductor-pierde-el-control-y-vuelca-su-unidad-en-huejotzingo\/#breadcrumb"},"inLanguage":"es","potentialAction":[{"@type":"ReadAction","target":["https:\/\/ferabrajan.com\/portal\/2020\/06\/01\/conductor-pierde-el-control-y-vuelca-su-unidad-en-huejotzingo\/"]}]},{"@type":"ImageObject","inLanguage":"es","@id":"https:\/\/ferabrajan.com\/portal\/2020\/06\/01\/conductor-pierde-el-control-y-vuelca-su-unidad-en-huejotzingo\/#primaryimage","url":"","contentUrl":""},{"@type":"BreadcrumbList","@id":"https:\/\/ferabrajan.com\/portal\/2020\/06\/01\/conductor-pierde-el-control-y-vuelca-su-unidad-en-huejotzingo\/#breadcrumb","itemListElement":[{"@type":"ListItem","position":1,"name":"Portada","item":"https:\/\/ferabrajan.com\/portal\/"},{"@type":"ListItem","position":2,"name":"Conductor pierde el control y vuelca su unidad en Huejotzingo"}]},{"@type":"WebSite","@id":"https:\/\/ferabrajan.com\/portal\/#website","url":"https:\/\/ferabrajan.com\/portal\/","name":"Fer Abrajan","description":"Noticias de Puebla, opini\u00f3n y radio en vivo","publisher":{"@id":"https:\/\/ferabrajan.com\/portal\/#organization"},"potentialAction":[{"@type":"SearchAction","target":{"@type":"EntryPoint","urlTemplate":"https:\/\/ferabrajan.com\/portal\/?s={search_term_string}"},"query-input":{"@type":"PropertyValueSpecification","valueRequired":true,"valueName":"search_term_string"}}],"inLanguage":"es"},{"@type":"Organization","@id":"https:\/\/ferabrajan.com\/portal\/#organization","name":"Fer Abrajan","url":"https:\/\/ferabrajan.com\/portal\/","logo":{"@type":"ImageObject","inLanguage":"es","@id":"https:\/\/ferabrajan.com\/portal\/#\/schema\/logo\/image\/","url":"https:\/\/ferabrajan.com\/portal\/wp-content\/uploads\/2024\/10\/cropped-logo.jpeg","contentUrl":"https:\/\/ferabrajan.com\/portal\/wp-content\/uploads\/2024\/10\/cropped-logo.jpeg","width":500,"height":250,"caption":"Fer Abrajan"},"image":{"@id":"https:\/\/ferabrajan.com\/portal\/#\/schema\/logo\/image\/"},"sameAs":["https:\/\/www.facebook.com\/NoticiasconFerAbrajan\/","https:\/\/x.com\/ferabrajan1"]},{"@type":"Person","@id":"https:\/\/ferabrajan.com\/portal\/#\/schema\/person\/f6113b3cb1e036d5c6a9505685b257ba","name":"admin","image":{"@type":"ImageObject","inLanguage":"es","@id":"https:\/\/secure.gravatar.com\/avatar\/072baa72775aad53c748dfc5d3048578e01b6c087eef335459ebfa04344e2d18?s=96&d=mm&r=g","url":"https:\/\/secure.gravatar.com\/avatar\/072baa72775aad53c748dfc5d3048578e01b6c087eef335459ebfa04344e2d18?s=96&d=mm&r=g","contentUrl":"https:\/\/secure.gravatar.com\/avatar\/072baa72775aad53c748dfc5d3048578e01b6c087eef335459ebfa04344e2d18?s=96&d=mm&r=g","caption":"admin"},"sameAs":["https:\/\/ferabrajan.com\/portal"],"url":"https:\/\/ferabrajan.com\/portal\/author\/admin\/"}]}},"_links":{"self":[{"href":"https:\/\/ferabrajan.com\/portal\/wp-json\/wp\/v2\/posts\/12487","targetHints":{"allow":["GET"]}}],"collection":[{"href":"https:\/\/ferabrajan.com\/portal\/wp-json\/wp\/v2\/posts"}],"about":[{"href":"https:\/\/ferabrajan.com\/portal\/wp-json\/wp\/v2\/types\/post"}],"author":[{"embeddable":true,"href":"https:\/\/ferabrajan.com\/portal\/wp-json\/wp\/v2\/users\/1"}],"replies":[{"embeddable":true,"href":"https:\/\/ferabrajan.com\/portal\/wp-json\/wp\/v2\/comments?post=12487"}],"version-history":[{"count":0,"href":"https:\/\/ferabrajan.com\/portal\/wp-json\/wp\/v2\/posts\/12487\/revisions"}],"wp:attachment":[{"href":"https:\/\/ferabrajan.com\/portal\/wp-json\/wp\/v2\/media?parent=12487"}],"wp:term":[{"taxonomy":"category","embeddable":true,"href":"https:\/\/ferabrajan.com\/portal\/wp-json\/wp\/v2\/categories?post=12487"},{"taxonomy":"post_tag","embeddable":true,"href":"https:\/\/ferabrajan.com\/portal\/wp-json\/wp\/v2\/tags?post=12487"}],"curies":[{"name":"wp","href":"https:\/\/api.w.org\/{rel}","templated":true}]}}