{"id":12482,"date":"2020-06-01T00:47:46","date_gmt":"2020-06-01T00:47:46","guid":{"rendered":"https:\/\/www.elsoldepuebla.com.mx\/policiaca\/salio-a-cobrar-a-una-funeraria-y-encontro-la-muerte-a-golpes-en-el-centro-historico-de-puebla-inseguridad-5303504.html"},"modified":"2020-06-01T00:47:46","modified_gmt":"2020-06-01T00:47:46","slug":"salio-a-cobrar-a-una-funeraria-y-encontro-la-muerte-a-golpes-en-el-ch","status":"publish","type":"post","link":"https:\/\/ferabrajan.com\/portal\/2020\/06\/01\/salio-a-cobrar-a-una-funeraria-y-encontro-la-muerte-a-golpes-en-el-ch\/","title":{"rendered":"Sali\u00f3 a cobrar a una funeraria y encontr\u00f3 la muerte a golpes en el CH"},"content":{"rendered":"<div><img decoding=\"async\" src=\"https:\/\/www.elsoldepuebla.com.mx\/incoming\/xu2sud-mercado-5-mayo-gente\/ALTERNATES\/LANDSCAPE_1140\/MERCADO%205%20MAYO%20GENTE\" class=\"ff-og-image-inserted\"><\/div>\n<p>Durante una aparente ri\u00f1a, un hombre de 50 a\u00f1os de edad fue asesinado a golpes frente al mercado 5 de Mayo en el Centro Hist\u00f3rico de la ciudad de Puebla.<\/p>\n<p>El homicidio se registr\u00f3 este domingo por la madrugada, alrededor de las 1:23 horas, sobre la calle 5 Norte esquina con 16 Poniente.<\/p>\n<p>Al respecto, la esposa de la v\u00edctima de 50 a\u00f1os de edad, cont\u00f3 a las autoridades policiacas que su c\u00f3nyuge sali\u00f3 a cobrar un dinero a una funeraria, sin embargo, pas\u00f3 el tiempo y no supo m\u00e1s de \u00e9l hasta que le avisaron que su esposo se encontraba tirado y malherido, frente al mercado 5 de Mayo.<\/p>\n<p>Tras reconocerlo, la mujer con ayuda de los vecinos solicitaron el apoyo de los param\u00e9dicos y de la polic\u00eda.<\/p>\n<p>T\u00e9cnicos en Urgencias M\u00e9dicas de SUMA y elementos de la Secretar\u00eda de Seguridad Ciudadana (SSC) del municipio de Puebla a bordo de la patrulla VP-419, acudieron al sitio.<\/p>\n<p>Luego de que los param\u00e9dicos hicieran las revisiones prehospitalarias, encontraron que la v\u00edctima carec\u00eda de signos vitales a consecuencia de diversos golpes, principalmente por una contusi\u00f3n severa en el cr\u00e1neo.<\/p>\n<p>Ante los hechos, la zona fue acordonada para luego dar parte a los agentes estatales de investigaci\u00f3n, quienes encabezaron las diligencias del levantamiento de cad\u00e1ver.<\/p>\n<p>Aunque de forma inicial las autoridades municipales presumieron que todo deriv\u00f3 de una ri\u00f1a, ser\u00e1 conforme avancen las investigaciones en el caso, como se establezca el m\u00f3vil del asesinato.<\/p>\n<p>Mientras el cuerpo fue llevado a la morgue en espera de que mediste la necropsia de ley se confirme la causa del deceso.<\/p>\n<p>Publicaci\u00f3n Original: <a href=\"https:\/\/www.elsoldepuebla.com.mx\/policiaca\/salio-a-cobrar-a-una-funeraria-y-encontro-la-muerte-a-golpes-en-el-centro-historico-de-puebla-inseguridad-5303504.html\" target=\"_blank\" rel=\"noopener noreferrer\">https:\/\/www.elsoldepuebla.com.mx\/policiaca\/salio-a-cobrar-a-una-funeraria-y-encontro-la-muerte-a-golpes-en-el-centro-historico-de-puebla-inseguridad-5303504.html<\/a><\/p>\n","protected":false},"excerpt":{"rendered":"<p>Durante una aparente ri\u00f1a, un hombre de 50 a\u00f1os de edad fue asesinado a golpes frente al mercado 5 de Mayo en el Centro Hist\u00f3rico de la ciudad de Puebla. El homicidio se registr\u00f3 este domingo por la madrugada, alrededor de las 1:23 horas, sobre la calle 5 Norte esquina con 16 Poniente. Al respecto, la esposa de la v\u00edctima de 50 a\u00f1os de edad, cont\u00f3 a las autoridades policiacas que su c\u00f3nyuge sali\u00f3 a cobrar un dinero a una funeraria, sin embargo, pas\u00f3 el tiempo y no supo m\u00e1s de \u00e9l hasta que le avisaron que su esposo se encontraba tirado y malherido, frente al mercado 5 de Mayo. Tras reconocerlo, la mujer con ayuda de los vecinos solicitaron el apoyo de los param\u00e9dicos y de la polic\u00eda. T\u00e9cnicos en Urgencias M\u00e9dicas de SUMA y elementos de la Secretar\u00eda de Seguridad Ciudadana (SSC) del municipio de Puebla a bordo de la patrulla VP-419, acudieron al sitio. Luego de que los param\u00e9dicos hicieran las revisiones prehospitalarias, encontraron que la v\u00edctima carec\u00eda de signos vitales a consecuencia de diversos golpes, principalmente por una contusi\u00f3n severa en el cr\u00e1neo. Ante los hechos, la zona fue acordonada para luego dar parte a los agentes estatales de investigaci\u00f3n, quienes encabezaron las diligencias del levantamiento de cad\u00e1ver. Aunque de forma inicial las autoridades municipales presumieron que todo deriv\u00f3 de una ri\u00f1a, ser\u00e1 conforme avancen las investigaciones en el caso, como se establezca el m\u00f3vil del asesinato. Mientras el cuerpo fue llevado a la morgue en espera de que mediste la necropsia de ley se confirme la causa del deceso. Publicaci\u00f3n Original: https:\/\/www.elsoldepuebla.com.mx\/policiaca\/salio-a-cobrar-a-una-funeraria-y-encontro-la-muerte-a-golpes-en-el-centro-historico-de-puebla-inseguridad-5303504.html<\/p>\n","protected":false},"author":1,"featured_media":12486,"comment_status":"closed","ping_status":"closed","sticky":false,"template":"","format":"standard","meta":{"_monsterinsights_skip_tracking":false,"_uf_show_specific_survey":0,"_uf_disable_surveys":false,"footnotes":""},"categories":[34],"tags":[],"class_list":["post-12482","post","type-post","status-publish","format-standard","has-post-thumbnail","hentry","category-puebla"],"yoast_head":"<!-- This site is optimized with the Yoast SEO plugin v27.5 - https:\/\/yoast.com\/product\/yoast-seo-wordpress\/ -->\n<title>Sali\u00f3 a cobrar a una funeraria y encontr\u00f3 la muerte a golpes en el CH - Fer Abrajan<\/title>\n<meta name=\"robots\" content=\"index, follow, max-snippet:-1, max-image-preview:large, max-video-preview:-1\" \/>\n<link rel=\"canonical\" href=\"https:\/\/ferabrajan.com\/portal\/2020\/06\/01\/salio-a-cobrar-a-una-funeraria-y-encontro-la-muerte-a-golpes-en-el-ch\/\" \/>\n<meta property=\"og:locale\" content=\"es_ES\" \/>\n<meta property=\"og:type\" content=\"article\" \/>\n<meta property=\"og:title\" content=\"Sali\u00f3 a cobrar a una funeraria y encontr\u00f3 la muerte a golpes en el CH - Fer Abrajan\" \/>\n<meta property=\"og:description\" content=\"Durante una aparente ri\u00f1a, un hombre de 50 a\u00f1os de edad fue asesinado a golpes frente al mercado 5 de Mayo en el Centro Hist\u00f3rico de la ciudad de Puebla. El homicidio se registr\u00f3 este domingo por la madrugada, alrededor de las 1:23 horas, sobre la calle 5 Norte esquina con 16 Poniente. Al respecto, la esposa de la v\u00edctima de 50 a\u00f1os de edad, cont\u00f3 a las autoridades policiacas que su c\u00f3nyuge sali\u00f3 a cobrar un dinero a una funeraria, sin embargo, pas\u00f3 el tiempo y no supo m\u00e1s de \u00e9l hasta que le avisaron que su esposo se encontraba tirado y malherido, frente al mercado 5 de Mayo. Tras reconocerlo, la mujer con ayuda de los vecinos solicitaron el apoyo de los param\u00e9dicos y de la polic\u00eda. T\u00e9cnicos en Urgencias M\u00e9dicas de SUMA y elementos de la Secretar\u00eda de Seguridad Ciudadana (SSC) del municipio de Puebla a bordo de la patrulla VP-419, acudieron al sitio. Luego de que los param\u00e9dicos hicieran las revisiones prehospitalarias, encontraron que la v\u00edctima carec\u00eda de signos vitales a consecuencia de diversos golpes, principalmente por una contusi\u00f3n severa en el cr\u00e1neo. Ante los hechos, la zona fue acordonada para luego dar parte a los agentes estatales de investigaci\u00f3n, quienes encabezaron las diligencias del levantamiento de cad\u00e1ver. Aunque de forma inicial las autoridades municipales presumieron que todo deriv\u00f3 de una ri\u00f1a, ser\u00e1 conforme avancen las investigaciones en el caso, como se establezca el m\u00f3vil del asesinato. Mientras el cuerpo fue llevado a la morgue en espera de que mediste la necropsia de ley se confirme la causa del deceso. Publicaci\u00f3n Original: https:\/\/www.elsoldepuebla.com.mx\/policiaca\/salio-a-cobrar-a-una-funeraria-y-encontro-la-muerte-a-golpes-en-el-centro-historico-de-puebla-inseguridad-5303504.html\" \/>\n<meta property=\"og:url\" content=\"https:\/\/ferabrajan.com\/portal\/2020\/06\/01\/salio-a-cobrar-a-una-funeraria-y-encontro-la-muerte-a-golpes-en-el-ch\/\" \/>\n<meta property=\"og:site_name\" content=\"Fer Abrajan\" \/>\n<meta property=\"article:publisher\" content=\"https:\/\/www.facebook.com\/NoticiasconFerAbrajan\/\" \/>\n<meta property=\"article:published_time\" content=\"2020-06-01T00:47:46+00:00\" \/>\n<meta name=\"author\" content=\"admin\" \/>\n<meta name=\"twitter:card\" content=\"summary_large_image\" \/>\n<meta name=\"twitter:creator\" content=\"@ferabrajan1\" \/>\n<meta name=\"twitter:site\" content=\"@ferabrajan1\" \/>\n<meta name=\"twitter:label1\" content=\"Escrito por\" \/>\n\t<meta name=\"twitter:data1\" content=\"admin\" \/>\n\t<meta name=\"twitter:label2\" content=\"Tiempo de lectura\" \/>\n\t<meta name=\"twitter:data2\" content=\"1 minuto\" \/>\n<script type=\"application\/ld+json\" class=\"yoast-schema-graph\">{\"@context\":\"https:\\\/\\\/schema.org\",\"@graph\":[{\"@type\":\"Article\",\"@id\":\"https:\\\/\\\/ferabrajan.com\\\/portal\\\/2020\\\/06\\\/01\\\/salio-a-cobrar-a-una-funeraria-y-encontro-la-muerte-a-golpes-en-el-ch\\\/#article\",\"isPartOf\":{\"@id\":\"https:\\\/\\\/ferabrajan.com\\\/portal\\\/2020\\\/06\\\/01\\\/salio-a-cobrar-a-una-funeraria-y-encontro-la-muerte-a-golpes-en-el-ch\\\/\"},\"author\":{\"name\":\"admin\",\"@id\":\"https:\\\/\\\/ferabrajan.com\\\/portal\\\/#\\\/schema\\\/person\\\/f6113b3cb1e036d5c6a9505685b257ba\"},\"headline\":\"Sali\u00f3 a cobrar a una funeraria y encontr\u00f3 la muerte a golpes en el CH\",\"datePublished\":\"2020-06-01T00:47:46+00:00\",\"mainEntityOfPage\":{\"@id\":\"https:\\\/\\\/ferabrajan.com\\\/portal\\\/2020\\\/06\\\/01\\\/salio-a-cobrar-a-una-funeraria-y-encontro-la-muerte-a-golpes-en-el-ch\\\/\"},\"wordCount\":304,\"publisher\":{\"@id\":\"https:\\\/\\\/ferabrajan.com\\\/portal\\\/#organization\"},\"image\":{\"@id\":\"https:\\\/\\\/ferabrajan.com\\\/portal\\\/2020\\\/06\\\/01\\\/salio-a-cobrar-a-una-funeraria-y-encontro-la-muerte-a-golpes-en-el-ch\\\/#primaryimage\"},\"thumbnailUrl\":\"\",\"articleSection\":[\"Puebla\"],\"inLanguage\":\"es\"},{\"@type\":\"WebPage\",\"@id\":\"https:\\\/\\\/ferabrajan.com\\\/portal\\\/2020\\\/06\\\/01\\\/salio-a-cobrar-a-una-funeraria-y-encontro-la-muerte-a-golpes-en-el-ch\\\/\",\"url\":\"https:\\\/\\\/ferabrajan.com\\\/portal\\\/2020\\\/06\\\/01\\\/salio-a-cobrar-a-una-funeraria-y-encontro-la-muerte-a-golpes-en-el-ch\\\/\",\"name\":\"Sali\u00f3 a cobrar a una funeraria y encontr\u00f3 la muerte a golpes en el CH - Fer Abrajan\",\"isPartOf\":{\"@id\":\"https:\\\/\\\/ferabrajan.com\\\/portal\\\/#website\"},\"primaryImageOfPage\":{\"@id\":\"https:\\\/\\\/ferabrajan.com\\\/portal\\\/2020\\\/06\\\/01\\\/salio-a-cobrar-a-una-funeraria-y-encontro-la-muerte-a-golpes-en-el-ch\\\/#primaryimage\"},\"image\":{\"@id\":\"https:\\\/\\\/ferabrajan.com\\\/portal\\\/2020\\\/06\\\/01\\\/salio-a-cobrar-a-una-funeraria-y-encontro-la-muerte-a-golpes-en-el-ch\\\/#primaryimage\"},\"thumbnailUrl\":\"\",\"datePublished\":\"2020-06-01T00:47:46+00:00\",\"breadcrumb\":{\"@id\":\"https:\\\/\\\/ferabrajan.com\\\/portal\\\/2020\\\/06\\\/01\\\/salio-a-cobrar-a-una-funeraria-y-encontro-la-muerte-a-golpes-en-el-ch\\\/#breadcrumb\"},\"inLanguage\":\"es\",\"potentialAction\":[{\"@type\":\"ReadAction\",\"target\":[\"https:\\\/\\\/ferabrajan.com\\\/portal\\\/2020\\\/06\\\/01\\\/salio-a-cobrar-a-una-funeraria-y-encontro-la-muerte-a-golpes-en-el-ch\\\/\"]}]},{\"@type\":\"ImageObject\",\"inLanguage\":\"es\",\"@id\":\"https:\\\/\\\/ferabrajan.com\\\/portal\\\/2020\\\/06\\\/01\\\/salio-a-cobrar-a-una-funeraria-y-encontro-la-muerte-a-golpes-en-el-ch\\\/#primaryimage\",\"url\":\"\",\"contentUrl\":\"\"},{\"@type\":\"BreadcrumbList\",\"@id\":\"https:\\\/\\\/ferabrajan.com\\\/portal\\\/2020\\\/06\\\/01\\\/salio-a-cobrar-a-una-funeraria-y-encontro-la-muerte-a-golpes-en-el-ch\\\/#breadcrumb\",\"itemListElement\":[{\"@type\":\"ListItem\",\"position\":1,\"name\":\"Portada\",\"item\":\"https:\\\/\\\/ferabrajan.com\\\/portal\\\/\"},{\"@type\":\"ListItem\",\"position\":2,\"name\":\"Sali\u00f3 a cobrar a una funeraria y encontr\u00f3 la muerte a golpes en el CH\"}]},{\"@type\":\"WebSite\",\"@id\":\"https:\\\/\\\/ferabrajan.com\\\/portal\\\/#website\",\"url\":\"https:\\\/\\\/ferabrajan.com\\\/portal\\\/\",\"name\":\"Fer Abrajan\",\"description\":\"Noticias de Puebla, opini\u00f3n y radio en vivo\",\"publisher\":{\"@id\":\"https:\\\/\\\/ferabrajan.com\\\/portal\\\/#organization\"},\"potentialAction\":[{\"@type\":\"SearchAction\",\"target\":{\"@type\":\"EntryPoint\",\"urlTemplate\":\"https:\\\/\\\/ferabrajan.com\\\/portal\\\/?s={search_term_string}\"},\"query-input\":{\"@type\":\"PropertyValueSpecification\",\"valueRequired\":true,\"valueName\":\"search_term_string\"}}],\"inLanguage\":\"es\"},{\"@type\":\"Organization\",\"@id\":\"https:\\\/\\\/ferabrajan.com\\\/portal\\\/#organization\",\"name\":\"Fer Abrajan\",\"url\":\"https:\\\/\\\/ferabrajan.com\\\/portal\\\/\",\"logo\":{\"@type\":\"ImageObject\",\"inLanguage\":\"es\",\"@id\":\"https:\\\/\\\/ferabrajan.com\\\/portal\\\/#\\\/schema\\\/logo\\\/image\\\/\",\"url\":\"https:\\\/\\\/ferabrajan.com\\\/portal\\\/wp-content\\\/uploads\\\/2024\\\/10\\\/cropped-logo.jpeg\",\"contentUrl\":\"https:\\\/\\\/ferabrajan.com\\\/portal\\\/wp-content\\\/uploads\\\/2024\\\/10\\\/cropped-logo.jpeg\",\"width\":500,\"height\":250,\"caption\":\"Fer Abrajan\"},\"image\":{\"@id\":\"https:\\\/\\\/ferabrajan.com\\\/portal\\\/#\\\/schema\\\/logo\\\/image\\\/\"},\"sameAs\":[\"https:\\\/\\\/www.facebook.com\\\/NoticiasconFerAbrajan\\\/\",\"https:\\\/\\\/x.com\\\/ferabrajan1\"]},{\"@type\":\"Person\",\"@id\":\"https:\\\/\\\/ferabrajan.com\\\/portal\\\/#\\\/schema\\\/person\\\/f6113b3cb1e036d5c6a9505685b257ba\",\"name\":\"admin\",\"image\":{\"@type\":\"ImageObject\",\"inLanguage\":\"es\",\"@id\":\"https:\\\/\\\/secure.gravatar.com\\\/avatar\\\/072baa72775aad53c748dfc5d3048578e01b6c087eef335459ebfa04344e2d18?s=96&d=mm&r=g\",\"url\":\"https:\\\/\\\/secure.gravatar.com\\\/avatar\\\/072baa72775aad53c748dfc5d3048578e01b6c087eef335459ebfa04344e2d18?s=96&d=mm&r=g\",\"contentUrl\":\"https:\\\/\\\/secure.gravatar.com\\\/avatar\\\/072baa72775aad53c748dfc5d3048578e01b6c087eef335459ebfa04344e2d18?s=96&d=mm&r=g\",\"caption\":\"admin\"},\"sameAs\":[\"https:\\\/\\\/ferabrajan.com\\\/portal\"],\"url\":\"https:\\\/\\\/ferabrajan.com\\\/portal\\\/author\\\/admin\\\/\"}]}<\/script>\n<!-- \/ Yoast SEO plugin. -->","yoast_head_json":{"title":"Sali\u00f3 a cobrar a una funeraria y encontr\u00f3 la muerte a golpes en el CH - Fer Abrajan","robots":{"index":"index","follow":"follow","max-snippet":"max-snippet:-1","max-image-preview":"max-image-preview:large","max-video-preview":"max-video-preview:-1"},"canonical":"https:\/\/ferabrajan.com\/portal\/2020\/06\/01\/salio-a-cobrar-a-una-funeraria-y-encontro-la-muerte-a-golpes-en-el-ch\/","og_locale":"es_ES","og_type":"article","og_title":"Sali\u00f3 a cobrar a una funeraria y encontr\u00f3 la muerte a golpes en el CH - Fer Abrajan","og_description":"Durante una aparente ri\u00f1a, un hombre de 50 a\u00f1os de edad fue asesinado a golpes frente al mercado 5 de Mayo en el Centro Hist\u00f3rico de la ciudad de Puebla. El homicidio se registr\u00f3 este domingo por la madrugada, alrededor de las 1:23 horas, sobre la calle 5 Norte esquina con 16 Poniente. Al respecto, la esposa de la v\u00edctima de 50 a\u00f1os de edad, cont\u00f3 a las autoridades policiacas que su c\u00f3nyuge sali\u00f3 a cobrar un dinero a una funeraria, sin embargo, pas\u00f3 el tiempo y no supo m\u00e1s de \u00e9l hasta que le avisaron que su esposo se encontraba tirado y malherido, frente al mercado 5 de Mayo. Tras reconocerlo, la mujer con ayuda de los vecinos solicitaron el apoyo de los param\u00e9dicos y de la polic\u00eda. T\u00e9cnicos en Urgencias M\u00e9dicas de SUMA y elementos de la Secretar\u00eda de Seguridad Ciudadana (SSC) del municipio de Puebla a bordo de la patrulla VP-419, acudieron al sitio. Luego de que los param\u00e9dicos hicieran las revisiones prehospitalarias, encontraron que la v\u00edctima carec\u00eda de signos vitales a consecuencia de diversos golpes, principalmente por una contusi\u00f3n severa en el cr\u00e1neo. Ante los hechos, la zona fue acordonada para luego dar parte a los agentes estatales de investigaci\u00f3n, quienes encabezaron las diligencias del levantamiento de cad\u00e1ver. Aunque de forma inicial las autoridades municipales presumieron que todo deriv\u00f3 de una ri\u00f1a, ser\u00e1 conforme avancen las investigaciones en el caso, como se establezca el m\u00f3vil del asesinato. Mientras el cuerpo fue llevado a la morgue en espera de que mediste la necropsia de ley se confirme la causa del deceso. Publicaci\u00f3n Original: https:\/\/www.elsoldepuebla.com.mx\/policiaca\/salio-a-cobrar-a-una-funeraria-y-encontro-la-muerte-a-golpes-en-el-centro-historico-de-puebla-inseguridad-5303504.html","og_url":"https:\/\/ferabrajan.com\/portal\/2020\/06\/01\/salio-a-cobrar-a-una-funeraria-y-encontro-la-muerte-a-golpes-en-el-ch\/","og_site_name":"Fer Abrajan","article_publisher":"https:\/\/www.facebook.com\/NoticiasconFerAbrajan\/","article_published_time":"2020-06-01T00:47:46+00:00","author":"admin","twitter_card":"summary_large_image","twitter_creator":"@ferabrajan1","twitter_site":"@ferabrajan1","twitter_misc":{"Escrito por":"admin","Tiempo de lectura":"1 minuto"},"schema":{"@context":"https:\/\/schema.org","@graph":[{"@type":"Article","@id":"https:\/\/ferabrajan.com\/portal\/2020\/06\/01\/salio-a-cobrar-a-una-funeraria-y-encontro-la-muerte-a-golpes-en-el-ch\/#article","isPartOf":{"@id":"https:\/\/ferabrajan.com\/portal\/2020\/06\/01\/salio-a-cobrar-a-una-funeraria-y-encontro-la-muerte-a-golpes-en-el-ch\/"},"author":{"name":"admin","@id":"https:\/\/ferabrajan.com\/portal\/#\/schema\/person\/f6113b3cb1e036d5c6a9505685b257ba"},"headline":"Sali\u00f3 a cobrar a una funeraria y encontr\u00f3 la muerte a golpes en el CH","datePublished":"2020-06-01T00:47:46+00:00","mainEntityOfPage":{"@id":"https:\/\/ferabrajan.com\/portal\/2020\/06\/01\/salio-a-cobrar-a-una-funeraria-y-encontro-la-muerte-a-golpes-en-el-ch\/"},"wordCount":304,"publisher":{"@id":"https:\/\/ferabrajan.com\/portal\/#organization"},"image":{"@id":"https:\/\/ferabrajan.com\/portal\/2020\/06\/01\/salio-a-cobrar-a-una-funeraria-y-encontro-la-muerte-a-golpes-en-el-ch\/#primaryimage"},"thumbnailUrl":"","articleSection":["Puebla"],"inLanguage":"es"},{"@type":"WebPage","@id":"https:\/\/ferabrajan.com\/portal\/2020\/06\/01\/salio-a-cobrar-a-una-funeraria-y-encontro-la-muerte-a-golpes-en-el-ch\/","url":"https:\/\/ferabrajan.com\/portal\/2020\/06\/01\/salio-a-cobrar-a-una-funeraria-y-encontro-la-muerte-a-golpes-en-el-ch\/","name":"Sali\u00f3 a cobrar a una funeraria y encontr\u00f3 la muerte a golpes en el CH - Fer Abrajan","isPartOf":{"@id":"https:\/\/ferabrajan.com\/portal\/#website"},"primaryImageOfPage":{"@id":"https:\/\/ferabrajan.com\/portal\/2020\/06\/01\/salio-a-cobrar-a-una-funeraria-y-encontro-la-muerte-a-golpes-en-el-ch\/#primaryimage"},"image":{"@id":"https:\/\/ferabrajan.com\/portal\/2020\/06\/01\/salio-a-cobrar-a-una-funeraria-y-encontro-la-muerte-a-golpes-en-el-ch\/#primaryimage"},"thumbnailUrl":"","datePublished":"2020-06-01T00:47:46+00:00","breadcrumb":{"@id":"https:\/\/ferabrajan.com\/portal\/2020\/06\/01\/salio-a-cobrar-a-una-funeraria-y-encontro-la-muerte-a-golpes-en-el-ch\/#breadcrumb"},"inLanguage":"es","potentialAction":[{"@type":"ReadAction","target":["https:\/\/ferabrajan.com\/portal\/2020\/06\/01\/salio-a-cobrar-a-una-funeraria-y-encontro-la-muerte-a-golpes-en-el-ch\/"]}]},{"@type":"ImageObject","inLanguage":"es","@id":"https:\/\/ferabrajan.com\/portal\/2020\/06\/01\/salio-a-cobrar-a-una-funeraria-y-encontro-la-muerte-a-golpes-en-el-ch\/#primaryimage","url":"","contentUrl":""},{"@type":"BreadcrumbList","@id":"https:\/\/ferabrajan.com\/portal\/2020\/06\/01\/salio-a-cobrar-a-una-funeraria-y-encontro-la-muerte-a-golpes-en-el-ch\/#breadcrumb","itemListElement":[{"@type":"ListItem","position":1,"name":"Portada","item":"https:\/\/ferabrajan.com\/portal\/"},{"@type":"ListItem","position":2,"name":"Sali\u00f3 a cobrar a una funeraria y encontr\u00f3 la muerte a golpes en el CH"}]},{"@type":"WebSite","@id":"https:\/\/ferabrajan.com\/portal\/#website","url":"https:\/\/ferabrajan.com\/portal\/","name":"Fer Abrajan","description":"Noticias de Puebla, opini\u00f3n y radio en vivo","publisher":{"@id":"https:\/\/ferabrajan.com\/portal\/#organization"},"potentialAction":[{"@type":"SearchAction","target":{"@type":"EntryPoint","urlTemplate":"https:\/\/ferabrajan.com\/portal\/?s={search_term_string}"},"query-input":{"@type":"PropertyValueSpecification","valueRequired":true,"valueName":"search_term_string"}}],"inLanguage":"es"},{"@type":"Organization","@id":"https:\/\/ferabrajan.com\/portal\/#organization","name":"Fer Abrajan","url":"https:\/\/ferabrajan.com\/portal\/","logo":{"@type":"ImageObject","inLanguage":"es","@id":"https:\/\/ferabrajan.com\/portal\/#\/schema\/logo\/image\/","url":"https:\/\/ferabrajan.com\/portal\/wp-content\/uploads\/2024\/10\/cropped-logo.jpeg","contentUrl":"https:\/\/ferabrajan.com\/portal\/wp-content\/uploads\/2024\/10\/cropped-logo.jpeg","width":500,"height":250,"caption":"Fer Abrajan"},"image":{"@id":"https:\/\/ferabrajan.com\/portal\/#\/schema\/logo\/image\/"},"sameAs":["https:\/\/www.facebook.com\/NoticiasconFerAbrajan\/","https:\/\/x.com\/ferabrajan1"]},{"@type":"Person","@id":"https:\/\/ferabrajan.com\/portal\/#\/schema\/person\/f6113b3cb1e036d5c6a9505685b257ba","name":"admin","image":{"@type":"ImageObject","inLanguage":"es","@id":"https:\/\/secure.gravatar.com\/avatar\/072baa72775aad53c748dfc5d3048578e01b6c087eef335459ebfa04344e2d18?s=96&d=mm&r=g","url":"https:\/\/secure.gravatar.com\/avatar\/072baa72775aad53c748dfc5d3048578e01b6c087eef335459ebfa04344e2d18?s=96&d=mm&r=g","contentUrl":"https:\/\/secure.gravatar.com\/avatar\/072baa72775aad53c748dfc5d3048578e01b6c087eef335459ebfa04344e2d18?s=96&d=mm&r=g","caption":"admin"},"sameAs":["https:\/\/ferabrajan.com\/portal"],"url":"https:\/\/ferabrajan.com\/portal\/author\/admin\/"}]}},"_links":{"self":[{"href":"https:\/\/ferabrajan.com\/portal\/wp-json\/wp\/v2\/posts\/12482","targetHints":{"allow":["GET"]}}],"collection":[{"href":"https:\/\/ferabrajan.com\/portal\/wp-json\/wp\/v2\/posts"}],"about":[{"href":"https:\/\/ferabrajan.com\/portal\/wp-json\/wp\/v2\/types\/post"}],"author":[{"embeddable":true,"href":"https:\/\/ferabrajan.com\/portal\/wp-json\/wp\/v2\/users\/1"}],"replies":[{"embeddable":true,"href":"https:\/\/ferabrajan.com\/portal\/wp-json\/wp\/v2\/comments?post=12482"}],"version-history":[{"count":0,"href":"https:\/\/ferabrajan.com\/portal\/wp-json\/wp\/v2\/posts\/12482\/revisions"}],"wp:attachment":[{"href":"https:\/\/ferabrajan.com\/portal\/wp-json\/wp\/v2\/media?parent=12482"}],"wp:term":[{"taxonomy":"category","embeddable":true,"href":"https:\/\/ferabrajan.com\/portal\/wp-json\/wp\/v2\/categories?post=12482"},{"taxonomy":"post_tag","embeddable":true,"href":"https:\/\/ferabrajan.com\/portal\/wp-json\/wp\/v2\/tags?post=12482"}],"curies":[{"name":"wp","href":"https:\/\/api.w.org\/{rel}","templated":true}]}}