{"id":12447,"date":"2020-05-31T19:28:00","date_gmt":"2020-05-31T19:28:00","guid":{"rendered":"http:\/\/www.ferabrajan.com\/?p=12447"},"modified":"2020-05-31T19:28:00","modified_gmt":"2020-05-31T19:28:00","slug":"ramirez-cuellar-lamenta-actitud-golpista-de-gobernadores-y-oposicion","status":"publish","type":"post","link":"https:\/\/ferabrajan.com\/portal\/2020\/05\/31\/ramirez-cuellar-lamenta-actitud-golpista-de-gobernadores-y-oposicion\/","title":{"rendered":"Ram\u00edrez Cuellar lamenta &#034;actitud golpista&#034; de gobernadores y oposici\u00f3n"},"content":{"rendered":"<div><img decoding=\"async\" src=\"https:\/\/www.eluniversal.com.mx\/sites\/default\/files\/styles\/f03-651x400\/public\/2020\/05\/30\/ramirez_cuellar.jpg?itok=l_S15RGe\" class=\"ff-og-image-inserted\"><\/div>\n<p>Alfonso Ram\u00edrez Cu\u00e9llar, presidente nacional de <strong>Morena<\/strong>, lament\u00f3 la actitud golpista promovida por algunos gobiernos estatales y dirigentes pol\u00edticos de partidos de oposici\u00f3n.<\/p>\n<p>\u00abHay un respeto absoluto a la libre manifestaci\u00f3n, pero no pueden continuar con discursos de odio ni generar inestabilidad pol\u00edtica en el pa\u00eds\u00bb, escribi\u00f3 en sus redes sociales.&nbsp;<br \/>&nbsp;<\/p>\n<blockquote class=\"twitter-tweet\">\n<p dir=\"ltr\" lang=\"es\" xml:lang=\"es\">En Morena condenamos la actitud golpista promovida por algunos gobiernos estatales y dirigentes pol\u00edticos de partidos de oposici\u00f3n. Hay un respeto absoluto a la libre manifestaci\u00f3n, pero no pueden continuar con discursos de odio ni generar inestabilidad pol\u00edtica en el pa\u00eds. (1\/3)<\/p>\n<p>\u2014 Alfonso Ram\u00edrez Cu\u00e9llar (@aramirezcuellar) <a href=\"https:\/\/twitter.com\/aramirezcuellar\/status\/1266774755610329090?ref_src=twsrc%5Etfw\">May 30, 2020<\/a><\/p>\n<\/blockquote>\n<p>Ante dicha situaci\u00f3n, <strong>Ram\u00edrez Cu\u00e9llar<\/strong> se\u00f1al\u00f3 que los gobernadores y pol\u00edticos que promueven una situaci\u00f3n de caos deben dar la cara y abrir el debate institucional.<\/p>\n<p>\u00abLos cambios deben realizarse por la v\u00eda institucional. El pr\u00f3ximo a\u00f1o habr\u00e1 elecciones y en marzo de 2021 se realizar\u00e1 el proceso de revocaci\u00f3n de mandato\u00bb, a\u00f1adi\u00f3.<\/p>\n<p><strong>Lee tambi\u00e9n: <a href=\"https:\/\/www.eluniversal.com.mx\/estados\/es-increible-el-nivel-de-cinismo-de-lopez-gatell-gobernador-de-jalisco\" target=\"_blank\" rel=\"noopener noreferrer\">\u00abEs incre\u00edble el nivel de cinismo de L\u00f3pez Gatell\u00bb; gobernador de Jalisco<\/a><\/strong><\/p>\n<p>Ram\u00edrez Cu\u00e9llar puntualiz\u00f3 que la mayor\u00eda de ciudadanas y ciudadanos rechazan el comportamiento de ruptura y la actitud golpista, mismo que afecta la estabilidad del pa\u00eds.<\/p>\n<p>shgm\/ed<\/p>\n<p>Publicaci\u00f3n Original: <a href=\"https:\/\/www.eluniversal.com.mx\/nacion\/politica\/ramirez-cuellar-lamenta-actitud-golpista-de-gobernadores-y-oposicion\" target=\"_blank\" rel=\"noopener noreferrer\">https:\/\/www.eluniversal.com.mx\/nacion\/politica\/ramirez-cuellar-lamenta-actitud-golpista-de-gobernadores-y-oposicion<\/a><\/p>\n","protected":false},"excerpt":{"rendered":"<p>Alfonso Ram\u00edrez Cu\u00e9llar, presidente nacional de Morena, lament\u00f3 la actitud golpista promovida por algunos gobiernos estatales y dirigentes pol\u00edticos de partidos de oposici\u00f3n. \u00abHay un respeto absoluto a la libre manifestaci\u00f3n, pero no pueden continuar con discursos de odio ni generar inestabilidad pol\u00edtica en el pa\u00eds\u00bb, escribi\u00f3 en sus redes sociales.&nbsp;&nbsp; En Morena condenamos la actitud golpista promovida por algunos gobiernos estatales y dirigentes pol\u00edticos de partidos de oposici\u00f3n. Hay un respeto absoluto a la libre manifestaci\u00f3n, pero no pueden continuar con discursos de odio ni generar inestabilidad pol\u00edtica en el pa\u00eds. (1\/3) \u2014 Alfonso Ram\u00edrez Cu\u00e9llar (@aramirezcuellar) May 30, 2020 Ante dicha situaci\u00f3n, Ram\u00edrez Cu\u00e9llar se\u00f1al\u00f3 que los gobernadores y pol\u00edticos que promueven una situaci\u00f3n de caos deben dar la cara y abrir el debate institucional. \u00abLos cambios deben realizarse por la v\u00eda institucional. El pr\u00f3ximo a\u00f1o habr\u00e1 elecciones y en marzo de 2021 se realizar\u00e1 el proceso de revocaci\u00f3n de mandato\u00bb, a\u00f1adi\u00f3. Lee tambi\u00e9n: \u00abEs incre\u00edble el nivel de cinismo de L\u00f3pez Gatell\u00bb; gobernador de Jalisco Ram\u00edrez Cu\u00e9llar puntualiz\u00f3 que la mayor\u00eda de ciudadanas y ciudadanos rechazan el comportamiento de ruptura y la actitud golpista, mismo que afecta la estabilidad del pa\u00eds. shgm\/ed Publicaci\u00f3n Original: https:\/\/www.eluniversal.com.mx\/nacion\/politica\/ramirez-cuellar-lamenta-actitud-golpista-de-gobernadores-y-oposicion<\/p>\n","protected":false},"author":1,"featured_media":12448,"comment_status":"open","ping_status":"closed","sticky":false,"template":"","format":"standard","meta":{"_monsterinsights_skip_tracking":false,"_uf_show_specific_survey":0,"_uf_disable_surveys":false,"footnotes":""},"categories":[36],"tags":[],"class_list":["post-12447","post","type-post","status-publish","format-standard","has-post-thumbnail","hentry","category-el-mundo"],"yoast_head":"<!-- This site is optimized with the Yoast SEO plugin v27.5 - https:\/\/yoast.com\/product\/yoast-seo-wordpress\/ -->\n<title>Ram\u00edrez Cuellar lamenta &#034;actitud golpista&#034; de gobernadores y oposici\u00f3n - Fer Abrajan<\/title>\n<meta name=\"robots\" content=\"index, follow, max-snippet:-1, max-image-preview:large, max-video-preview:-1\" \/>\n<link rel=\"canonical\" href=\"https:\/\/ferabrajan.com\/portal\/2020\/05\/31\/ramirez-cuellar-lamenta-actitud-golpista-de-gobernadores-y-oposicion\/\" \/>\n<meta property=\"og:locale\" content=\"es_ES\" \/>\n<meta property=\"og:type\" content=\"article\" \/>\n<meta property=\"og:title\" content=\"Ram\u00edrez Cuellar lamenta &#034;actitud golpista&#034; de gobernadores y oposici\u00f3n - Fer Abrajan\" \/>\n<meta property=\"og:description\" content=\"Alfonso Ram\u00edrez Cu\u00e9llar, presidente nacional de Morena, lament\u00f3 la actitud golpista promovida por algunos gobiernos estatales y dirigentes pol\u00edticos de partidos de oposici\u00f3n. \u00abHay un respeto absoluto a la libre manifestaci\u00f3n, pero no pueden continuar con discursos de odio ni generar inestabilidad pol\u00edtica en el pa\u00eds\u00bb, escribi\u00f3 en sus redes sociales.&nbsp;&nbsp; En Morena condenamos la actitud golpista promovida por algunos gobiernos estatales y dirigentes pol\u00edticos de partidos de oposici\u00f3n. Hay un respeto absoluto a la libre manifestaci\u00f3n, pero no pueden continuar con discursos de odio ni generar inestabilidad pol\u00edtica en el pa\u00eds. (1\/3) \u2014 Alfonso Ram\u00edrez Cu\u00e9llar (@aramirezcuellar) May 30, 2020 Ante dicha situaci\u00f3n, Ram\u00edrez Cu\u00e9llar se\u00f1al\u00f3 que los gobernadores y pol\u00edticos que promueven una situaci\u00f3n de caos deben dar la cara y abrir el debate institucional. \u00abLos cambios deben realizarse por la v\u00eda institucional. El pr\u00f3ximo a\u00f1o habr\u00e1 elecciones y en marzo de 2021 se realizar\u00e1 el proceso de revocaci\u00f3n de mandato\u00bb, a\u00f1adi\u00f3. Lee tambi\u00e9n: \u00abEs incre\u00edble el nivel de cinismo de L\u00f3pez Gatell\u00bb; gobernador de Jalisco Ram\u00edrez Cu\u00e9llar puntualiz\u00f3 que la mayor\u00eda de ciudadanas y ciudadanos rechazan el comportamiento de ruptura y la actitud golpista, mismo que afecta la estabilidad del pa\u00eds. shgm\/ed Publicaci\u00f3n Original: https:\/\/www.eluniversal.com.mx\/nacion\/politica\/ramirez-cuellar-lamenta-actitud-golpista-de-gobernadores-y-oposicion\" \/>\n<meta property=\"og:url\" content=\"https:\/\/ferabrajan.com\/portal\/2020\/05\/31\/ramirez-cuellar-lamenta-actitud-golpista-de-gobernadores-y-oposicion\/\" \/>\n<meta property=\"og:site_name\" content=\"Fer Abrajan\" \/>\n<meta property=\"article:publisher\" content=\"https:\/\/www.facebook.com\/NoticiasconFerAbrajan\/\" \/>\n<meta property=\"article:published_time\" content=\"2020-05-31T19:28:00+00:00\" \/>\n<meta name=\"author\" content=\"admin\" \/>\n<meta name=\"twitter:card\" content=\"summary_large_image\" \/>\n<meta name=\"twitter:creator\" content=\"@ferabrajan1\" \/>\n<meta name=\"twitter:site\" content=\"@ferabrajan1\" \/>\n<meta name=\"twitter:label1\" content=\"Escrito por\" \/>\n\t<meta name=\"twitter:data1\" content=\"admin\" \/>\n\t<meta name=\"twitter:label2\" content=\"Tiempo de lectura\" \/>\n\t<meta name=\"twitter:data2\" content=\"1 minuto\" \/>\n<script type=\"application\/ld+json\" class=\"yoast-schema-graph\">{\"@context\":\"https:\\\/\\\/schema.org\",\"@graph\":[{\"@type\":\"Article\",\"@id\":\"https:\\\/\\\/ferabrajan.com\\\/portal\\\/2020\\\/05\\\/31\\\/ramirez-cuellar-lamenta-actitud-golpista-de-gobernadores-y-oposicion\\\/#article\",\"isPartOf\":{\"@id\":\"https:\\\/\\\/ferabrajan.com\\\/portal\\\/2020\\\/05\\\/31\\\/ramirez-cuellar-lamenta-actitud-golpista-de-gobernadores-y-oposicion\\\/\"},\"author\":{\"name\":\"admin\",\"@id\":\"https:\\\/\\\/ferabrajan.com\\\/portal\\\/#\\\/schema\\\/person\\\/f6113b3cb1e036d5c6a9505685b257ba\"},\"headline\":\"Ram\u00edrez Cuellar lamenta &#034;actitud golpista&#034; de gobernadores y oposici\u00f3n\",\"datePublished\":\"2020-05-31T19:28:00+00:00\",\"mainEntityOfPage\":{\"@id\":\"https:\\\/\\\/ferabrajan.com\\\/portal\\\/2020\\\/05\\\/31\\\/ramirez-cuellar-lamenta-actitud-golpista-de-gobernadores-y-oposicion\\\/\"},\"wordCount\":247,\"commentCount\":0,\"publisher\":{\"@id\":\"https:\\\/\\\/ferabrajan.com\\\/portal\\\/#organization\"},\"image\":{\"@id\":\"https:\\\/\\\/ferabrajan.com\\\/portal\\\/2020\\\/05\\\/31\\\/ramirez-cuellar-lamenta-actitud-golpista-de-gobernadores-y-oposicion\\\/#primaryimage\"},\"thumbnailUrl\":\"\",\"articleSection\":[\"El Mundo\"],\"inLanguage\":\"es\"},{\"@type\":\"WebPage\",\"@id\":\"https:\\\/\\\/ferabrajan.com\\\/portal\\\/2020\\\/05\\\/31\\\/ramirez-cuellar-lamenta-actitud-golpista-de-gobernadores-y-oposicion\\\/\",\"url\":\"https:\\\/\\\/ferabrajan.com\\\/portal\\\/2020\\\/05\\\/31\\\/ramirez-cuellar-lamenta-actitud-golpista-de-gobernadores-y-oposicion\\\/\",\"name\":\"Ram\u00edrez Cuellar lamenta &#034;actitud golpista&#034; de gobernadores y oposici\u00f3n - Fer Abrajan\",\"isPartOf\":{\"@id\":\"https:\\\/\\\/ferabrajan.com\\\/portal\\\/#website\"},\"primaryImageOfPage\":{\"@id\":\"https:\\\/\\\/ferabrajan.com\\\/portal\\\/2020\\\/05\\\/31\\\/ramirez-cuellar-lamenta-actitud-golpista-de-gobernadores-y-oposicion\\\/#primaryimage\"},\"image\":{\"@id\":\"https:\\\/\\\/ferabrajan.com\\\/portal\\\/2020\\\/05\\\/31\\\/ramirez-cuellar-lamenta-actitud-golpista-de-gobernadores-y-oposicion\\\/#primaryimage\"},\"thumbnailUrl\":\"\",\"datePublished\":\"2020-05-31T19:28:00+00:00\",\"breadcrumb\":{\"@id\":\"https:\\\/\\\/ferabrajan.com\\\/portal\\\/2020\\\/05\\\/31\\\/ramirez-cuellar-lamenta-actitud-golpista-de-gobernadores-y-oposicion\\\/#breadcrumb\"},\"inLanguage\":\"es\",\"potentialAction\":[{\"@type\":\"ReadAction\",\"target\":[\"https:\\\/\\\/ferabrajan.com\\\/portal\\\/2020\\\/05\\\/31\\\/ramirez-cuellar-lamenta-actitud-golpista-de-gobernadores-y-oposicion\\\/\"]}]},{\"@type\":\"ImageObject\",\"inLanguage\":\"es\",\"@id\":\"https:\\\/\\\/ferabrajan.com\\\/portal\\\/2020\\\/05\\\/31\\\/ramirez-cuellar-lamenta-actitud-golpista-de-gobernadores-y-oposicion\\\/#primaryimage\",\"url\":\"\",\"contentUrl\":\"\"},{\"@type\":\"BreadcrumbList\",\"@id\":\"https:\\\/\\\/ferabrajan.com\\\/portal\\\/2020\\\/05\\\/31\\\/ramirez-cuellar-lamenta-actitud-golpista-de-gobernadores-y-oposicion\\\/#breadcrumb\",\"itemListElement\":[{\"@type\":\"ListItem\",\"position\":1,\"name\":\"Portada\",\"item\":\"https:\\\/\\\/ferabrajan.com\\\/portal\\\/\"},{\"@type\":\"ListItem\",\"position\":2,\"name\":\"Ram\u00edrez Cuellar lamenta &#034;actitud golpista&#034; de gobernadores y oposici\u00f3n\"}]},{\"@type\":\"WebSite\",\"@id\":\"https:\\\/\\\/ferabrajan.com\\\/portal\\\/#website\",\"url\":\"https:\\\/\\\/ferabrajan.com\\\/portal\\\/\",\"name\":\"Fer Abrajan\",\"description\":\"Noticias de Puebla, opini\u00f3n y radio en vivo\",\"publisher\":{\"@id\":\"https:\\\/\\\/ferabrajan.com\\\/portal\\\/#organization\"},\"potentialAction\":[{\"@type\":\"SearchAction\",\"target\":{\"@type\":\"EntryPoint\",\"urlTemplate\":\"https:\\\/\\\/ferabrajan.com\\\/portal\\\/?s={search_term_string}\"},\"query-input\":{\"@type\":\"PropertyValueSpecification\",\"valueRequired\":true,\"valueName\":\"search_term_string\"}}],\"inLanguage\":\"es\"},{\"@type\":\"Organization\",\"@id\":\"https:\\\/\\\/ferabrajan.com\\\/portal\\\/#organization\",\"name\":\"Fer Abrajan\",\"url\":\"https:\\\/\\\/ferabrajan.com\\\/portal\\\/\",\"logo\":{\"@type\":\"ImageObject\",\"inLanguage\":\"es\",\"@id\":\"https:\\\/\\\/ferabrajan.com\\\/portal\\\/#\\\/schema\\\/logo\\\/image\\\/\",\"url\":\"https:\\\/\\\/ferabrajan.com\\\/portal\\\/wp-content\\\/uploads\\\/2024\\\/10\\\/cropped-logo.jpeg\",\"contentUrl\":\"https:\\\/\\\/ferabrajan.com\\\/portal\\\/wp-content\\\/uploads\\\/2024\\\/10\\\/cropped-logo.jpeg\",\"width\":500,\"height\":250,\"caption\":\"Fer Abrajan\"},\"image\":{\"@id\":\"https:\\\/\\\/ferabrajan.com\\\/portal\\\/#\\\/schema\\\/logo\\\/image\\\/\"},\"sameAs\":[\"https:\\\/\\\/www.facebook.com\\\/NoticiasconFerAbrajan\\\/\",\"https:\\\/\\\/x.com\\\/ferabrajan1\"]},{\"@type\":\"Person\",\"@id\":\"https:\\\/\\\/ferabrajan.com\\\/portal\\\/#\\\/schema\\\/person\\\/f6113b3cb1e036d5c6a9505685b257ba\",\"name\":\"admin\",\"image\":{\"@type\":\"ImageObject\",\"inLanguage\":\"es\",\"@id\":\"https:\\\/\\\/secure.gravatar.com\\\/avatar\\\/072baa72775aad53c748dfc5d3048578e01b6c087eef335459ebfa04344e2d18?s=96&d=mm&r=g\",\"url\":\"https:\\\/\\\/secure.gravatar.com\\\/avatar\\\/072baa72775aad53c748dfc5d3048578e01b6c087eef335459ebfa04344e2d18?s=96&d=mm&r=g\",\"contentUrl\":\"https:\\\/\\\/secure.gravatar.com\\\/avatar\\\/072baa72775aad53c748dfc5d3048578e01b6c087eef335459ebfa04344e2d18?s=96&d=mm&r=g\",\"caption\":\"admin\"},\"sameAs\":[\"https:\\\/\\\/ferabrajan.com\\\/portal\"],\"url\":\"https:\\\/\\\/ferabrajan.com\\\/portal\\\/author\\\/admin\\\/\"}]}<\/script>\n<!-- \/ Yoast SEO plugin. -->","yoast_head_json":{"title":"Ram\u00edrez Cuellar lamenta &#034;actitud golpista&#034; de gobernadores y oposici\u00f3n - Fer Abrajan","robots":{"index":"index","follow":"follow","max-snippet":"max-snippet:-1","max-image-preview":"max-image-preview:large","max-video-preview":"max-video-preview:-1"},"canonical":"https:\/\/ferabrajan.com\/portal\/2020\/05\/31\/ramirez-cuellar-lamenta-actitud-golpista-de-gobernadores-y-oposicion\/","og_locale":"es_ES","og_type":"article","og_title":"Ram\u00edrez Cuellar lamenta &#034;actitud golpista&#034; de gobernadores y oposici\u00f3n - Fer Abrajan","og_description":"Alfonso Ram\u00edrez Cu\u00e9llar, presidente nacional de Morena, lament\u00f3 la actitud golpista promovida por algunos gobiernos estatales y dirigentes pol\u00edticos de partidos de oposici\u00f3n. \u00abHay un respeto absoluto a la libre manifestaci\u00f3n, pero no pueden continuar con discursos de odio ni generar inestabilidad pol\u00edtica en el pa\u00eds\u00bb, escribi\u00f3 en sus redes sociales.&nbsp;&nbsp; En Morena condenamos la actitud golpista promovida por algunos gobiernos estatales y dirigentes pol\u00edticos de partidos de oposici\u00f3n. Hay un respeto absoluto a la libre manifestaci\u00f3n, pero no pueden continuar con discursos de odio ni generar inestabilidad pol\u00edtica en el pa\u00eds. (1\/3) \u2014 Alfonso Ram\u00edrez Cu\u00e9llar (@aramirezcuellar) May 30, 2020 Ante dicha situaci\u00f3n, Ram\u00edrez Cu\u00e9llar se\u00f1al\u00f3 que los gobernadores y pol\u00edticos que promueven una situaci\u00f3n de caos deben dar la cara y abrir el debate institucional. \u00abLos cambios deben realizarse por la v\u00eda institucional. El pr\u00f3ximo a\u00f1o habr\u00e1 elecciones y en marzo de 2021 se realizar\u00e1 el proceso de revocaci\u00f3n de mandato\u00bb, a\u00f1adi\u00f3. Lee tambi\u00e9n: \u00abEs incre\u00edble el nivel de cinismo de L\u00f3pez Gatell\u00bb; gobernador de Jalisco Ram\u00edrez Cu\u00e9llar puntualiz\u00f3 que la mayor\u00eda de ciudadanas y ciudadanos rechazan el comportamiento de ruptura y la actitud golpista, mismo que afecta la estabilidad del pa\u00eds. shgm\/ed Publicaci\u00f3n Original: https:\/\/www.eluniversal.com.mx\/nacion\/politica\/ramirez-cuellar-lamenta-actitud-golpista-de-gobernadores-y-oposicion","og_url":"https:\/\/ferabrajan.com\/portal\/2020\/05\/31\/ramirez-cuellar-lamenta-actitud-golpista-de-gobernadores-y-oposicion\/","og_site_name":"Fer Abrajan","article_publisher":"https:\/\/www.facebook.com\/NoticiasconFerAbrajan\/","article_published_time":"2020-05-31T19:28:00+00:00","author":"admin","twitter_card":"summary_large_image","twitter_creator":"@ferabrajan1","twitter_site":"@ferabrajan1","twitter_misc":{"Escrito por":"admin","Tiempo de lectura":"1 minuto"},"schema":{"@context":"https:\/\/schema.org","@graph":[{"@type":"Article","@id":"https:\/\/ferabrajan.com\/portal\/2020\/05\/31\/ramirez-cuellar-lamenta-actitud-golpista-de-gobernadores-y-oposicion\/#article","isPartOf":{"@id":"https:\/\/ferabrajan.com\/portal\/2020\/05\/31\/ramirez-cuellar-lamenta-actitud-golpista-de-gobernadores-y-oposicion\/"},"author":{"name":"admin","@id":"https:\/\/ferabrajan.com\/portal\/#\/schema\/person\/f6113b3cb1e036d5c6a9505685b257ba"},"headline":"Ram\u00edrez Cuellar lamenta &#034;actitud golpista&#034; de gobernadores y oposici\u00f3n","datePublished":"2020-05-31T19:28:00+00:00","mainEntityOfPage":{"@id":"https:\/\/ferabrajan.com\/portal\/2020\/05\/31\/ramirez-cuellar-lamenta-actitud-golpista-de-gobernadores-y-oposicion\/"},"wordCount":247,"commentCount":0,"publisher":{"@id":"https:\/\/ferabrajan.com\/portal\/#organization"},"image":{"@id":"https:\/\/ferabrajan.com\/portal\/2020\/05\/31\/ramirez-cuellar-lamenta-actitud-golpista-de-gobernadores-y-oposicion\/#primaryimage"},"thumbnailUrl":"","articleSection":["El Mundo"],"inLanguage":"es"},{"@type":"WebPage","@id":"https:\/\/ferabrajan.com\/portal\/2020\/05\/31\/ramirez-cuellar-lamenta-actitud-golpista-de-gobernadores-y-oposicion\/","url":"https:\/\/ferabrajan.com\/portal\/2020\/05\/31\/ramirez-cuellar-lamenta-actitud-golpista-de-gobernadores-y-oposicion\/","name":"Ram\u00edrez Cuellar lamenta &#034;actitud golpista&#034; de gobernadores y oposici\u00f3n - Fer Abrajan","isPartOf":{"@id":"https:\/\/ferabrajan.com\/portal\/#website"},"primaryImageOfPage":{"@id":"https:\/\/ferabrajan.com\/portal\/2020\/05\/31\/ramirez-cuellar-lamenta-actitud-golpista-de-gobernadores-y-oposicion\/#primaryimage"},"image":{"@id":"https:\/\/ferabrajan.com\/portal\/2020\/05\/31\/ramirez-cuellar-lamenta-actitud-golpista-de-gobernadores-y-oposicion\/#primaryimage"},"thumbnailUrl":"","datePublished":"2020-05-31T19:28:00+00:00","breadcrumb":{"@id":"https:\/\/ferabrajan.com\/portal\/2020\/05\/31\/ramirez-cuellar-lamenta-actitud-golpista-de-gobernadores-y-oposicion\/#breadcrumb"},"inLanguage":"es","potentialAction":[{"@type":"ReadAction","target":["https:\/\/ferabrajan.com\/portal\/2020\/05\/31\/ramirez-cuellar-lamenta-actitud-golpista-de-gobernadores-y-oposicion\/"]}]},{"@type":"ImageObject","inLanguage":"es","@id":"https:\/\/ferabrajan.com\/portal\/2020\/05\/31\/ramirez-cuellar-lamenta-actitud-golpista-de-gobernadores-y-oposicion\/#primaryimage","url":"","contentUrl":""},{"@type":"BreadcrumbList","@id":"https:\/\/ferabrajan.com\/portal\/2020\/05\/31\/ramirez-cuellar-lamenta-actitud-golpista-de-gobernadores-y-oposicion\/#breadcrumb","itemListElement":[{"@type":"ListItem","position":1,"name":"Portada","item":"https:\/\/ferabrajan.com\/portal\/"},{"@type":"ListItem","position":2,"name":"Ram\u00edrez Cuellar lamenta &#034;actitud golpista&#034; de gobernadores y oposici\u00f3n"}]},{"@type":"WebSite","@id":"https:\/\/ferabrajan.com\/portal\/#website","url":"https:\/\/ferabrajan.com\/portal\/","name":"Fer Abrajan","description":"Noticias de Puebla, opini\u00f3n y radio en vivo","publisher":{"@id":"https:\/\/ferabrajan.com\/portal\/#organization"},"potentialAction":[{"@type":"SearchAction","target":{"@type":"EntryPoint","urlTemplate":"https:\/\/ferabrajan.com\/portal\/?s={search_term_string}"},"query-input":{"@type":"PropertyValueSpecification","valueRequired":true,"valueName":"search_term_string"}}],"inLanguage":"es"},{"@type":"Organization","@id":"https:\/\/ferabrajan.com\/portal\/#organization","name":"Fer Abrajan","url":"https:\/\/ferabrajan.com\/portal\/","logo":{"@type":"ImageObject","inLanguage":"es","@id":"https:\/\/ferabrajan.com\/portal\/#\/schema\/logo\/image\/","url":"https:\/\/ferabrajan.com\/portal\/wp-content\/uploads\/2024\/10\/cropped-logo.jpeg","contentUrl":"https:\/\/ferabrajan.com\/portal\/wp-content\/uploads\/2024\/10\/cropped-logo.jpeg","width":500,"height":250,"caption":"Fer Abrajan"},"image":{"@id":"https:\/\/ferabrajan.com\/portal\/#\/schema\/logo\/image\/"},"sameAs":["https:\/\/www.facebook.com\/NoticiasconFerAbrajan\/","https:\/\/x.com\/ferabrajan1"]},{"@type":"Person","@id":"https:\/\/ferabrajan.com\/portal\/#\/schema\/person\/f6113b3cb1e036d5c6a9505685b257ba","name":"admin","image":{"@type":"ImageObject","inLanguage":"es","@id":"https:\/\/secure.gravatar.com\/avatar\/072baa72775aad53c748dfc5d3048578e01b6c087eef335459ebfa04344e2d18?s=96&d=mm&r=g","url":"https:\/\/secure.gravatar.com\/avatar\/072baa72775aad53c748dfc5d3048578e01b6c087eef335459ebfa04344e2d18?s=96&d=mm&r=g","contentUrl":"https:\/\/secure.gravatar.com\/avatar\/072baa72775aad53c748dfc5d3048578e01b6c087eef335459ebfa04344e2d18?s=96&d=mm&r=g","caption":"admin"},"sameAs":["https:\/\/ferabrajan.com\/portal"],"url":"https:\/\/ferabrajan.com\/portal\/author\/admin\/"}]}},"_links":{"self":[{"href":"https:\/\/ferabrajan.com\/portal\/wp-json\/wp\/v2\/posts\/12447","targetHints":{"allow":["GET"]}}],"collection":[{"href":"https:\/\/ferabrajan.com\/portal\/wp-json\/wp\/v2\/posts"}],"about":[{"href":"https:\/\/ferabrajan.com\/portal\/wp-json\/wp\/v2\/types\/post"}],"author":[{"embeddable":true,"href":"https:\/\/ferabrajan.com\/portal\/wp-json\/wp\/v2\/users\/1"}],"replies":[{"embeddable":true,"href":"https:\/\/ferabrajan.com\/portal\/wp-json\/wp\/v2\/comments?post=12447"}],"version-history":[{"count":0,"href":"https:\/\/ferabrajan.com\/portal\/wp-json\/wp\/v2\/posts\/12447\/revisions"}],"wp:attachment":[{"href":"https:\/\/ferabrajan.com\/portal\/wp-json\/wp\/v2\/media?parent=12447"}],"wp:term":[{"taxonomy":"category","embeddable":true,"href":"https:\/\/ferabrajan.com\/portal\/wp-json\/wp\/v2\/categories?post=12447"},{"taxonomy":"post_tag","embeddable":true,"href":"https:\/\/ferabrajan.com\/portal\/wp-json\/wp\/v2\/tags?post=12447"}],"curies":[{"name":"wp","href":"https:\/\/api.w.org\/{rel}","templated":true}]}}