{"id":12443,"date":"2020-05-31T23:15:00","date_gmt":"2020-05-31T23:15:00","guid":{"rendered":"http:\/\/www.ferabrajan.com\/?p=12443"},"modified":"2020-05-31T23:15:00","modified_gmt":"2020-05-31T23:15:00","slug":"casos-confirmados-de-covid-19-en-jalisco-al-29-de-mayo","status":"publish","type":"post","link":"https:\/\/ferabrajan.com\/portal\/2020\/05\/31\/casos-confirmados-de-covid-19-en-jalisco-al-29-de-mayo\/","title":{"rendered":"Casos confirmados de Covid-19 en Jalisco al 29 de mayo"},"content":{"rendered":"<div><img decoding=\"async\" src=\"https:\/\/www.eluniversal.com.mx\/sites\/default\/files\/styles\/f03-651x400\/public\/2020\/05\/29\/mexico-health-virus-zoo_113743599.jpg?itok=IqWkOGue\" class=\"ff-og-image-inserted\"><\/div>\n<p><a href=\"https:\/\/www.eluniversal.com.mx\/estados\" target=\"_blank\" rel=\"noopener noreferrer\"><strong>Jalisco<\/strong><\/a> tiene 1,524 casos confirmados y 136 muertos por coronavirus, de acuerdo con el reporte del 29 de mayo de la Secretar\u00eda de Salud del gobierno federal.<\/p>\n<p>Adem\u00e1s, hay 9 mil 587 casos negativos y 1,232 sospechosos en la entidad.<\/p>\n<p>La <strong>tasa de incidencia de Covid-19 en Jalisco<\/strong> es de 18.12 casos por cada 100 mil habitantes.<\/p>\n<p>La Secretar\u00eda de Salud del gobierno federal inform\u00f3 que al 29 de mayo hay registro de 9 mil 415 muertos y 84 mil 627&nbsp;<strong>casos confirmados acumulados de coronavirus en M\u00e9xico<\/strong>.<\/p>\n<p><span><strong>L<\/strong><strong>ee tambi\u00e9n: <a href=\"https:\/\/www.eluniversal.com.mx\/nacion\/coronavirus-suman-9-mil-415-muertes-por-covid-en-mexico-hay-84627-casos\" target=\"_blank\" rel=\"noopener noreferrer\"><span>Suman 9 mil 415 por Covid en M\u00e9xico; hay 84,627<\/span><\/a><\/strong><\/span><\/p>\n<h2><strong>Cronolog\u00eda del coronavirus en Jalisco<\/strong><\/h2>\n<p>En el estado de Jalisco se implementaron las <strong>medidas de sana distancia<\/strong> una semana antes de que iniciaran a nivel federal, como la suspensi\u00f3n de eventos masivos y clases, que en el estado se suspendieron desde el 17 de marzo.<\/p>\n<p>A lo largo de la contingencia causada por el coronavirus, el <strong>gobernador de Jalisco, Enrique Alfaro,<\/strong> ha tenido varias diferencias con el subsecretario <strong>Hugo L\u00f3pez-Gatell,<\/strong> por la aplicaci\u00f3n de pruebas r\u00e1pidas para detectar coronavirus.<\/p>\n<p><strong>Lee tambi\u00e9n: <a href=\"https:\/\/www.eluniversal.com.mx\/nacion\/lopez-gatell-responde-gobernador-alfaro-le-manda-saludos\" target=\"_blank\" rel=\"noopener noreferrer\">L\u00f3pez-Gatell responde a gobernador Alfaro; le manda saludos<\/a><\/strong><\/p>\n<p>13 de marzo. Universidades de Jalisco anuncian que adelantan la suspensi\u00f3n de clases presenciales y la realizaci\u00f3n de clases en l\u00ednea, como <a href=\"https:\/\/www.unionjalisco.mx\/articulo\/2020\/03\/13\/educacion\/coronavirus-2020-universidades-cierran-en-jalisco\" target=\"_blank\" rel=\"noopener noreferrer\">medida preventiva para evitar contagios de Covid-19.<\/a><\/p>\n<p>14 de marzo. Se confirman los <a href=\"https:\/\/www.eluniversal.com.mx\/estados\/coronavirus-jalisco-confirma-primeros-dos-casos-de-covid-19\" target=\"_blank\" rel=\"noopener noreferrer\">dos primeros casos de coronavirus en Jalisco<\/a>.<\/p>\n<p>17 de marzo. Se <a href=\"https:\/\/www.unionjalisco.mx\/articulo\/2020\/03\/16\/educacion\/suspension-de-clases-en-jalisco-por-coronavirus-lo-que-debes-saber\" target=\"_blank\" rel=\"noopener noreferrer\">suspenden las clases en Jalisco hasta nuevo aviso<\/a>.<\/p>\n<p>18 de marzo. El gobernador Enrique Alfaro inform\u00f3 del <a href=\"https:\/\/www.unionjalisco.mx\/articulo\/2020\/03\/18\/gobierno\/coronavirus-jalisco-cierra-bares-casinos-y-salones\" target=\"_blank\" rel=\"noopener noreferrer\">cierre total de casinos<\/a>, bares, antros, salones de fiestas y eventos, centros nocturnos y cantinas.<\/p>\n<p>20 de marzo. A trav\u00e9s de un mensaje en redes sociales, Enrique Alfaro pidi\u00f3 a los jaliscienses permanecer <a href=\"https:\/\/www.eluniversal.com.mx\/estados\/gobernador-de-jalisco-exhorta-5-dias-de-aislamiento-total\">cinco d\u00edas de aislamiento total<\/a> para evitar un crecimiento exponencial en los contagios de Covid-19.<\/p>\n<p>23 de marzo. El gobierno de Jalisco pidi\u00f3 al federal el cierre de aeropuertos en la entidad, para prevenir contagios.<\/p>\n<p>28 de marzo. Al menos seis enfermeras fueron atacadas o discriminadas en Guadalajara, debido al miedo de los tapat\u00edos a contagiarse de Covid-19.<\/p>\n<p><strong>Lee tambi\u00e9n:&nbsp;<a href=\"https:\/\/www.unionjalisco.mx\/articulo\/2020\/05\/08\/gobierno\/asi-opera-despensa-segura-en-apoyo-afectados-por-covid-19\" target=\"_blank\" rel=\"noopener noreferrer\">As\u00ed opera Despensa Segura en apoyo a afectados por Covid-19<\/a><\/strong><\/p>\n<p>31 de marzo. El gobierno de Jalisco implement\u00f3 controles de acceso al \u00e1rea metropolitana de <strong>Guadalajara<\/strong>.<\/p>\n<p>2 de abril. Alfaro acus\u00f3 a Hugo L\u00f3pez-Gatell de mentir sobre las pruebas r\u00e1pidas y dijo que bloquear la aplicaci\u00f3n de tests para Covid-19 podr\u00eda considerarse como traici\u00f3n a la patria.<\/p>\n<p>2 de abril. El subsecretario Hugo L\u00f3pez-Gatell le mand\u00f3 saludos al gobernador de Jalisco durante la conferencia nocturna, despu\u00e9s de ser cuestionado sobre las declaraciones de Enrique Alfaro.<\/p>\n<p>16 de abril. Jalisco busca a m\u00e9dicos voluntarios para combatir el Covid-19.<\/p>\n<p>19 de abril. El gobierno de Jalisco anunci\u00f3 el endurecimiento de medidas de sana distancia.<\/p>\n<p>21 de abril. Detienen a seis personas por violar el confinamiento en Jalisco.<\/p>\n<p>23 de abril. El gobernador <a href=\"https:\/\/www.eluniversal.com.mx\/estados\/enrique-alfaro-llama-pendejos-quienes-siguen-sin-atender-medidas-por-covid-19\" target=\"_blank\" rel=\"noopener noreferrer\">Enrique Alfaro llam\u00f3 pendejos<\/a> a quienes siguen sin atender las medidas por el coronavirus.<\/p>\n<p>9 de mayo. Enrique Alfaro informa que las escuelas de Jalisco no regresar\u00e1n a clases presenciales y terminar\u00e1n ciclo escolar en l\u00ednea.<\/p>\n<p>Con informaci\u00f3n de <a href=\"https:\/\/www.unionjalisco.mx\/\">UN1\u00d3N Jalisco<\/a><\/p>\n<h2>Gr\u00e1fica. Casos de coronavirus en Jalisco por d\u00eda<\/h2>\n<p> Publicaci\u00f3n Original: <a href=\"https:\/\/www.eluniversal.com.mx\/estados\/coronavirus-jalisco-casos-confirmados-de-covid-19-al-29-de-mayo\" target=\"_blank\" rel=\"noopener noreferrer\">https:\/\/www.eluniversal.com.mx\/estados\/coronavirus-jalisco-casos-confirmados-de-covid-19-al-29-de-mayo<\/a><\/p>\n","protected":false},"excerpt":{"rendered":"<p>Jalisco tiene 1,524 casos confirmados y 136 muertos por coronavirus, de acuerdo con el reporte del 29 de mayo de la Secretar\u00eda de Salud del gobierno federal. Adem\u00e1s, hay 9 mil 587 casos negativos y 1,232 sospechosos en la entidad. La tasa de incidencia de Covid-19 en Jalisco es de 18.12 casos por cada 100 mil habitantes. La Secretar\u00eda de Salud del gobierno federal inform\u00f3 que al 29 de mayo hay registro de 9 mil 415 muertos y 84 mil 627&nbsp;casos confirmados acumulados de coronavirus en M\u00e9xico. Lee tambi\u00e9n: Suman 9 mil 415 por Covid en M\u00e9xico; hay 84,627 Cronolog\u00eda del coronavirus en Jalisco En el estado de Jalisco se implementaron las medidas de sana distancia una semana antes de que iniciaran a nivel federal, como la suspensi\u00f3n de eventos masivos y clases, que en el estado se suspendieron desde el 17 de marzo. A lo largo de la contingencia causada por el coronavirus, el gobernador de Jalisco, Enrique Alfaro, ha tenido varias diferencias con el subsecretario Hugo L\u00f3pez-Gatell, por la aplicaci\u00f3n de pruebas r\u00e1pidas para detectar coronavirus. Lee tambi\u00e9n: L\u00f3pez-Gatell responde a gobernador Alfaro; le manda saludos 13 de marzo. Universidades de Jalisco anuncian que adelantan la suspensi\u00f3n de clases presenciales y la realizaci\u00f3n de clases en l\u00ednea, como medida preventiva para evitar contagios de Covid-19. 14 de marzo. Se confirman los dos primeros casos de coronavirus en Jalisco. 17 de marzo. Se suspenden las clases en Jalisco hasta nuevo aviso. 18 de marzo. El gobernador Enrique Alfaro inform\u00f3 del cierre total de casinos, bares, antros, salones de fiestas y eventos, centros nocturnos y cantinas. 20 de marzo. A trav\u00e9s de un mensaje en redes sociales, Enrique Alfaro pidi\u00f3 a los jaliscienses permanecer cinco d\u00edas de aislamiento total para evitar un crecimiento exponencial en los contagios de Covid-19. 23 de marzo. El gobierno de Jalisco pidi\u00f3 al federal el cierre de aeropuertos en la entidad, para prevenir contagios. 28 de marzo. Al menos seis enfermeras fueron atacadas o discriminadas en Guadalajara, debido al miedo de los tapat\u00edos a contagiarse de Covid-19. Lee tambi\u00e9n:&nbsp;As\u00ed opera Despensa Segura en apoyo a afectados por Covid-19 31 de marzo. El gobierno de Jalisco implement\u00f3 controles de acceso al \u00e1rea metropolitana de Guadalajara. 2 de abril. Alfaro acus\u00f3 a Hugo L\u00f3pez-Gatell de mentir sobre las pruebas r\u00e1pidas y dijo que bloquear la aplicaci\u00f3n de tests para Covid-19 podr\u00eda considerarse como traici\u00f3n a la patria. 2 de abril. El subsecretario Hugo L\u00f3pez-Gatell le mand\u00f3 saludos al gobernador de Jalisco durante la conferencia nocturna, despu\u00e9s de ser cuestionado sobre las declaraciones de Enrique Alfaro. 16 de abril. Jalisco busca a m\u00e9dicos voluntarios para combatir el Covid-19. 19 de abril. El gobierno de Jalisco anunci\u00f3 el endurecimiento de medidas de sana distancia. 21 de abril. Detienen a seis personas por violar el confinamiento en Jalisco. 23 de abril. El gobernador Enrique Alfaro llam\u00f3 pendejos a quienes siguen sin atender las medidas por el coronavirus. 9 de mayo. Enrique Alfaro informa que las escuelas de Jalisco no regresar\u00e1n a clases presenciales y terminar\u00e1n ciclo escolar en l\u00ednea. Con informaci\u00f3n de UN1\u00d3N Jalisco Gr\u00e1fica. Casos de coronavirus en Jalisco por d\u00eda Publicaci\u00f3n Original: https:\/\/www.eluniversal.com.mx\/estados\/coronavirus-jalisco-casos-confirmados-de-covid-19-al-29-de-mayo<\/p>\n","protected":false},"author":1,"featured_media":12444,"comment_status":"open","ping_status":"closed","sticky":false,"template":"","format":"standard","meta":{"_monsterinsights_skip_tracking":false,"_uf_show_specific_survey":0,"_uf_disable_surveys":false,"footnotes":""},"categories":[36],"tags":[],"class_list":["post-12443","post","type-post","status-publish","format-standard","has-post-thumbnail","hentry","category-el-mundo"],"yoast_head":"<!-- This site is optimized with the Yoast SEO plugin v27.5 - https:\/\/yoast.com\/product\/yoast-seo-wordpress\/ -->\n<title>Casos confirmados de Covid-19 en Jalisco al 29 de mayo - Fer Abrajan<\/title>\n<meta name=\"robots\" content=\"index, follow, max-snippet:-1, max-image-preview:large, max-video-preview:-1\" \/>\n<link rel=\"canonical\" href=\"https:\/\/ferabrajan.com\/portal\/2020\/05\/31\/casos-confirmados-de-covid-19-en-jalisco-al-29-de-mayo\/\" \/>\n<meta property=\"og:locale\" content=\"es_ES\" \/>\n<meta property=\"og:type\" content=\"article\" \/>\n<meta property=\"og:title\" content=\"Casos confirmados de Covid-19 en Jalisco al 29 de mayo - Fer Abrajan\" \/>\n<meta property=\"og:description\" content=\"Jalisco tiene 1,524 casos confirmados y 136 muertos por coronavirus, de acuerdo con el reporte del 29 de mayo de la Secretar\u00eda de Salud del gobierno federal. Adem\u00e1s, hay 9 mil 587 casos negativos y 1,232 sospechosos en la entidad. La tasa de incidencia de Covid-19 en Jalisco es de 18.12 casos por cada 100 mil habitantes. La Secretar\u00eda de Salud del gobierno federal inform\u00f3 que al 29 de mayo hay registro de 9 mil 415 muertos y 84 mil 627&nbsp;casos confirmados acumulados de coronavirus en M\u00e9xico. Lee tambi\u00e9n: Suman 9 mil 415 por Covid en M\u00e9xico; hay 84,627 Cronolog\u00eda del coronavirus en Jalisco En el estado de Jalisco se implementaron las medidas de sana distancia una semana antes de que iniciaran a nivel federal, como la suspensi\u00f3n de eventos masivos y clases, que en el estado se suspendieron desde el 17 de marzo. A lo largo de la contingencia causada por el coronavirus, el gobernador de Jalisco, Enrique Alfaro, ha tenido varias diferencias con el subsecretario Hugo L\u00f3pez-Gatell, por la aplicaci\u00f3n de pruebas r\u00e1pidas para detectar coronavirus. Lee tambi\u00e9n: L\u00f3pez-Gatell responde a gobernador Alfaro; le manda saludos 13 de marzo. Universidades de Jalisco anuncian que adelantan la suspensi\u00f3n de clases presenciales y la realizaci\u00f3n de clases en l\u00ednea, como medida preventiva para evitar contagios de Covid-19. 14 de marzo. Se confirman los dos primeros casos de coronavirus en Jalisco. 17 de marzo. Se suspenden las clases en Jalisco hasta nuevo aviso. 18 de marzo. El gobernador Enrique Alfaro inform\u00f3 del cierre total de casinos, bares, antros, salones de fiestas y eventos, centros nocturnos y cantinas. 20 de marzo. A trav\u00e9s de un mensaje en redes sociales, Enrique Alfaro pidi\u00f3 a los jaliscienses permanecer cinco d\u00edas de aislamiento total para evitar un crecimiento exponencial en los contagios de Covid-19. 23 de marzo. El gobierno de Jalisco pidi\u00f3 al federal el cierre de aeropuertos en la entidad, para prevenir contagios. 28 de marzo. Al menos seis enfermeras fueron atacadas o discriminadas en Guadalajara, debido al miedo de los tapat\u00edos a contagiarse de Covid-19. Lee tambi\u00e9n:&nbsp;As\u00ed opera Despensa Segura en apoyo a afectados por Covid-19 31 de marzo. El gobierno de Jalisco implement\u00f3 controles de acceso al \u00e1rea metropolitana de Guadalajara. 2 de abril. Alfaro acus\u00f3 a Hugo L\u00f3pez-Gatell de mentir sobre las pruebas r\u00e1pidas y dijo que bloquear la aplicaci\u00f3n de tests para Covid-19 podr\u00eda considerarse como traici\u00f3n a la patria. 2 de abril. El subsecretario Hugo L\u00f3pez-Gatell le mand\u00f3 saludos al gobernador de Jalisco durante la conferencia nocturna, despu\u00e9s de ser cuestionado sobre las declaraciones de Enrique Alfaro. 16 de abril. Jalisco busca a m\u00e9dicos voluntarios para combatir el Covid-19. 19 de abril. El gobierno de Jalisco anunci\u00f3 el endurecimiento de medidas de sana distancia. 21 de abril. Detienen a seis personas por violar el confinamiento en Jalisco. 23 de abril. El gobernador Enrique Alfaro llam\u00f3 pendejos a quienes siguen sin atender las medidas por el coronavirus. 9 de mayo. Enrique Alfaro informa que las escuelas de Jalisco no regresar\u00e1n a clases presenciales y terminar\u00e1n ciclo escolar en l\u00ednea. Con informaci\u00f3n de UN1\u00d3N Jalisco Gr\u00e1fica. Casos de coronavirus en Jalisco por d\u00eda Publicaci\u00f3n Original: https:\/\/www.eluniversal.com.mx\/estados\/coronavirus-jalisco-casos-confirmados-de-covid-19-al-29-de-mayo\" \/>\n<meta property=\"og:url\" content=\"https:\/\/ferabrajan.com\/portal\/2020\/05\/31\/casos-confirmados-de-covid-19-en-jalisco-al-29-de-mayo\/\" \/>\n<meta property=\"og:site_name\" content=\"Fer Abrajan\" \/>\n<meta property=\"article:publisher\" content=\"https:\/\/www.facebook.com\/NoticiasconFerAbrajan\/\" \/>\n<meta property=\"article:published_time\" content=\"2020-05-31T23:15:00+00:00\" \/>\n<meta name=\"author\" content=\"admin\" \/>\n<meta name=\"twitter:card\" content=\"summary_large_image\" \/>\n<meta name=\"twitter:creator\" content=\"@ferabrajan1\" \/>\n<meta name=\"twitter:site\" content=\"@ferabrajan1\" \/>\n<meta name=\"twitter:label1\" content=\"Escrito por\" \/>\n\t<meta name=\"twitter:data1\" content=\"admin\" \/>\n\t<meta name=\"twitter:label2\" content=\"Tiempo de lectura\" \/>\n\t<meta name=\"twitter:data2\" content=\"3 minutos\" \/>\n<script type=\"application\/ld+json\" class=\"yoast-schema-graph\">{\"@context\":\"https:\\\/\\\/schema.org\",\"@graph\":[{\"@type\":\"Article\",\"@id\":\"https:\\\/\\\/ferabrajan.com\\\/portal\\\/2020\\\/05\\\/31\\\/casos-confirmados-de-covid-19-en-jalisco-al-29-de-mayo\\\/#article\",\"isPartOf\":{\"@id\":\"https:\\\/\\\/ferabrajan.com\\\/portal\\\/2020\\\/05\\\/31\\\/casos-confirmados-de-covid-19-en-jalisco-al-29-de-mayo\\\/\"},\"author\":{\"name\":\"admin\",\"@id\":\"https:\\\/\\\/ferabrajan.com\\\/portal\\\/#\\\/schema\\\/person\\\/f6113b3cb1e036d5c6a9505685b257ba\"},\"headline\":\"Casos confirmados de Covid-19 en Jalisco al 29 de mayo\",\"datePublished\":\"2020-05-31T23:15:00+00:00\",\"mainEntityOfPage\":{\"@id\":\"https:\\\/\\\/ferabrajan.com\\\/portal\\\/2020\\\/05\\\/31\\\/casos-confirmados-de-covid-19-en-jalisco-al-29-de-mayo\\\/\"},\"wordCount\":551,\"commentCount\":0,\"publisher\":{\"@id\":\"https:\\\/\\\/ferabrajan.com\\\/portal\\\/#organization\"},\"image\":{\"@id\":\"https:\\\/\\\/ferabrajan.com\\\/portal\\\/2020\\\/05\\\/31\\\/casos-confirmados-de-covid-19-en-jalisco-al-29-de-mayo\\\/#primaryimage\"},\"thumbnailUrl\":\"\",\"articleSection\":[\"El Mundo\"],\"inLanguage\":\"es\"},{\"@type\":\"WebPage\",\"@id\":\"https:\\\/\\\/ferabrajan.com\\\/portal\\\/2020\\\/05\\\/31\\\/casos-confirmados-de-covid-19-en-jalisco-al-29-de-mayo\\\/\",\"url\":\"https:\\\/\\\/ferabrajan.com\\\/portal\\\/2020\\\/05\\\/31\\\/casos-confirmados-de-covid-19-en-jalisco-al-29-de-mayo\\\/\",\"name\":\"Casos confirmados de Covid-19 en Jalisco al 29 de mayo - Fer Abrajan\",\"isPartOf\":{\"@id\":\"https:\\\/\\\/ferabrajan.com\\\/portal\\\/#website\"},\"primaryImageOfPage\":{\"@id\":\"https:\\\/\\\/ferabrajan.com\\\/portal\\\/2020\\\/05\\\/31\\\/casos-confirmados-de-covid-19-en-jalisco-al-29-de-mayo\\\/#primaryimage\"},\"image\":{\"@id\":\"https:\\\/\\\/ferabrajan.com\\\/portal\\\/2020\\\/05\\\/31\\\/casos-confirmados-de-covid-19-en-jalisco-al-29-de-mayo\\\/#primaryimage\"},\"thumbnailUrl\":\"\",\"datePublished\":\"2020-05-31T23:15:00+00:00\",\"breadcrumb\":{\"@id\":\"https:\\\/\\\/ferabrajan.com\\\/portal\\\/2020\\\/05\\\/31\\\/casos-confirmados-de-covid-19-en-jalisco-al-29-de-mayo\\\/#breadcrumb\"},\"inLanguage\":\"es\",\"potentialAction\":[{\"@type\":\"ReadAction\",\"target\":[\"https:\\\/\\\/ferabrajan.com\\\/portal\\\/2020\\\/05\\\/31\\\/casos-confirmados-de-covid-19-en-jalisco-al-29-de-mayo\\\/\"]}]},{\"@type\":\"ImageObject\",\"inLanguage\":\"es\",\"@id\":\"https:\\\/\\\/ferabrajan.com\\\/portal\\\/2020\\\/05\\\/31\\\/casos-confirmados-de-covid-19-en-jalisco-al-29-de-mayo\\\/#primaryimage\",\"url\":\"\",\"contentUrl\":\"\"},{\"@type\":\"BreadcrumbList\",\"@id\":\"https:\\\/\\\/ferabrajan.com\\\/portal\\\/2020\\\/05\\\/31\\\/casos-confirmados-de-covid-19-en-jalisco-al-29-de-mayo\\\/#breadcrumb\",\"itemListElement\":[{\"@type\":\"ListItem\",\"position\":1,\"name\":\"Portada\",\"item\":\"https:\\\/\\\/ferabrajan.com\\\/portal\\\/\"},{\"@type\":\"ListItem\",\"position\":2,\"name\":\"Casos confirmados de Covid-19 en Jalisco al 29 de mayo\"}]},{\"@type\":\"WebSite\",\"@id\":\"https:\\\/\\\/ferabrajan.com\\\/portal\\\/#website\",\"url\":\"https:\\\/\\\/ferabrajan.com\\\/portal\\\/\",\"name\":\"Fer Abrajan\",\"description\":\"Noticias de Puebla, opini\u00f3n y radio en vivo\",\"publisher\":{\"@id\":\"https:\\\/\\\/ferabrajan.com\\\/portal\\\/#organization\"},\"potentialAction\":[{\"@type\":\"SearchAction\",\"target\":{\"@type\":\"EntryPoint\",\"urlTemplate\":\"https:\\\/\\\/ferabrajan.com\\\/portal\\\/?s={search_term_string}\"},\"query-input\":{\"@type\":\"PropertyValueSpecification\",\"valueRequired\":true,\"valueName\":\"search_term_string\"}}],\"inLanguage\":\"es\"},{\"@type\":\"Organization\",\"@id\":\"https:\\\/\\\/ferabrajan.com\\\/portal\\\/#organization\",\"name\":\"Fer Abrajan\",\"url\":\"https:\\\/\\\/ferabrajan.com\\\/portal\\\/\",\"logo\":{\"@type\":\"ImageObject\",\"inLanguage\":\"es\",\"@id\":\"https:\\\/\\\/ferabrajan.com\\\/portal\\\/#\\\/schema\\\/logo\\\/image\\\/\",\"url\":\"https:\\\/\\\/ferabrajan.com\\\/portal\\\/wp-content\\\/uploads\\\/2024\\\/10\\\/cropped-logo.jpeg\",\"contentUrl\":\"https:\\\/\\\/ferabrajan.com\\\/portal\\\/wp-content\\\/uploads\\\/2024\\\/10\\\/cropped-logo.jpeg\",\"width\":500,\"height\":250,\"caption\":\"Fer Abrajan\"},\"image\":{\"@id\":\"https:\\\/\\\/ferabrajan.com\\\/portal\\\/#\\\/schema\\\/logo\\\/image\\\/\"},\"sameAs\":[\"https:\\\/\\\/www.facebook.com\\\/NoticiasconFerAbrajan\\\/\",\"https:\\\/\\\/x.com\\\/ferabrajan1\"]},{\"@type\":\"Person\",\"@id\":\"https:\\\/\\\/ferabrajan.com\\\/portal\\\/#\\\/schema\\\/person\\\/f6113b3cb1e036d5c6a9505685b257ba\",\"name\":\"admin\",\"image\":{\"@type\":\"ImageObject\",\"inLanguage\":\"es\",\"@id\":\"https:\\\/\\\/secure.gravatar.com\\\/avatar\\\/072baa72775aad53c748dfc5d3048578e01b6c087eef335459ebfa04344e2d18?s=96&d=mm&r=g\",\"url\":\"https:\\\/\\\/secure.gravatar.com\\\/avatar\\\/072baa72775aad53c748dfc5d3048578e01b6c087eef335459ebfa04344e2d18?s=96&d=mm&r=g\",\"contentUrl\":\"https:\\\/\\\/secure.gravatar.com\\\/avatar\\\/072baa72775aad53c748dfc5d3048578e01b6c087eef335459ebfa04344e2d18?s=96&d=mm&r=g\",\"caption\":\"admin\"},\"sameAs\":[\"https:\\\/\\\/ferabrajan.com\\\/portal\"],\"url\":\"https:\\\/\\\/ferabrajan.com\\\/portal\\\/author\\\/admin\\\/\"}]}<\/script>\n<!-- \/ Yoast SEO plugin. -->","yoast_head_json":{"title":"Casos confirmados de Covid-19 en Jalisco al 29 de mayo - Fer Abrajan","robots":{"index":"index","follow":"follow","max-snippet":"max-snippet:-1","max-image-preview":"max-image-preview:large","max-video-preview":"max-video-preview:-1"},"canonical":"https:\/\/ferabrajan.com\/portal\/2020\/05\/31\/casos-confirmados-de-covid-19-en-jalisco-al-29-de-mayo\/","og_locale":"es_ES","og_type":"article","og_title":"Casos confirmados de Covid-19 en Jalisco al 29 de mayo - Fer Abrajan","og_description":"Jalisco tiene 1,524 casos confirmados y 136 muertos por coronavirus, de acuerdo con el reporte del 29 de mayo de la Secretar\u00eda de Salud del gobierno federal. Adem\u00e1s, hay 9 mil 587 casos negativos y 1,232 sospechosos en la entidad. La tasa de incidencia de Covid-19 en Jalisco es de 18.12 casos por cada 100 mil habitantes. La Secretar\u00eda de Salud del gobierno federal inform\u00f3 que al 29 de mayo hay registro de 9 mil 415 muertos y 84 mil 627&nbsp;casos confirmados acumulados de coronavirus en M\u00e9xico. Lee tambi\u00e9n: Suman 9 mil 415 por Covid en M\u00e9xico; hay 84,627 Cronolog\u00eda del coronavirus en Jalisco En el estado de Jalisco se implementaron las medidas de sana distancia una semana antes de que iniciaran a nivel federal, como la suspensi\u00f3n de eventos masivos y clases, que en el estado se suspendieron desde el 17 de marzo. A lo largo de la contingencia causada por el coronavirus, el gobernador de Jalisco, Enrique Alfaro, ha tenido varias diferencias con el subsecretario Hugo L\u00f3pez-Gatell, por la aplicaci\u00f3n de pruebas r\u00e1pidas para detectar coronavirus. Lee tambi\u00e9n: L\u00f3pez-Gatell responde a gobernador Alfaro; le manda saludos 13 de marzo. Universidades de Jalisco anuncian que adelantan la suspensi\u00f3n de clases presenciales y la realizaci\u00f3n de clases en l\u00ednea, como medida preventiva para evitar contagios de Covid-19. 14 de marzo. Se confirman los dos primeros casos de coronavirus en Jalisco. 17 de marzo. Se suspenden las clases en Jalisco hasta nuevo aviso. 18 de marzo. El gobernador Enrique Alfaro inform\u00f3 del cierre total de casinos, bares, antros, salones de fiestas y eventos, centros nocturnos y cantinas. 20 de marzo. A trav\u00e9s de un mensaje en redes sociales, Enrique Alfaro pidi\u00f3 a los jaliscienses permanecer cinco d\u00edas de aislamiento total para evitar un crecimiento exponencial en los contagios de Covid-19. 23 de marzo. El gobierno de Jalisco pidi\u00f3 al federal el cierre de aeropuertos en la entidad, para prevenir contagios. 28 de marzo. Al menos seis enfermeras fueron atacadas o discriminadas en Guadalajara, debido al miedo de los tapat\u00edos a contagiarse de Covid-19. Lee tambi\u00e9n:&nbsp;As\u00ed opera Despensa Segura en apoyo a afectados por Covid-19 31 de marzo. El gobierno de Jalisco implement\u00f3 controles de acceso al \u00e1rea metropolitana de Guadalajara. 2 de abril. Alfaro acus\u00f3 a Hugo L\u00f3pez-Gatell de mentir sobre las pruebas r\u00e1pidas y dijo que bloquear la aplicaci\u00f3n de tests para Covid-19 podr\u00eda considerarse como traici\u00f3n a la patria. 2 de abril. El subsecretario Hugo L\u00f3pez-Gatell le mand\u00f3 saludos al gobernador de Jalisco durante la conferencia nocturna, despu\u00e9s de ser cuestionado sobre las declaraciones de Enrique Alfaro. 16 de abril. Jalisco busca a m\u00e9dicos voluntarios para combatir el Covid-19. 19 de abril. El gobierno de Jalisco anunci\u00f3 el endurecimiento de medidas de sana distancia. 21 de abril. Detienen a seis personas por violar el confinamiento en Jalisco. 23 de abril. El gobernador Enrique Alfaro llam\u00f3 pendejos a quienes siguen sin atender las medidas por el coronavirus. 9 de mayo. Enrique Alfaro informa que las escuelas de Jalisco no regresar\u00e1n a clases presenciales y terminar\u00e1n ciclo escolar en l\u00ednea. Con informaci\u00f3n de UN1\u00d3N Jalisco Gr\u00e1fica. Casos de coronavirus en Jalisco por d\u00eda Publicaci\u00f3n Original: https:\/\/www.eluniversal.com.mx\/estados\/coronavirus-jalisco-casos-confirmados-de-covid-19-al-29-de-mayo","og_url":"https:\/\/ferabrajan.com\/portal\/2020\/05\/31\/casos-confirmados-de-covid-19-en-jalisco-al-29-de-mayo\/","og_site_name":"Fer Abrajan","article_publisher":"https:\/\/www.facebook.com\/NoticiasconFerAbrajan\/","article_published_time":"2020-05-31T23:15:00+00:00","author":"admin","twitter_card":"summary_large_image","twitter_creator":"@ferabrajan1","twitter_site":"@ferabrajan1","twitter_misc":{"Escrito por":"admin","Tiempo de lectura":"3 minutos"},"schema":{"@context":"https:\/\/schema.org","@graph":[{"@type":"Article","@id":"https:\/\/ferabrajan.com\/portal\/2020\/05\/31\/casos-confirmados-de-covid-19-en-jalisco-al-29-de-mayo\/#article","isPartOf":{"@id":"https:\/\/ferabrajan.com\/portal\/2020\/05\/31\/casos-confirmados-de-covid-19-en-jalisco-al-29-de-mayo\/"},"author":{"name":"admin","@id":"https:\/\/ferabrajan.com\/portal\/#\/schema\/person\/f6113b3cb1e036d5c6a9505685b257ba"},"headline":"Casos confirmados de Covid-19 en Jalisco al 29 de mayo","datePublished":"2020-05-31T23:15:00+00:00","mainEntityOfPage":{"@id":"https:\/\/ferabrajan.com\/portal\/2020\/05\/31\/casos-confirmados-de-covid-19-en-jalisco-al-29-de-mayo\/"},"wordCount":551,"commentCount":0,"publisher":{"@id":"https:\/\/ferabrajan.com\/portal\/#organization"},"image":{"@id":"https:\/\/ferabrajan.com\/portal\/2020\/05\/31\/casos-confirmados-de-covid-19-en-jalisco-al-29-de-mayo\/#primaryimage"},"thumbnailUrl":"","articleSection":["El Mundo"],"inLanguage":"es"},{"@type":"WebPage","@id":"https:\/\/ferabrajan.com\/portal\/2020\/05\/31\/casos-confirmados-de-covid-19-en-jalisco-al-29-de-mayo\/","url":"https:\/\/ferabrajan.com\/portal\/2020\/05\/31\/casos-confirmados-de-covid-19-en-jalisco-al-29-de-mayo\/","name":"Casos confirmados de Covid-19 en Jalisco al 29 de mayo - Fer Abrajan","isPartOf":{"@id":"https:\/\/ferabrajan.com\/portal\/#website"},"primaryImageOfPage":{"@id":"https:\/\/ferabrajan.com\/portal\/2020\/05\/31\/casos-confirmados-de-covid-19-en-jalisco-al-29-de-mayo\/#primaryimage"},"image":{"@id":"https:\/\/ferabrajan.com\/portal\/2020\/05\/31\/casos-confirmados-de-covid-19-en-jalisco-al-29-de-mayo\/#primaryimage"},"thumbnailUrl":"","datePublished":"2020-05-31T23:15:00+00:00","breadcrumb":{"@id":"https:\/\/ferabrajan.com\/portal\/2020\/05\/31\/casos-confirmados-de-covid-19-en-jalisco-al-29-de-mayo\/#breadcrumb"},"inLanguage":"es","potentialAction":[{"@type":"ReadAction","target":["https:\/\/ferabrajan.com\/portal\/2020\/05\/31\/casos-confirmados-de-covid-19-en-jalisco-al-29-de-mayo\/"]}]},{"@type":"ImageObject","inLanguage":"es","@id":"https:\/\/ferabrajan.com\/portal\/2020\/05\/31\/casos-confirmados-de-covid-19-en-jalisco-al-29-de-mayo\/#primaryimage","url":"","contentUrl":""},{"@type":"BreadcrumbList","@id":"https:\/\/ferabrajan.com\/portal\/2020\/05\/31\/casos-confirmados-de-covid-19-en-jalisco-al-29-de-mayo\/#breadcrumb","itemListElement":[{"@type":"ListItem","position":1,"name":"Portada","item":"https:\/\/ferabrajan.com\/portal\/"},{"@type":"ListItem","position":2,"name":"Casos confirmados de Covid-19 en Jalisco al 29 de mayo"}]},{"@type":"WebSite","@id":"https:\/\/ferabrajan.com\/portal\/#website","url":"https:\/\/ferabrajan.com\/portal\/","name":"Fer Abrajan","description":"Noticias de Puebla, opini\u00f3n y radio en vivo","publisher":{"@id":"https:\/\/ferabrajan.com\/portal\/#organization"},"potentialAction":[{"@type":"SearchAction","target":{"@type":"EntryPoint","urlTemplate":"https:\/\/ferabrajan.com\/portal\/?s={search_term_string}"},"query-input":{"@type":"PropertyValueSpecification","valueRequired":true,"valueName":"search_term_string"}}],"inLanguage":"es"},{"@type":"Organization","@id":"https:\/\/ferabrajan.com\/portal\/#organization","name":"Fer Abrajan","url":"https:\/\/ferabrajan.com\/portal\/","logo":{"@type":"ImageObject","inLanguage":"es","@id":"https:\/\/ferabrajan.com\/portal\/#\/schema\/logo\/image\/","url":"https:\/\/ferabrajan.com\/portal\/wp-content\/uploads\/2024\/10\/cropped-logo.jpeg","contentUrl":"https:\/\/ferabrajan.com\/portal\/wp-content\/uploads\/2024\/10\/cropped-logo.jpeg","width":500,"height":250,"caption":"Fer Abrajan"},"image":{"@id":"https:\/\/ferabrajan.com\/portal\/#\/schema\/logo\/image\/"},"sameAs":["https:\/\/www.facebook.com\/NoticiasconFerAbrajan\/","https:\/\/x.com\/ferabrajan1"]},{"@type":"Person","@id":"https:\/\/ferabrajan.com\/portal\/#\/schema\/person\/f6113b3cb1e036d5c6a9505685b257ba","name":"admin","image":{"@type":"ImageObject","inLanguage":"es","@id":"https:\/\/secure.gravatar.com\/avatar\/072baa72775aad53c748dfc5d3048578e01b6c087eef335459ebfa04344e2d18?s=96&d=mm&r=g","url":"https:\/\/secure.gravatar.com\/avatar\/072baa72775aad53c748dfc5d3048578e01b6c087eef335459ebfa04344e2d18?s=96&d=mm&r=g","contentUrl":"https:\/\/secure.gravatar.com\/avatar\/072baa72775aad53c748dfc5d3048578e01b6c087eef335459ebfa04344e2d18?s=96&d=mm&r=g","caption":"admin"},"sameAs":["https:\/\/ferabrajan.com\/portal"],"url":"https:\/\/ferabrajan.com\/portal\/author\/admin\/"}]}},"_links":{"self":[{"href":"https:\/\/ferabrajan.com\/portal\/wp-json\/wp\/v2\/posts\/12443","targetHints":{"allow":["GET"]}}],"collection":[{"href":"https:\/\/ferabrajan.com\/portal\/wp-json\/wp\/v2\/posts"}],"about":[{"href":"https:\/\/ferabrajan.com\/portal\/wp-json\/wp\/v2\/types\/post"}],"author":[{"embeddable":true,"href":"https:\/\/ferabrajan.com\/portal\/wp-json\/wp\/v2\/users\/1"}],"replies":[{"embeddable":true,"href":"https:\/\/ferabrajan.com\/portal\/wp-json\/wp\/v2\/comments?post=12443"}],"version-history":[{"count":0,"href":"https:\/\/ferabrajan.com\/portal\/wp-json\/wp\/v2\/posts\/12443\/revisions"}],"wp:attachment":[{"href":"https:\/\/ferabrajan.com\/portal\/wp-json\/wp\/v2\/media?parent=12443"}],"wp:term":[{"taxonomy":"category","embeddable":true,"href":"https:\/\/ferabrajan.com\/portal\/wp-json\/wp\/v2\/categories?post=12443"},{"taxonomy":"post_tag","embeddable":true,"href":"https:\/\/ferabrajan.com\/portal\/wp-json\/wp\/v2\/tags?post=12443"}],"curies":[{"name":"wp","href":"https:\/\/api.w.org\/{rel}","templated":true}]}}