{"id":12438,"date":"2020-05-30T23:34:17","date_gmt":"2020-05-30T23:34:17","guid":{"rendered":"https:\/\/www.elsoldepuebla.com.mx\/gossip\/muere-la-mama-de-patricia-reyes-spindola-5300168.html"},"modified":"2020-05-30T23:34:17","modified_gmt":"2020-05-30T23:34:17","slug":"muere-la-mama-de-patricia-reyes-spindola","status":"publish","type":"post","link":"https:\/\/ferabrajan.com\/portal\/2020\/05\/30\/muere-la-mama-de-patricia-reyes-spindola\/","title":{"rendered":"Muere la mam\u00e1 de Patricia Reyes Sp\u00edndola"},"content":{"rendered":"<div><img decoding=\"async\" src=\"https:\/\/www.elsoldemexico.com.mx\/gossip\/tkzg29-patricia-reyes-spindola.jpg\/ALTERNATES\/LANDSCAPE_1140\/Patricia%20Reyes%20Spindola.jpg\" class=\"ff-og-image-inserted\"><\/div>\n<p>Rodeada de su familia y apaciblemente, la escritora Martha Reyes Sp\u00edndola muri\u00f3 a la edad de 93 a\u00f1os por causas naturales este viernes al mediod\u00eda en su casa. A la tambi\u00e9n pintora, escultora y conferencista mexicana le sobreviven sus dos hijas, Martha y la actriz Patricia Reyes Sp\u00edndola.<\/p>\n<p>Fuentes de la familia informaron que la artista fue velada en un discreto funeral y sus restos incinerados la tarde de este s\u00e1bado.<\/p>\n<p>La artista pl\u00e1stica y literaria luch\u00f3 en su momento contra el c\u00e1ncer y libre de la enfermedad los \u00faltimos 23 a\u00f1os.<\/p>\n<section> <\/section>\n<p>Fue su hija Patricia Reyes Sp\u00edndola quien en redes sociales inform\u00f3 de la muerte de su madre. \u201cCon un dolor muy grande y una pena profunda les comparto que mi adorada madre Martha Reyes Sp\u00edndola se adelant\u00f3 en su viaje al cielo\u201d, escribi\u00f3 la actriz.<\/p>\n<p>Alumnos de su academia de actuaci\u00f3n M&amp;M Studio Mx, as\u00ed como colegas del gremio art\u00edstico, enviaron condolencias a la actriz y directora. Ver\u00f3nica Castro, Sylvia Pasquel, Tiar\u00e9 Scanda, Ari Telch, Paty Chapoy, Fernanda Familiar, Arlette Pacheco y Pedro Sola, entre otros, ofrecieron su p\u00e9same.<\/p>\n<p>De la artista desaparecida existe un audiolibro con el tema del c\u00e1ncer y post c\u00e1ncer titulado \u00abLa felicidad despu\u00e9s de los 80\u00bb, que present\u00f3 en 2016; tambi\u00e9n permanecer\u00e1 como legado su obra pict\u00f3rica, as\u00ed como sus adaptaciones literarias de obras teatrales.<\/p>\n<p>Publicaci\u00f3n Original: <a href=\"https:\/\/www.elsoldepuebla.com.mx\/gossip\/muere-la-mama-de-patricia-reyes-spindola-5300168.html\" target=\"_blank\" rel=\"noopener noreferrer\">https:\/\/www.elsoldepuebla.com.mx\/gossip\/muere-la-mama-de-patricia-reyes-spindola-5300168.html<\/a><\/p>\n","protected":false},"excerpt":{"rendered":"<p>Rodeada de su familia y apaciblemente, la escritora Martha Reyes Sp\u00edndola muri\u00f3 a la edad de 93 a\u00f1os por causas naturales este viernes al mediod\u00eda en su casa. A la tambi\u00e9n pintora, escultora y conferencista mexicana le sobreviven sus dos hijas, Martha y la actriz Patricia Reyes Sp\u00edndola. Fuentes de la familia informaron que la artista fue velada en un discreto funeral y sus restos incinerados la tarde de este s\u00e1bado. La artista pl\u00e1stica y literaria luch\u00f3 en su momento contra el c\u00e1ncer y libre de la enfermedad los \u00faltimos 23 a\u00f1os. Fue su hija Patricia Reyes Sp\u00edndola quien en redes sociales inform\u00f3 de la muerte de su madre. \u201cCon un dolor muy grande y una pena profunda les comparto que mi adorada madre Martha Reyes Sp\u00edndola se adelant\u00f3 en su viaje al cielo\u201d, escribi\u00f3 la actriz. Alumnos de su academia de actuaci\u00f3n M&amp;M Studio Mx, as\u00ed como colegas del gremio art\u00edstico, enviaron condolencias a la actriz y directora. Ver\u00f3nica Castro, Sylvia Pasquel, Tiar\u00e9 Scanda, Ari Telch, Paty Chapoy, Fernanda Familiar, Arlette Pacheco y Pedro Sola, entre otros, ofrecieron su p\u00e9same. De la artista desaparecida existe un audiolibro con el tema del c\u00e1ncer y post c\u00e1ncer titulado \u00abLa felicidad despu\u00e9s de los 80\u00bb, que present\u00f3 en 2016; tambi\u00e9n permanecer\u00e1 como legado su obra pict\u00f3rica, as\u00ed como sus adaptaciones literarias de obras teatrales. Publicaci\u00f3n Original: https:\/\/www.elsoldepuebla.com.mx\/gossip\/muere-la-mama-de-patricia-reyes-spindola-5300168.html<\/p>\n","protected":false},"author":1,"featured_media":12442,"comment_status":"closed","ping_status":"closed","sticky":false,"template":"","format":"standard","meta":{"_monsterinsights_skip_tracking":false,"_uf_show_specific_survey":0,"_uf_disable_surveys":false,"footnotes":""},"categories":[34],"tags":[],"class_list":["post-12438","post","type-post","status-publish","format-standard","has-post-thumbnail","hentry","category-puebla"],"yoast_head":"<!-- This site is optimized with the Yoast SEO plugin v27.5 - https:\/\/yoast.com\/product\/yoast-seo-wordpress\/ -->\n<title>Muere la mam\u00e1 de Patricia Reyes Sp\u00edndola - Fer Abrajan<\/title>\n<meta name=\"robots\" content=\"index, follow, max-snippet:-1, max-image-preview:large, max-video-preview:-1\" \/>\n<link rel=\"canonical\" href=\"https:\/\/ferabrajan.com\/portal\/2020\/05\/30\/muere-la-mama-de-patricia-reyes-spindola\/\" \/>\n<meta property=\"og:locale\" content=\"es_ES\" \/>\n<meta property=\"og:type\" content=\"article\" \/>\n<meta property=\"og:title\" content=\"Muere la mam\u00e1 de Patricia Reyes Sp\u00edndola - Fer Abrajan\" \/>\n<meta property=\"og:description\" content=\"Rodeada de su familia y apaciblemente, la escritora Martha Reyes Sp\u00edndola muri\u00f3 a la edad de 93 a\u00f1os por causas naturales este viernes al mediod\u00eda en su casa. A la tambi\u00e9n pintora, escultora y conferencista mexicana le sobreviven sus dos hijas, Martha y la actriz Patricia Reyes Sp\u00edndola. Fuentes de la familia informaron que la artista fue velada en un discreto funeral y sus restos incinerados la tarde de este s\u00e1bado. La artista pl\u00e1stica y literaria luch\u00f3 en su momento contra el c\u00e1ncer y libre de la enfermedad los \u00faltimos 23 a\u00f1os. Fue su hija Patricia Reyes Sp\u00edndola quien en redes sociales inform\u00f3 de la muerte de su madre. \u201cCon un dolor muy grande y una pena profunda les comparto que mi adorada madre Martha Reyes Sp\u00edndola se adelant\u00f3 en su viaje al cielo\u201d, escribi\u00f3 la actriz. Alumnos de su academia de actuaci\u00f3n M&amp;M Studio Mx, as\u00ed como colegas del gremio art\u00edstico, enviaron condolencias a la actriz y directora. Ver\u00f3nica Castro, Sylvia Pasquel, Tiar\u00e9 Scanda, Ari Telch, Paty Chapoy, Fernanda Familiar, Arlette Pacheco y Pedro Sola, entre otros, ofrecieron su p\u00e9same. De la artista desaparecida existe un audiolibro con el tema del c\u00e1ncer y post c\u00e1ncer titulado \u00abLa felicidad despu\u00e9s de los 80\u00bb, que present\u00f3 en 2016; tambi\u00e9n permanecer\u00e1 como legado su obra pict\u00f3rica, as\u00ed como sus adaptaciones literarias de obras teatrales. Publicaci\u00f3n Original: https:\/\/www.elsoldepuebla.com.mx\/gossip\/muere-la-mama-de-patricia-reyes-spindola-5300168.html\" \/>\n<meta property=\"og:url\" content=\"https:\/\/ferabrajan.com\/portal\/2020\/05\/30\/muere-la-mama-de-patricia-reyes-spindola\/\" \/>\n<meta property=\"og:site_name\" content=\"Fer Abrajan\" \/>\n<meta property=\"article:publisher\" content=\"https:\/\/www.facebook.com\/NoticiasconFerAbrajan\/\" \/>\n<meta property=\"article:published_time\" content=\"2020-05-30T23:34:17+00:00\" \/>\n<meta name=\"author\" content=\"admin\" \/>\n<meta name=\"twitter:card\" content=\"summary_large_image\" \/>\n<meta name=\"twitter:creator\" content=\"@ferabrajan1\" \/>\n<meta name=\"twitter:site\" content=\"@ferabrajan1\" \/>\n<meta name=\"twitter:label1\" content=\"Escrito por\" \/>\n\t<meta name=\"twitter:data1\" content=\"admin\" \/>\n\t<meta name=\"twitter:label2\" content=\"Tiempo de lectura\" \/>\n\t<meta name=\"twitter:data2\" content=\"1 minuto\" \/>\n<script type=\"application\/ld+json\" class=\"yoast-schema-graph\">{\"@context\":\"https:\\\/\\\/schema.org\",\"@graph\":[{\"@type\":\"Article\",\"@id\":\"https:\\\/\\\/ferabrajan.com\\\/portal\\\/2020\\\/05\\\/30\\\/muere-la-mama-de-patricia-reyes-spindola\\\/#article\",\"isPartOf\":{\"@id\":\"https:\\\/\\\/ferabrajan.com\\\/portal\\\/2020\\\/05\\\/30\\\/muere-la-mama-de-patricia-reyes-spindola\\\/\"},\"author\":{\"name\":\"admin\",\"@id\":\"https:\\\/\\\/ferabrajan.com\\\/portal\\\/#\\\/schema\\\/person\\\/f6113b3cb1e036d5c6a9505685b257ba\"},\"headline\":\"Muere la mam\u00e1 de Patricia Reyes Sp\u00edndola\",\"datePublished\":\"2020-05-30T23:34:17+00:00\",\"mainEntityOfPage\":{\"@id\":\"https:\\\/\\\/ferabrajan.com\\\/portal\\\/2020\\\/05\\\/30\\\/muere-la-mama-de-patricia-reyes-spindola\\\/\"},\"wordCount\":259,\"publisher\":{\"@id\":\"https:\\\/\\\/ferabrajan.com\\\/portal\\\/#organization\"},\"image\":{\"@id\":\"https:\\\/\\\/ferabrajan.com\\\/portal\\\/2020\\\/05\\\/30\\\/muere-la-mama-de-patricia-reyes-spindola\\\/#primaryimage\"},\"thumbnailUrl\":\"\",\"articleSection\":[\"Puebla\"],\"inLanguage\":\"es\"},{\"@type\":\"WebPage\",\"@id\":\"https:\\\/\\\/ferabrajan.com\\\/portal\\\/2020\\\/05\\\/30\\\/muere-la-mama-de-patricia-reyes-spindola\\\/\",\"url\":\"https:\\\/\\\/ferabrajan.com\\\/portal\\\/2020\\\/05\\\/30\\\/muere-la-mama-de-patricia-reyes-spindola\\\/\",\"name\":\"Muere la mam\u00e1 de Patricia Reyes Sp\u00edndola - Fer Abrajan\",\"isPartOf\":{\"@id\":\"https:\\\/\\\/ferabrajan.com\\\/portal\\\/#website\"},\"primaryImageOfPage\":{\"@id\":\"https:\\\/\\\/ferabrajan.com\\\/portal\\\/2020\\\/05\\\/30\\\/muere-la-mama-de-patricia-reyes-spindola\\\/#primaryimage\"},\"image\":{\"@id\":\"https:\\\/\\\/ferabrajan.com\\\/portal\\\/2020\\\/05\\\/30\\\/muere-la-mama-de-patricia-reyes-spindola\\\/#primaryimage\"},\"thumbnailUrl\":\"\",\"datePublished\":\"2020-05-30T23:34:17+00:00\",\"breadcrumb\":{\"@id\":\"https:\\\/\\\/ferabrajan.com\\\/portal\\\/2020\\\/05\\\/30\\\/muere-la-mama-de-patricia-reyes-spindola\\\/#breadcrumb\"},\"inLanguage\":\"es\",\"potentialAction\":[{\"@type\":\"ReadAction\",\"target\":[\"https:\\\/\\\/ferabrajan.com\\\/portal\\\/2020\\\/05\\\/30\\\/muere-la-mama-de-patricia-reyes-spindola\\\/\"]}]},{\"@type\":\"ImageObject\",\"inLanguage\":\"es\",\"@id\":\"https:\\\/\\\/ferabrajan.com\\\/portal\\\/2020\\\/05\\\/30\\\/muere-la-mama-de-patricia-reyes-spindola\\\/#primaryimage\",\"url\":\"\",\"contentUrl\":\"\"},{\"@type\":\"BreadcrumbList\",\"@id\":\"https:\\\/\\\/ferabrajan.com\\\/portal\\\/2020\\\/05\\\/30\\\/muere-la-mama-de-patricia-reyes-spindola\\\/#breadcrumb\",\"itemListElement\":[{\"@type\":\"ListItem\",\"position\":1,\"name\":\"Portada\",\"item\":\"https:\\\/\\\/ferabrajan.com\\\/portal\\\/\"},{\"@type\":\"ListItem\",\"position\":2,\"name\":\"Muere la mam\u00e1 de Patricia Reyes Sp\u00edndola\"}]},{\"@type\":\"WebSite\",\"@id\":\"https:\\\/\\\/ferabrajan.com\\\/portal\\\/#website\",\"url\":\"https:\\\/\\\/ferabrajan.com\\\/portal\\\/\",\"name\":\"Fer Abrajan\",\"description\":\"Noticias de Puebla, opini\u00f3n y radio en vivo\",\"publisher\":{\"@id\":\"https:\\\/\\\/ferabrajan.com\\\/portal\\\/#organization\"},\"potentialAction\":[{\"@type\":\"SearchAction\",\"target\":{\"@type\":\"EntryPoint\",\"urlTemplate\":\"https:\\\/\\\/ferabrajan.com\\\/portal\\\/?s={search_term_string}\"},\"query-input\":{\"@type\":\"PropertyValueSpecification\",\"valueRequired\":true,\"valueName\":\"search_term_string\"}}],\"inLanguage\":\"es\"},{\"@type\":\"Organization\",\"@id\":\"https:\\\/\\\/ferabrajan.com\\\/portal\\\/#organization\",\"name\":\"Fer Abrajan\",\"url\":\"https:\\\/\\\/ferabrajan.com\\\/portal\\\/\",\"logo\":{\"@type\":\"ImageObject\",\"inLanguage\":\"es\",\"@id\":\"https:\\\/\\\/ferabrajan.com\\\/portal\\\/#\\\/schema\\\/logo\\\/image\\\/\",\"url\":\"https:\\\/\\\/ferabrajan.com\\\/portal\\\/wp-content\\\/uploads\\\/2024\\\/10\\\/cropped-logo.jpeg\",\"contentUrl\":\"https:\\\/\\\/ferabrajan.com\\\/portal\\\/wp-content\\\/uploads\\\/2024\\\/10\\\/cropped-logo.jpeg\",\"width\":500,\"height\":250,\"caption\":\"Fer Abrajan\"},\"image\":{\"@id\":\"https:\\\/\\\/ferabrajan.com\\\/portal\\\/#\\\/schema\\\/logo\\\/image\\\/\"},\"sameAs\":[\"https:\\\/\\\/www.facebook.com\\\/NoticiasconFerAbrajan\\\/\",\"https:\\\/\\\/x.com\\\/ferabrajan1\"]},{\"@type\":\"Person\",\"@id\":\"https:\\\/\\\/ferabrajan.com\\\/portal\\\/#\\\/schema\\\/person\\\/f6113b3cb1e036d5c6a9505685b257ba\",\"name\":\"admin\",\"image\":{\"@type\":\"ImageObject\",\"inLanguage\":\"es\",\"@id\":\"https:\\\/\\\/secure.gravatar.com\\\/avatar\\\/072baa72775aad53c748dfc5d3048578e01b6c087eef335459ebfa04344e2d18?s=96&d=mm&r=g\",\"url\":\"https:\\\/\\\/secure.gravatar.com\\\/avatar\\\/072baa72775aad53c748dfc5d3048578e01b6c087eef335459ebfa04344e2d18?s=96&d=mm&r=g\",\"contentUrl\":\"https:\\\/\\\/secure.gravatar.com\\\/avatar\\\/072baa72775aad53c748dfc5d3048578e01b6c087eef335459ebfa04344e2d18?s=96&d=mm&r=g\",\"caption\":\"admin\"},\"sameAs\":[\"https:\\\/\\\/ferabrajan.com\\\/portal\"],\"url\":\"https:\\\/\\\/ferabrajan.com\\\/portal\\\/author\\\/admin\\\/\"}]}<\/script>\n<!-- \/ Yoast SEO plugin. -->","yoast_head_json":{"title":"Muere la mam\u00e1 de Patricia Reyes Sp\u00edndola - Fer Abrajan","robots":{"index":"index","follow":"follow","max-snippet":"max-snippet:-1","max-image-preview":"max-image-preview:large","max-video-preview":"max-video-preview:-1"},"canonical":"https:\/\/ferabrajan.com\/portal\/2020\/05\/30\/muere-la-mama-de-patricia-reyes-spindola\/","og_locale":"es_ES","og_type":"article","og_title":"Muere la mam\u00e1 de Patricia Reyes Sp\u00edndola - Fer Abrajan","og_description":"Rodeada de su familia y apaciblemente, la escritora Martha Reyes Sp\u00edndola muri\u00f3 a la edad de 93 a\u00f1os por causas naturales este viernes al mediod\u00eda en su casa. A la tambi\u00e9n pintora, escultora y conferencista mexicana le sobreviven sus dos hijas, Martha y la actriz Patricia Reyes Sp\u00edndola. Fuentes de la familia informaron que la artista fue velada en un discreto funeral y sus restos incinerados la tarde de este s\u00e1bado. La artista pl\u00e1stica y literaria luch\u00f3 en su momento contra el c\u00e1ncer y libre de la enfermedad los \u00faltimos 23 a\u00f1os. Fue su hija Patricia Reyes Sp\u00edndola quien en redes sociales inform\u00f3 de la muerte de su madre. \u201cCon un dolor muy grande y una pena profunda les comparto que mi adorada madre Martha Reyes Sp\u00edndola se adelant\u00f3 en su viaje al cielo\u201d, escribi\u00f3 la actriz. Alumnos de su academia de actuaci\u00f3n M&amp;M Studio Mx, as\u00ed como colegas del gremio art\u00edstico, enviaron condolencias a la actriz y directora. Ver\u00f3nica Castro, Sylvia Pasquel, Tiar\u00e9 Scanda, Ari Telch, Paty Chapoy, Fernanda Familiar, Arlette Pacheco y Pedro Sola, entre otros, ofrecieron su p\u00e9same. De la artista desaparecida existe un audiolibro con el tema del c\u00e1ncer y post c\u00e1ncer titulado \u00abLa felicidad despu\u00e9s de los 80\u00bb, que present\u00f3 en 2016; tambi\u00e9n permanecer\u00e1 como legado su obra pict\u00f3rica, as\u00ed como sus adaptaciones literarias de obras teatrales. Publicaci\u00f3n Original: https:\/\/www.elsoldepuebla.com.mx\/gossip\/muere-la-mama-de-patricia-reyes-spindola-5300168.html","og_url":"https:\/\/ferabrajan.com\/portal\/2020\/05\/30\/muere-la-mama-de-patricia-reyes-spindola\/","og_site_name":"Fer Abrajan","article_publisher":"https:\/\/www.facebook.com\/NoticiasconFerAbrajan\/","article_published_time":"2020-05-30T23:34:17+00:00","author":"admin","twitter_card":"summary_large_image","twitter_creator":"@ferabrajan1","twitter_site":"@ferabrajan1","twitter_misc":{"Escrito por":"admin","Tiempo de lectura":"1 minuto"},"schema":{"@context":"https:\/\/schema.org","@graph":[{"@type":"Article","@id":"https:\/\/ferabrajan.com\/portal\/2020\/05\/30\/muere-la-mama-de-patricia-reyes-spindola\/#article","isPartOf":{"@id":"https:\/\/ferabrajan.com\/portal\/2020\/05\/30\/muere-la-mama-de-patricia-reyes-spindola\/"},"author":{"name":"admin","@id":"https:\/\/ferabrajan.com\/portal\/#\/schema\/person\/f6113b3cb1e036d5c6a9505685b257ba"},"headline":"Muere la mam\u00e1 de Patricia Reyes Sp\u00edndola","datePublished":"2020-05-30T23:34:17+00:00","mainEntityOfPage":{"@id":"https:\/\/ferabrajan.com\/portal\/2020\/05\/30\/muere-la-mama-de-patricia-reyes-spindola\/"},"wordCount":259,"publisher":{"@id":"https:\/\/ferabrajan.com\/portal\/#organization"},"image":{"@id":"https:\/\/ferabrajan.com\/portal\/2020\/05\/30\/muere-la-mama-de-patricia-reyes-spindola\/#primaryimage"},"thumbnailUrl":"","articleSection":["Puebla"],"inLanguage":"es"},{"@type":"WebPage","@id":"https:\/\/ferabrajan.com\/portal\/2020\/05\/30\/muere-la-mama-de-patricia-reyes-spindola\/","url":"https:\/\/ferabrajan.com\/portal\/2020\/05\/30\/muere-la-mama-de-patricia-reyes-spindola\/","name":"Muere la mam\u00e1 de Patricia Reyes Sp\u00edndola - Fer Abrajan","isPartOf":{"@id":"https:\/\/ferabrajan.com\/portal\/#website"},"primaryImageOfPage":{"@id":"https:\/\/ferabrajan.com\/portal\/2020\/05\/30\/muere-la-mama-de-patricia-reyes-spindola\/#primaryimage"},"image":{"@id":"https:\/\/ferabrajan.com\/portal\/2020\/05\/30\/muere-la-mama-de-patricia-reyes-spindola\/#primaryimage"},"thumbnailUrl":"","datePublished":"2020-05-30T23:34:17+00:00","breadcrumb":{"@id":"https:\/\/ferabrajan.com\/portal\/2020\/05\/30\/muere-la-mama-de-patricia-reyes-spindola\/#breadcrumb"},"inLanguage":"es","potentialAction":[{"@type":"ReadAction","target":["https:\/\/ferabrajan.com\/portal\/2020\/05\/30\/muere-la-mama-de-patricia-reyes-spindola\/"]}]},{"@type":"ImageObject","inLanguage":"es","@id":"https:\/\/ferabrajan.com\/portal\/2020\/05\/30\/muere-la-mama-de-patricia-reyes-spindola\/#primaryimage","url":"","contentUrl":""},{"@type":"BreadcrumbList","@id":"https:\/\/ferabrajan.com\/portal\/2020\/05\/30\/muere-la-mama-de-patricia-reyes-spindola\/#breadcrumb","itemListElement":[{"@type":"ListItem","position":1,"name":"Portada","item":"https:\/\/ferabrajan.com\/portal\/"},{"@type":"ListItem","position":2,"name":"Muere la mam\u00e1 de Patricia Reyes Sp\u00edndola"}]},{"@type":"WebSite","@id":"https:\/\/ferabrajan.com\/portal\/#website","url":"https:\/\/ferabrajan.com\/portal\/","name":"Fer Abrajan","description":"Noticias de Puebla, opini\u00f3n y radio en vivo","publisher":{"@id":"https:\/\/ferabrajan.com\/portal\/#organization"},"potentialAction":[{"@type":"SearchAction","target":{"@type":"EntryPoint","urlTemplate":"https:\/\/ferabrajan.com\/portal\/?s={search_term_string}"},"query-input":{"@type":"PropertyValueSpecification","valueRequired":true,"valueName":"search_term_string"}}],"inLanguage":"es"},{"@type":"Organization","@id":"https:\/\/ferabrajan.com\/portal\/#organization","name":"Fer Abrajan","url":"https:\/\/ferabrajan.com\/portal\/","logo":{"@type":"ImageObject","inLanguage":"es","@id":"https:\/\/ferabrajan.com\/portal\/#\/schema\/logo\/image\/","url":"https:\/\/ferabrajan.com\/portal\/wp-content\/uploads\/2024\/10\/cropped-logo.jpeg","contentUrl":"https:\/\/ferabrajan.com\/portal\/wp-content\/uploads\/2024\/10\/cropped-logo.jpeg","width":500,"height":250,"caption":"Fer Abrajan"},"image":{"@id":"https:\/\/ferabrajan.com\/portal\/#\/schema\/logo\/image\/"},"sameAs":["https:\/\/www.facebook.com\/NoticiasconFerAbrajan\/","https:\/\/x.com\/ferabrajan1"]},{"@type":"Person","@id":"https:\/\/ferabrajan.com\/portal\/#\/schema\/person\/f6113b3cb1e036d5c6a9505685b257ba","name":"admin","image":{"@type":"ImageObject","inLanguage":"es","@id":"https:\/\/secure.gravatar.com\/avatar\/072baa72775aad53c748dfc5d3048578e01b6c087eef335459ebfa04344e2d18?s=96&d=mm&r=g","url":"https:\/\/secure.gravatar.com\/avatar\/072baa72775aad53c748dfc5d3048578e01b6c087eef335459ebfa04344e2d18?s=96&d=mm&r=g","contentUrl":"https:\/\/secure.gravatar.com\/avatar\/072baa72775aad53c748dfc5d3048578e01b6c087eef335459ebfa04344e2d18?s=96&d=mm&r=g","caption":"admin"},"sameAs":["https:\/\/ferabrajan.com\/portal"],"url":"https:\/\/ferabrajan.com\/portal\/author\/admin\/"}]}},"_links":{"self":[{"href":"https:\/\/ferabrajan.com\/portal\/wp-json\/wp\/v2\/posts\/12438","targetHints":{"allow":["GET"]}}],"collection":[{"href":"https:\/\/ferabrajan.com\/portal\/wp-json\/wp\/v2\/posts"}],"about":[{"href":"https:\/\/ferabrajan.com\/portal\/wp-json\/wp\/v2\/types\/post"}],"author":[{"embeddable":true,"href":"https:\/\/ferabrajan.com\/portal\/wp-json\/wp\/v2\/users\/1"}],"replies":[{"embeddable":true,"href":"https:\/\/ferabrajan.com\/portal\/wp-json\/wp\/v2\/comments?post=12438"}],"version-history":[{"count":0,"href":"https:\/\/ferabrajan.com\/portal\/wp-json\/wp\/v2\/posts\/12438\/revisions"}],"wp:attachment":[{"href":"https:\/\/ferabrajan.com\/portal\/wp-json\/wp\/v2\/media?parent=12438"}],"wp:term":[{"taxonomy":"category","embeddable":true,"href":"https:\/\/ferabrajan.com\/portal\/wp-json\/wp\/v2\/categories?post=12438"},{"taxonomy":"post_tag","embeddable":true,"href":"https:\/\/ferabrajan.com\/portal\/wp-json\/wp\/v2\/tags?post=12438"}],"curies":[{"name":"wp","href":"https:\/\/api.w.org\/{rel}","templated":true}]}}