{"id":12433,"date":"2020-05-30T23:54:14","date_gmt":"2020-05-30T23:54:14","guid":{"rendered":"https:\/\/www.elsoldepuebla.com.mx\/local\/poblanos-no-eligen-a-flor-del-bosque-como-opcion-para-salir-del-confinamiento-cuarentena-coronavirus-covid19-pandemia-emergencia-sanitaria-sana-distancia-5299719.html"},"modified":"2020-05-30T23:54:14","modified_gmt":"2020-05-30T23:54:14","slug":"poblanos-no-eligen-a-flor-del-bosque-como-opcion-para-salir-del-confinamiento","status":"publish","type":"post","link":"https:\/\/ferabrajan.com\/portal\/2020\/05\/30\/poblanos-no-eligen-a-flor-del-bosque-como-opcion-para-salir-del-confinamiento\/","title":{"rendered":"Poblanos no eligen a Flor del Bosque como opci\u00f3n para salir del confinamiento"},"content":{"rendered":"<div><img decoding=\"async\" src=\"https:\/\/www.elsoldepuebla.com.mx\/local\/ynlund-flor-del-bosque-2.jpeg\/ALTERNATES\/LANDSCAPE_1140\/Flor%20del%20bosque%202.jpeg\" class=\"ff-og-image-inserted\"><\/div>\n<p>El Parque Estatal Flor del Bosque tiene abiertas sus puertas, sin embargo, hoy en d\u00eda no representa una opci\u00f3n real para los poblanos con la intenci\u00f3n de salir del confinamiento ya que lucen sus instalaciones pr\u00e1cticamente vac\u00edas salvo una que otra familia que por la tarde se animan a recorrer sus espacios.<\/p>\n<p><strong>El Sol de Puebla realiz\u00f3 un recorrido al interior del lugar enclavado a un costado del Perif\u00e9rico Ecol\u00f3gico donde pudo constatar que el Parque cuyo horario es de 8:00 a 18:00 horas contin\u00faa sin ser visitado por los poblanos, salvo excepciones como dos familias que llevaban a sus peque\u00f1os o un grupo de 4 j\u00f3venes que en su plan original estaba jugar un partido de f\u00fatbol en una de las canchas habilitadas para ello, sin embargo, el intenso calor \u201csec\u00f3\u201d las m\u00ednimas ganas de practicar deporte.<\/strong><\/p>\n<p>En los casos anteriores no contaron con la colocaci\u00f3n de cubrebocas , aunque en esta ocasi\u00f3n la exigencia quiz\u00e1s no era alta ya que no se encontraban m\u00e1s personas en el lugar.<\/p>\n<article class=\"doble-via media col-md-4 inline-story\"> <\/article>\n<article class=\"local media col-md-4 inline-story\"> <\/article>\n<article class=\"local media col-md-4 inline-story\"> <\/article>\n<section>\n<div class=\"teaser\">\n<p>[embedded content]<\/p>\n<\/div>\n<\/section>\n<p>Publicaci\u00f3n Original: <a href=\"https:\/\/www.elsoldepuebla.com.mx\/local\/poblanos-no-eligen-a-flor-del-bosque-como-opcion-para-salir-del-confinamiento-cuarentena-coronavirus-covid19-pandemia-emergencia-sanitaria-sana-distancia-5299719.html\" target=\"_blank\" rel=\"noopener noreferrer\">https:\/\/www.elsoldepuebla.com.mx\/local\/poblanos-no-eligen-a-flor-del-bosque-como-opcion-para-salir-del-confinamiento-cuarentena-coronavirus-covid19-pandemia-emergencia-sanitaria-sana-distancia-5299719.html<\/a><\/p>\n","protected":false},"excerpt":{"rendered":"<p>El Parque Estatal Flor del Bosque tiene abiertas sus puertas, sin embargo, hoy en d\u00eda no representa una opci\u00f3n real para los poblanos con la intenci\u00f3n de salir del confinamiento ya que lucen sus instalaciones pr\u00e1cticamente vac\u00edas salvo una que otra familia que por la tarde se animan a recorrer sus espacios. El Sol de Puebla realiz\u00f3 un recorrido al interior del lugar enclavado a un costado del Perif\u00e9rico Ecol\u00f3gico donde pudo constatar que el Parque cuyo horario es de 8:00 a 18:00 horas contin\u00faa sin ser visitado por los poblanos, salvo excepciones como dos familias que llevaban a sus peque\u00f1os o un grupo de 4 j\u00f3venes que en su plan original estaba jugar un partido de f\u00fatbol en una de las canchas habilitadas para ello, sin embargo, el intenso calor \u201csec\u00f3\u201d las m\u00ednimas ganas de practicar deporte. En los casos anteriores no contaron con la colocaci\u00f3n de cubrebocas , aunque en esta ocasi\u00f3n la exigencia quiz\u00e1s no era alta ya que no se encontraban m\u00e1s personas en el lugar. [embedded content] Publicaci\u00f3n Original: https:\/\/www.elsoldepuebla.com.mx\/local\/poblanos-no-eligen-a-flor-del-bosque-como-opcion-para-salir-del-confinamiento-cuarentena-coronavirus-covid19-pandemia-emergencia-sanitaria-sana-distancia-5299719.html<\/p>\n","protected":false},"author":1,"featured_media":12437,"comment_status":"closed","ping_status":"closed","sticky":false,"template":"","format":"standard","meta":{"_monsterinsights_skip_tracking":false,"_uf_show_specific_survey":0,"_uf_disable_surveys":false,"footnotes":""},"categories":[53,34],"tags":[],"class_list":["post-12433","post","type-post","status-publish","format-standard","has-post-thumbnail","hentry","category-local","category-puebla"],"yoast_head":"<!-- This site is optimized with the Yoast SEO plugin v27.5 - https:\/\/yoast.com\/product\/yoast-seo-wordpress\/ -->\n<title>Poblanos no eligen a Flor del Bosque como opci\u00f3n para salir del confinamiento - Fer Abrajan<\/title>\n<meta name=\"robots\" content=\"index, follow, max-snippet:-1, max-image-preview:large, max-video-preview:-1\" \/>\n<link rel=\"canonical\" href=\"https:\/\/ferabrajan.com\/portal\/2020\/05\/30\/poblanos-no-eligen-a-flor-del-bosque-como-opcion-para-salir-del-confinamiento\/\" \/>\n<meta property=\"og:locale\" content=\"es_ES\" \/>\n<meta property=\"og:type\" content=\"article\" \/>\n<meta property=\"og:title\" content=\"Poblanos no eligen a Flor del Bosque como opci\u00f3n para salir del confinamiento - Fer Abrajan\" \/>\n<meta property=\"og:description\" content=\"El Parque Estatal Flor del Bosque tiene abiertas sus puertas, sin embargo, hoy en d\u00eda no representa una opci\u00f3n real para los poblanos con la intenci\u00f3n de salir del confinamiento ya que lucen sus instalaciones pr\u00e1cticamente vac\u00edas salvo una que otra familia que por la tarde se animan a recorrer sus espacios. El Sol de Puebla realiz\u00f3 un recorrido al interior del lugar enclavado a un costado del Perif\u00e9rico Ecol\u00f3gico donde pudo constatar que el Parque cuyo horario es de 8:00 a 18:00 horas contin\u00faa sin ser visitado por los poblanos, salvo excepciones como dos familias que llevaban a sus peque\u00f1os o un grupo de 4 j\u00f3venes que en su plan original estaba jugar un partido de f\u00fatbol en una de las canchas habilitadas para ello, sin embargo, el intenso calor \u201csec\u00f3\u201d las m\u00ednimas ganas de practicar deporte. En los casos anteriores no contaron con la colocaci\u00f3n de cubrebocas , aunque en esta ocasi\u00f3n la exigencia quiz\u00e1s no era alta ya que no se encontraban m\u00e1s personas en el lugar. [embedded content] Publicaci\u00f3n Original: https:\/\/www.elsoldepuebla.com.mx\/local\/poblanos-no-eligen-a-flor-del-bosque-como-opcion-para-salir-del-confinamiento-cuarentena-coronavirus-covid19-pandemia-emergencia-sanitaria-sana-distancia-5299719.html\" \/>\n<meta property=\"og:url\" content=\"https:\/\/ferabrajan.com\/portal\/2020\/05\/30\/poblanos-no-eligen-a-flor-del-bosque-como-opcion-para-salir-del-confinamiento\/\" \/>\n<meta property=\"og:site_name\" content=\"Fer Abrajan\" \/>\n<meta property=\"article:publisher\" content=\"https:\/\/www.facebook.com\/NoticiasconFerAbrajan\/\" \/>\n<meta property=\"article:published_time\" content=\"2020-05-30T23:54:14+00:00\" \/>\n<meta name=\"author\" content=\"admin\" \/>\n<meta name=\"twitter:card\" content=\"summary_large_image\" \/>\n<meta name=\"twitter:creator\" content=\"@ferabrajan1\" \/>\n<meta name=\"twitter:site\" content=\"@ferabrajan1\" \/>\n<meta name=\"twitter:label1\" content=\"Escrito por\" \/>\n\t<meta name=\"twitter:data1\" content=\"admin\" \/>\n\t<meta name=\"twitter:label2\" content=\"Tiempo de lectura\" \/>\n\t<meta name=\"twitter:data2\" content=\"1 minuto\" \/>\n<script type=\"application\/ld+json\" class=\"yoast-schema-graph\">{\"@context\":\"https:\\\/\\\/schema.org\",\"@graph\":[{\"@type\":\"Article\",\"@id\":\"https:\\\/\\\/ferabrajan.com\\\/portal\\\/2020\\\/05\\\/30\\\/poblanos-no-eligen-a-flor-del-bosque-como-opcion-para-salir-del-confinamiento\\\/#article\",\"isPartOf\":{\"@id\":\"https:\\\/\\\/ferabrajan.com\\\/portal\\\/2020\\\/05\\\/30\\\/poblanos-no-eligen-a-flor-del-bosque-como-opcion-para-salir-del-confinamiento\\\/\"},\"author\":{\"name\":\"admin\",\"@id\":\"https:\\\/\\\/ferabrajan.com\\\/portal\\\/#\\\/schema\\\/person\\\/f6113b3cb1e036d5c6a9505685b257ba\"},\"headline\":\"Poblanos no eligen a Flor del Bosque como opci\u00f3n para salir del confinamiento\",\"datePublished\":\"2020-05-30T23:54:14+00:00\",\"mainEntityOfPage\":{\"@id\":\"https:\\\/\\\/ferabrajan.com\\\/portal\\\/2020\\\/05\\\/30\\\/poblanos-no-eligen-a-flor-del-bosque-como-opcion-para-salir-del-confinamiento\\\/\"},\"wordCount\":210,\"publisher\":{\"@id\":\"https:\\\/\\\/ferabrajan.com\\\/portal\\\/#organization\"},\"image\":{\"@id\":\"https:\\\/\\\/ferabrajan.com\\\/portal\\\/2020\\\/05\\\/30\\\/poblanos-no-eligen-a-flor-del-bosque-como-opcion-para-salir-del-confinamiento\\\/#primaryimage\"},\"thumbnailUrl\":\"\",\"articleSection\":[\"Local\",\"Puebla\"],\"inLanguage\":\"es\"},{\"@type\":\"WebPage\",\"@id\":\"https:\\\/\\\/ferabrajan.com\\\/portal\\\/2020\\\/05\\\/30\\\/poblanos-no-eligen-a-flor-del-bosque-como-opcion-para-salir-del-confinamiento\\\/\",\"url\":\"https:\\\/\\\/ferabrajan.com\\\/portal\\\/2020\\\/05\\\/30\\\/poblanos-no-eligen-a-flor-del-bosque-como-opcion-para-salir-del-confinamiento\\\/\",\"name\":\"Poblanos no eligen a Flor del Bosque como opci\u00f3n para salir del confinamiento - Fer Abrajan\",\"isPartOf\":{\"@id\":\"https:\\\/\\\/ferabrajan.com\\\/portal\\\/#website\"},\"primaryImageOfPage\":{\"@id\":\"https:\\\/\\\/ferabrajan.com\\\/portal\\\/2020\\\/05\\\/30\\\/poblanos-no-eligen-a-flor-del-bosque-como-opcion-para-salir-del-confinamiento\\\/#primaryimage\"},\"image\":{\"@id\":\"https:\\\/\\\/ferabrajan.com\\\/portal\\\/2020\\\/05\\\/30\\\/poblanos-no-eligen-a-flor-del-bosque-como-opcion-para-salir-del-confinamiento\\\/#primaryimage\"},\"thumbnailUrl\":\"\",\"datePublished\":\"2020-05-30T23:54:14+00:00\",\"breadcrumb\":{\"@id\":\"https:\\\/\\\/ferabrajan.com\\\/portal\\\/2020\\\/05\\\/30\\\/poblanos-no-eligen-a-flor-del-bosque-como-opcion-para-salir-del-confinamiento\\\/#breadcrumb\"},\"inLanguage\":\"es\",\"potentialAction\":[{\"@type\":\"ReadAction\",\"target\":[\"https:\\\/\\\/ferabrajan.com\\\/portal\\\/2020\\\/05\\\/30\\\/poblanos-no-eligen-a-flor-del-bosque-como-opcion-para-salir-del-confinamiento\\\/\"]}]},{\"@type\":\"ImageObject\",\"inLanguage\":\"es\",\"@id\":\"https:\\\/\\\/ferabrajan.com\\\/portal\\\/2020\\\/05\\\/30\\\/poblanos-no-eligen-a-flor-del-bosque-como-opcion-para-salir-del-confinamiento\\\/#primaryimage\",\"url\":\"\",\"contentUrl\":\"\"},{\"@type\":\"BreadcrumbList\",\"@id\":\"https:\\\/\\\/ferabrajan.com\\\/portal\\\/2020\\\/05\\\/30\\\/poblanos-no-eligen-a-flor-del-bosque-como-opcion-para-salir-del-confinamiento\\\/#breadcrumb\",\"itemListElement\":[{\"@type\":\"ListItem\",\"position\":1,\"name\":\"Portada\",\"item\":\"https:\\\/\\\/ferabrajan.com\\\/portal\\\/\"},{\"@type\":\"ListItem\",\"position\":2,\"name\":\"Poblanos no eligen a Flor del Bosque como opci\u00f3n para salir del confinamiento\"}]},{\"@type\":\"WebSite\",\"@id\":\"https:\\\/\\\/ferabrajan.com\\\/portal\\\/#website\",\"url\":\"https:\\\/\\\/ferabrajan.com\\\/portal\\\/\",\"name\":\"Fer Abrajan\",\"description\":\"Noticias de Puebla, opini\u00f3n y radio en vivo\",\"publisher\":{\"@id\":\"https:\\\/\\\/ferabrajan.com\\\/portal\\\/#organization\"},\"potentialAction\":[{\"@type\":\"SearchAction\",\"target\":{\"@type\":\"EntryPoint\",\"urlTemplate\":\"https:\\\/\\\/ferabrajan.com\\\/portal\\\/?s={search_term_string}\"},\"query-input\":{\"@type\":\"PropertyValueSpecification\",\"valueRequired\":true,\"valueName\":\"search_term_string\"}}],\"inLanguage\":\"es\"},{\"@type\":\"Organization\",\"@id\":\"https:\\\/\\\/ferabrajan.com\\\/portal\\\/#organization\",\"name\":\"Fer Abrajan\",\"url\":\"https:\\\/\\\/ferabrajan.com\\\/portal\\\/\",\"logo\":{\"@type\":\"ImageObject\",\"inLanguage\":\"es\",\"@id\":\"https:\\\/\\\/ferabrajan.com\\\/portal\\\/#\\\/schema\\\/logo\\\/image\\\/\",\"url\":\"https:\\\/\\\/ferabrajan.com\\\/portal\\\/wp-content\\\/uploads\\\/2024\\\/10\\\/cropped-logo.jpeg\",\"contentUrl\":\"https:\\\/\\\/ferabrajan.com\\\/portal\\\/wp-content\\\/uploads\\\/2024\\\/10\\\/cropped-logo.jpeg\",\"width\":500,\"height\":250,\"caption\":\"Fer Abrajan\"},\"image\":{\"@id\":\"https:\\\/\\\/ferabrajan.com\\\/portal\\\/#\\\/schema\\\/logo\\\/image\\\/\"},\"sameAs\":[\"https:\\\/\\\/www.facebook.com\\\/NoticiasconFerAbrajan\\\/\",\"https:\\\/\\\/x.com\\\/ferabrajan1\"]},{\"@type\":\"Person\",\"@id\":\"https:\\\/\\\/ferabrajan.com\\\/portal\\\/#\\\/schema\\\/person\\\/f6113b3cb1e036d5c6a9505685b257ba\",\"name\":\"admin\",\"image\":{\"@type\":\"ImageObject\",\"inLanguage\":\"es\",\"@id\":\"https:\\\/\\\/secure.gravatar.com\\\/avatar\\\/072baa72775aad53c748dfc5d3048578e01b6c087eef335459ebfa04344e2d18?s=96&d=mm&r=g\",\"url\":\"https:\\\/\\\/secure.gravatar.com\\\/avatar\\\/072baa72775aad53c748dfc5d3048578e01b6c087eef335459ebfa04344e2d18?s=96&d=mm&r=g\",\"contentUrl\":\"https:\\\/\\\/secure.gravatar.com\\\/avatar\\\/072baa72775aad53c748dfc5d3048578e01b6c087eef335459ebfa04344e2d18?s=96&d=mm&r=g\",\"caption\":\"admin\"},\"sameAs\":[\"https:\\\/\\\/ferabrajan.com\\\/portal\"],\"url\":\"https:\\\/\\\/ferabrajan.com\\\/portal\\\/author\\\/admin\\\/\"}]}<\/script>\n<!-- \/ Yoast SEO plugin. -->","yoast_head_json":{"title":"Poblanos no eligen a Flor del Bosque como opci\u00f3n para salir del confinamiento - Fer Abrajan","robots":{"index":"index","follow":"follow","max-snippet":"max-snippet:-1","max-image-preview":"max-image-preview:large","max-video-preview":"max-video-preview:-1"},"canonical":"https:\/\/ferabrajan.com\/portal\/2020\/05\/30\/poblanos-no-eligen-a-flor-del-bosque-como-opcion-para-salir-del-confinamiento\/","og_locale":"es_ES","og_type":"article","og_title":"Poblanos no eligen a Flor del Bosque como opci\u00f3n para salir del confinamiento - Fer Abrajan","og_description":"El Parque Estatal Flor del Bosque tiene abiertas sus puertas, sin embargo, hoy en d\u00eda no representa una opci\u00f3n real para los poblanos con la intenci\u00f3n de salir del confinamiento ya que lucen sus instalaciones pr\u00e1cticamente vac\u00edas salvo una que otra familia que por la tarde se animan a recorrer sus espacios. El Sol de Puebla realiz\u00f3 un recorrido al interior del lugar enclavado a un costado del Perif\u00e9rico Ecol\u00f3gico donde pudo constatar que el Parque cuyo horario es de 8:00 a 18:00 horas contin\u00faa sin ser visitado por los poblanos, salvo excepciones como dos familias que llevaban a sus peque\u00f1os o un grupo de 4 j\u00f3venes que en su plan original estaba jugar un partido de f\u00fatbol en una de las canchas habilitadas para ello, sin embargo, el intenso calor \u201csec\u00f3\u201d las m\u00ednimas ganas de practicar deporte. En los casos anteriores no contaron con la colocaci\u00f3n de cubrebocas , aunque en esta ocasi\u00f3n la exigencia quiz\u00e1s no era alta ya que no se encontraban m\u00e1s personas en el lugar. [embedded content] Publicaci\u00f3n Original: https:\/\/www.elsoldepuebla.com.mx\/local\/poblanos-no-eligen-a-flor-del-bosque-como-opcion-para-salir-del-confinamiento-cuarentena-coronavirus-covid19-pandemia-emergencia-sanitaria-sana-distancia-5299719.html","og_url":"https:\/\/ferabrajan.com\/portal\/2020\/05\/30\/poblanos-no-eligen-a-flor-del-bosque-como-opcion-para-salir-del-confinamiento\/","og_site_name":"Fer Abrajan","article_publisher":"https:\/\/www.facebook.com\/NoticiasconFerAbrajan\/","article_published_time":"2020-05-30T23:54:14+00:00","author":"admin","twitter_card":"summary_large_image","twitter_creator":"@ferabrajan1","twitter_site":"@ferabrajan1","twitter_misc":{"Escrito por":"admin","Tiempo de lectura":"1 minuto"},"schema":{"@context":"https:\/\/schema.org","@graph":[{"@type":"Article","@id":"https:\/\/ferabrajan.com\/portal\/2020\/05\/30\/poblanos-no-eligen-a-flor-del-bosque-como-opcion-para-salir-del-confinamiento\/#article","isPartOf":{"@id":"https:\/\/ferabrajan.com\/portal\/2020\/05\/30\/poblanos-no-eligen-a-flor-del-bosque-como-opcion-para-salir-del-confinamiento\/"},"author":{"name":"admin","@id":"https:\/\/ferabrajan.com\/portal\/#\/schema\/person\/f6113b3cb1e036d5c6a9505685b257ba"},"headline":"Poblanos no eligen a Flor del Bosque como opci\u00f3n para salir del confinamiento","datePublished":"2020-05-30T23:54:14+00:00","mainEntityOfPage":{"@id":"https:\/\/ferabrajan.com\/portal\/2020\/05\/30\/poblanos-no-eligen-a-flor-del-bosque-como-opcion-para-salir-del-confinamiento\/"},"wordCount":210,"publisher":{"@id":"https:\/\/ferabrajan.com\/portal\/#organization"},"image":{"@id":"https:\/\/ferabrajan.com\/portal\/2020\/05\/30\/poblanos-no-eligen-a-flor-del-bosque-como-opcion-para-salir-del-confinamiento\/#primaryimage"},"thumbnailUrl":"","articleSection":["Local","Puebla"],"inLanguage":"es"},{"@type":"WebPage","@id":"https:\/\/ferabrajan.com\/portal\/2020\/05\/30\/poblanos-no-eligen-a-flor-del-bosque-como-opcion-para-salir-del-confinamiento\/","url":"https:\/\/ferabrajan.com\/portal\/2020\/05\/30\/poblanos-no-eligen-a-flor-del-bosque-como-opcion-para-salir-del-confinamiento\/","name":"Poblanos no eligen a Flor del Bosque como opci\u00f3n para salir del confinamiento - Fer Abrajan","isPartOf":{"@id":"https:\/\/ferabrajan.com\/portal\/#website"},"primaryImageOfPage":{"@id":"https:\/\/ferabrajan.com\/portal\/2020\/05\/30\/poblanos-no-eligen-a-flor-del-bosque-como-opcion-para-salir-del-confinamiento\/#primaryimage"},"image":{"@id":"https:\/\/ferabrajan.com\/portal\/2020\/05\/30\/poblanos-no-eligen-a-flor-del-bosque-como-opcion-para-salir-del-confinamiento\/#primaryimage"},"thumbnailUrl":"","datePublished":"2020-05-30T23:54:14+00:00","breadcrumb":{"@id":"https:\/\/ferabrajan.com\/portal\/2020\/05\/30\/poblanos-no-eligen-a-flor-del-bosque-como-opcion-para-salir-del-confinamiento\/#breadcrumb"},"inLanguage":"es","potentialAction":[{"@type":"ReadAction","target":["https:\/\/ferabrajan.com\/portal\/2020\/05\/30\/poblanos-no-eligen-a-flor-del-bosque-como-opcion-para-salir-del-confinamiento\/"]}]},{"@type":"ImageObject","inLanguage":"es","@id":"https:\/\/ferabrajan.com\/portal\/2020\/05\/30\/poblanos-no-eligen-a-flor-del-bosque-como-opcion-para-salir-del-confinamiento\/#primaryimage","url":"","contentUrl":""},{"@type":"BreadcrumbList","@id":"https:\/\/ferabrajan.com\/portal\/2020\/05\/30\/poblanos-no-eligen-a-flor-del-bosque-como-opcion-para-salir-del-confinamiento\/#breadcrumb","itemListElement":[{"@type":"ListItem","position":1,"name":"Portada","item":"https:\/\/ferabrajan.com\/portal\/"},{"@type":"ListItem","position":2,"name":"Poblanos no eligen a Flor del Bosque como opci\u00f3n para salir del confinamiento"}]},{"@type":"WebSite","@id":"https:\/\/ferabrajan.com\/portal\/#website","url":"https:\/\/ferabrajan.com\/portal\/","name":"Fer Abrajan","description":"Noticias de Puebla, opini\u00f3n y radio en vivo","publisher":{"@id":"https:\/\/ferabrajan.com\/portal\/#organization"},"potentialAction":[{"@type":"SearchAction","target":{"@type":"EntryPoint","urlTemplate":"https:\/\/ferabrajan.com\/portal\/?s={search_term_string}"},"query-input":{"@type":"PropertyValueSpecification","valueRequired":true,"valueName":"search_term_string"}}],"inLanguage":"es"},{"@type":"Organization","@id":"https:\/\/ferabrajan.com\/portal\/#organization","name":"Fer Abrajan","url":"https:\/\/ferabrajan.com\/portal\/","logo":{"@type":"ImageObject","inLanguage":"es","@id":"https:\/\/ferabrajan.com\/portal\/#\/schema\/logo\/image\/","url":"https:\/\/ferabrajan.com\/portal\/wp-content\/uploads\/2024\/10\/cropped-logo.jpeg","contentUrl":"https:\/\/ferabrajan.com\/portal\/wp-content\/uploads\/2024\/10\/cropped-logo.jpeg","width":500,"height":250,"caption":"Fer Abrajan"},"image":{"@id":"https:\/\/ferabrajan.com\/portal\/#\/schema\/logo\/image\/"},"sameAs":["https:\/\/www.facebook.com\/NoticiasconFerAbrajan\/","https:\/\/x.com\/ferabrajan1"]},{"@type":"Person","@id":"https:\/\/ferabrajan.com\/portal\/#\/schema\/person\/f6113b3cb1e036d5c6a9505685b257ba","name":"admin","image":{"@type":"ImageObject","inLanguage":"es","@id":"https:\/\/secure.gravatar.com\/avatar\/072baa72775aad53c748dfc5d3048578e01b6c087eef335459ebfa04344e2d18?s=96&d=mm&r=g","url":"https:\/\/secure.gravatar.com\/avatar\/072baa72775aad53c748dfc5d3048578e01b6c087eef335459ebfa04344e2d18?s=96&d=mm&r=g","contentUrl":"https:\/\/secure.gravatar.com\/avatar\/072baa72775aad53c748dfc5d3048578e01b6c087eef335459ebfa04344e2d18?s=96&d=mm&r=g","caption":"admin"},"sameAs":["https:\/\/ferabrajan.com\/portal"],"url":"https:\/\/ferabrajan.com\/portal\/author\/admin\/"}]}},"_links":{"self":[{"href":"https:\/\/ferabrajan.com\/portal\/wp-json\/wp\/v2\/posts\/12433","targetHints":{"allow":["GET"]}}],"collection":[{"href":"https:\/\/ferabrajan.com\/portal\/wp-json\/wp\/v2\/posts"}],"about":[{"href":"https:\/\/ferabrajan.com\/portal\/wp-json\/wp\/v2\/types\/post"}],"author":[{"embeddable":true,"href":"https:\/\/ferabrajan.com\/portal\/wp-json\/wp\/v2\/users\/1"}],"replies":[{"embeddable":true,"href":"https:\/\/ferabrajan.com\/portal\/wp-json\/wp\/v2\/comments?post=12433"}],"version-history":[{"count":0,"href":"https:\/\/ferabrajan.com\/portal\/wp-json\/wp\/v2\/posts\/12433\/revisions"}],"wp:attachment":[{"href":"https:\/\/ferabrajan.com\/portal\/wp-json\/wp\/v2\/media?parent=12433"}],"wp:term":[{"taxonomy":"category","embeddable":true,"href":"https:\/\/ferabrajan.com\/portal\/wp-json\/wp\/v2\/categories?post=12433"},{"taxonomy":"post_tag","embeddable":true,"href":"https:\/\/ferabrajan.com\/portal\/wp-json\/wp\/v2\/tags?post=12433"}],"curies":[{"name":"wp","href":"https:\/\/api.w.org\/{rel}","templated":true}]}}