{"id":12428,"date":"2020-05-31T00:02:25","date_gmt":"2020-05-31T00:02:25","guid":{"rendered":"https:\/\/www.elsoldepuebla.com.mx\/local\/adios-a-una-vida-la-dulceria-angeles-de-santa-clara-cerro-sus-puertas-5299782.html"},"modified":"2020-05-31T00:02:25","modified_gmt":"2020-05-31T00:02:25","slug":"adios-a-una-vida-la-dulceria-angeles-de-santa-clara-cerro-sus-puertas","status":"publish","type":"post","link":"https:\/\/ferabrajan.com\/portal\/2020\/05\/31\/adios-a-una-vida-la-dulceria-angeles-de-santa-clara-cerro-sus-puertas\/","title":{"rendered":"\u00a1Adi\u00f3s a una vida! La dulcer\u00eda \u201c\u00c1ngeles de Santa Clara\u201d cerr\u00f3 sus puertas"},"content":{"rendered":"<div><img decoding=\"async\" src=\"https:\/\/www.elsoldepuebla.com.mx\/local\/z4ah6l-sonia-hermoso.jpeg\/ALTERNATES\/LANDSCAPE_1140\/Sonia%20Hermoso.jpeg\" class=\"ff-og-image-inserted\"><\/div>\n<p>La dulcer\u00eda denominada \u201c\u00c1ngeles de Santa Clara\u201d cerr\u00f3 sus puertas para siempre y con ello, la tradici\u00f3n de 22 a\u00f1os se fue tambi\u00e9n en una de las calles m\u00e1s emblem\u00e1ticas para la venta de estos dulces y que a causa del Covid-19 y las rentas atrasadas, la que hasta ayer era la propietaria del local, Sonia Hermoso Aquino, ya no estaba dispuesta a pagar un tercer mes de renta cuando ya deb\u00edan dos por un monto mayor a los 27 mil pesos, puesto que la decisi\u00f3n de estaba tomada<\/p>\n<p>El pasado 20 de mayo, El Sol de Puebla acudi\u00f3 al llamado de Sonia Hermoso quien puso el plan de remate de dulces as\u00ed como la venta de Talavera, juguetes hechos de madera y los muebles que han sido utilizados para lucir los dulces que para fortuna de la familia, pr\u00e1cticamente se han agotado.<\/p>\n<p>\u201cEstoy con emociones encontradas, entre triste y agradecida as\u00ed como temerosa tal y como se los platiqu\u00e9 hace unos d\u00edas porque no sabemos hacia la situaci\u00f3n econ\u00f3mica hacia donde va, les agradezco a ustedes porque la gente se enter\u00f3 de mi situaci\u00f3n y vino a comprar los dulces, ahora estoy en lo \u00faltimo del remate y los muebles\u201d, se\u00f1al\u00f3.<\/p>\n<p>Aunque el local original marcado con el n\u00famero 10-A de la calle 6 oriente (Calle de Santa Clara) ya baj\u00f3 la cortina para siempre, le facilitaron por unos d\u00edas un peque\u00f1o local ubicado a 30 metros de los \u201c\u00c1ngeles de Santa Clara\u201d, con el fin de vender los muebles de madera restantes.<\/p>\n<p>Publicaci\u00f3n Original: <a href=\"https:\/\/www.elsoldepuebla.com.mx\/local\/adios-a-una-vida-la-dulceria-angeles-de-santa-clara-cerro-sus-puertas-5299782.html\" target=\"_blank\" rel=\"noopener noreferrer\">https:\/\/www.elsoldepuebla.com.mx\/local\/adios-a-una-vida-la-dulceria-angeles-de-santa-clara-cerro-sus-puertas-5299782.html<\/a><\/p>\n","protected":false},"excerpt":{"rendered":"<p>La dulcer\u00eda denominada \u201c\u00c1ngeles de Santa Clara\u201d cerr\u00f3 sus puertas para siempre y con ello, la tradici\u00f3n de 22 a\u00f1os se fue tambi\u00e9n en una de las calles m\u00e1s emblem\u00e1ticas para la venta de estos dulces y que a causa del Covid-19 y las rentas atrasadas, la que hasta ayer era la propietaria del local, Sonia Hermoso Aquino, ya no estaba dispuesta a pagar un tercer mes de renta cuando ya deb\u00edan dos por un monto mayor a los 27 mil pesos, puesto que la decisi\u00f3n de estaba tomada El pasado 20 de mayo, El Sol de Puebla acudi\u00f3 al llamado de Sonia Hermoso quien puso el plan de remate de dulces as\u00ed como la venta de Talavera, juguetes hechos de madera y los muebles que han sido utilizados para lucir los dulces que para fortuna de la familia, pr\u00e1cticamente se han agotado. \u201cEstoy con emociones encontradas, entre triste y agradecida as\u00ed como temerosa tal y como se los platiqu\u00e9 hace unos d\u00edas porque no sabemos hacia la situaci\u00f3n econ\u00f3mica hacia donde va, les agradezco a ustedes porque la gente se enter\u00f3 de mi situaci\u00f3n y vino a comprar los dulces, ahora estoy en lo \u00faltimo del remate y los muebles\u201d, se\u00f1al\u00f3. Aunque el local original marcado con el n\u00famero 10-A de la calle 6 oriente (Calle de Santa Clara) ya baj\u00f3 la cortina para siempre, le facilitaron por unos d\u00edas un peque\u00f1o local ubicado a 30 metros de los \u201c\u00c1ngeles de Santa Clara\u201d, con el fin de vender los muebles de madera restantes. Publicaci\u00f3n Original: https:\/\/www.elsoldepuebla.com.mx\/local\/adios-a-una-vida-la-dulceria-angeles-de-santa-clara-cerro-sus-puertas-5299782.html<\/p>\n","protected":false},"author":1,"featured_media":12432,"comment_status":"closed","ping_status":"closed","sticky":false,"template":"","format":"standard","meta":{"_monsterinsights_skip_tracking":false,"_uf_show_specific_survey":0,"_uf_disable_surveys":false,"footnotes":""},"categories":[53,34],"tags":[],"class_list":["post-12428","post","type-post","status-publish","format-standard","has-post-thumbnail","hentry","category-local","category-puebla"],"yoast_head":"<!-- This site is optimized with the Yoast SEO plugin v27.5 - https:\/\/yoast.com\/product\/yoast-seo-wordpress\/ -->\n<title>\u00a1Adi\u00f3s a una vida! La dulcer\u00eda \u201c\u00c1ngeles de Santa Clara\u201d cerr\u00f3 sus puertas - Fer Abrajan<\/title>\n<meta name=\"robots\" content=\"index, follow, max-snippet:-1, max-image-preview:large, max-video-preview:-1\" \/>\n<link rel=\"canonical\" href=\"https:\/\/ferabrajan.com\/portal\/2020\/05\/31\/adios-a-una-vida-la-dulceria-angeles-de-santa-clara-cerro-sus-puertas\/\" \/>\n<meta property=\"og:locale\" content=\"es_ES\" \/>\n<meta property=\"og:type\" content=\"article\" \/>\n<meta property=\"og:title\" content=\"\u00a1Adi\u00f3s a una vida! La dulcer\u00eda \u201c\u00c1ngeles de Santa Clara\u201d cerr\u00f3 sus puertas - Fer Abrajan\" \/>\n<meta property=\"og:description\" content=\"La dulcer\u00eda denominada \u201c\u00c1ngeles de Santa Clara\u201d cerr\u00f3 sus puertas para siempre y con ello, la tradici\u00f3n de 22 a\u00f1os se fue tambi\u00e9n en una de las calles m\u00e1s emblem\u00e1ticas para la venta de estos dulces y que a causa del Covid-19 y las rentas atrasadas, la que hasta ayer era la propietaria del local, Sonia Hermoso Aquino, ya no estaba dispuesta a pagar un tercer mes de renta cuando ya deb\u00edan dos por un monto mayor a los 27 mil pesos, puesto que la decisi\u00f3n de estaba tomada El pasado 20 de mayo, El Sol de Puebla acudi\u00f3 al llamado de Sonia Hermoso quien puso el plan de remate de dulces as\u00ed como la venta de Talavera, juguetes hechos de madera y los muebles que han sido utilizados para lucir los dulces que para fortuna de la familia, pr\u00e1cticamente se han agotado. \u201cEstoy con emociones encontradas, entre triste y agradecida as\u00ed como temerosa tal y como se los platiqu\u00e9 hace unos d\u00edas porque no sabemos hacia la situaci\u00f3n econ\u00f3mica hacia donde va, les agradezco a ustedes porque la gente se enter\u00f3 de mi situaci\u00f3n y vino a comprar los dulces, ahora estoy en lo \u00faltimo del remate y los muebles\u201d, se\u00f1al\u00f3. Aunque el local original marcado con el n\u00famero 10-A de la calle 6 oriente (Calle de Santa Clara) ya baj\u00f3 la cortina para siempre, le facilitaron por unos d\u00edas un peque\u00f1o local ubicado a 30 metros de los \u201c\u00c1ngeles de Santa Clara\u201d, con el fin de vender los muebles de madera restantes. Publicaci\u00f3n Original: https:\/\/www.elsoldepuebla.com.mx\/local\/adios-a-una-vida-la-dulceria-angeles-de-santa-clara-cerro-sus-puertas-5299782.html\" \/>\n<meta property=\"og:url\" content=\"https:\/\/ferabrajan.com\/portal\/2020\/05\/31\/adios-a-una-vida-la-dulceria-angeles-de-santa-clara-cerro-sus-puertas\/\" \/>\n<meta property=\"og:site_name\" content=\"Fer Abrajan\" \/>\n<meta property=\"article:publisher\" content=\"https:\/\/www.facebook.com\/NoticiasconFerAbrajan\/\" \/>\n<meta property=\"article:published_time\" content=\"2020-05-31T00:02:25+00:00\" \/>\n<meta name=\"author\" content=\"admin\" \/>\n<meta name=\"twitter:card\" content=\"summary_large_image\" \/>\n<meta name=\"twitter:creator\" content=\"@ferabrajan1\" \/>\n<meta name=\"twitter:site\" content=\"@ferabrajan1\" \/>\n<meta name=\"twitter:label1\" content=\"Escrito por\" \/>\n\t<meta name=\"twitter:data1\" content=\"admin\" \/>\n\t<meta name=\"twitter:label2\" content=\"Tiempo de lectura\" \/>\n\t<meta name=\"twitter:data2\" content=\"1 minuto\" \/>\n<script type=\"application\/ld+json\" class=\"yoast-schema-graph\">{\"@context\":\"https:\\\/\\\/schema.org\",\"@graph\":[{\"@type\":\"Article\",\"@id\":\"https:\\\/\\\/ferabrajan.com\\\/portal\\\/2020\\\/05\\\/31\\\/adios-a-una-vida-la-dulceria-angeles-de-santa-clara-cerro-sus-puertas\\\/#article\",\"isPartOf\":{\"@id\":\"https:\\\/\\\/ferabrajan.com\\\/portal\\\/2020\\\/05\\\/31\\\/adios-a-una-vida-la-dulceria-angeles-de-santa-clara-cerro-sus-puertas\\\/\"},\"author\":{\"name\":\"admin\",\"@id\":\"https:\\\/\\\/ferabrajan.com\\\/portal\\\/#\\\/schema\\\/person\\\/f6113b3cb1e036d5c6a9505685b257ba\"},\"headline\":\"\u00a1Adi\u00f3s a una vida! La dulcer\u00eda \u201c\u00c1ngeles de Santa Clara\u201d cerr\u00f3 sus puertas\",\"datePublished\":\"2020-05-31T00:02:25+00:00\",\"mainEntityOfPage\":{\"@id\":\"https:\\\/\\\/ferabrajan.com\\\/portal\\\/2020\\\/05\\\/31\\\/adios-a-una-vida-la-dulceria-angeles-de-santa-clara-cerro-sus-puertas\\\/\"},\"wordCount\":292,\"publisher\":{\"@id\":\"https:\\\/\\\/ferabrajan.com\\\/portal\\\/#organization\"},\"image\":{\"@id\":\"https:\\\/\\\/ferabrajan.com\\\/portal\\\/2020\\\/05\\\/31\\\/adios-a-una-vida-la-dulceria-angeles-de-santa-clara-cerro-sus-puertas\\\/#primaryimage\"},\"thumbnailUrl\":\"\",\"articleSection\":[\"Local\",\"Puebla\"],\"inLanguage\":\"es\"},{\"@type\":\"WebPage\",\"@id\":\"https:\\\/\\\/ferabrajan.com\\\/portal\\\/2020\\\/05\\\/31\\\/adios-a-una-vida-la-dulceria-angeles-de-santa-clara-cerro-sus-puertas\\\/\",\"url\":\"https:\\\/\\\/ferabrajan.com\\\/portal\\\/2020\\\/05\\\/31\\\/adios-a-una-vida-la-dulceria-angeles-de-santa-clara-cerro-sus-puertas\\\/\",\"name\":\"\u00a1Adi\u00f3s a una vida! La dulcer\u00eda \u201c\u00c1ngeles de Santa Clara\u201d cerr\u00f3 sus puertas - Fer Abrajan\",\"isPartOf\":{\"@id\":\"https:\\\/\\\/ferabrajan.com\\\/portal\\\/#website\"},\"primaryImageOfPage\":{\"@id\":\"https:\\\/\\\/ferabrajan.com\\\/portal\\\/2020\\\/05\\\/31\\\/adios-a-una-vida-la-dulceria-angeles-de-santa-clara-cerro-sus-puertas\\\/#primaryimage\"},\"image\":{\"@id\":\"https:\\\/\\\/ferabrajan.com\\\/portal\\\/2020\\\/05\\\/31\\\/adios-a-una-vida-la-dulceria-angeles-de-santa-clara-cerro-sus-puertas\\\/#primaryimage\"},\"thumbnailUrl\":\"\",\"datePublished\":\"2020-05-31T00:02:25+00:00\",\"breadcrumb\":{\"@id\":\"https:\\\/\\\/ferabrajan.com\\\/portal\\\/2020\\\/05\\\/31\\\/adios-a-una-vida-la-dulceria-angeles-de-santa-clara-cerro-sus-puertas\\\/#breadcrumb\"},\"inLanguage\":\"es\",\"potentialAction\":[{\"@type\":\"ReadAction\",\"target\":[\"https:\\\/\\\/ferabrajan.com\\\/portal\\\/2020\\\/05\\\/31\\\/adios-a-una-vida-la-dulceria-angeles-de-santa-clara-cerro-sus-puertas\\\/\"]}]},{\"@type\":\"ImageObject\",\"inLanguage\":\"es\",\"@id\":\"https:\\\/\\\/ferabrajan.com\\\/portal\\\/2020\\\/05\\\/31\\\/adios-a-una-vida-la-dulceria-angeles-de-santa-clara-cerro-sus-puertas\\\/#primaryimage\",\"url\":\"\",\"contentUrl\":\"\"},{\"@type\":\"BreadcrumbList\",\"@id\":\"https:\\\/\\\/ferabrajan.com\\\/portal\\\/2020\\\/05\\\/31\\\/adios-a-una-vida-la-dulceria-angeles-de-santa-clara-cerro-sus-puertas\\\/#breadcrumb\",\"itemListElement\":[{\"@type\":\"ListItem\",\"position\":1,\"name\":\"Portada\",\"item\":\"https:\\\/\\\/ferabrajan.com\\\/portal\\\/\"},{\"@type\":\"ListItem\",\"position\":2,\"name\":\"\u00a1Adi\u00f3s a una vida! La dulcer\u00eda \u201c\u00c1ngeles de Santa Clara\u201d cerr\u00f3 sus puertas\"}]},{\"@type\":\"WebSite\",\"@id\":\"https:\\\/\\\/ferabrajan.com\\\/portal\\\/#website\",\"url\":\"https:\\\/\\\/ferabrajan.com\\\/portal\\\/\",\"name\":\"Fer Abrajan\",\"description\":\"Noticias de Puebla, opini\u00f3n y radio en vivo\",\"publisher\":{\"@id\":\"https:\\\/\\\/ferabrajan.com\\\/portal\\\/#organization\"},\"potentialAction\":[{\"@type\":\"SearchAction\",\"target\":{\"@type\":\"EntryPoint\",\"urlTemplate\":\"https:\\\/\\\/ferabrajan.com\\\/portal\\\/?s={search_term_string}\"},\"query-input\":{\"@type\":\"PropertyValueSpecification\",\"valueRequired\":true,\"valueName\":\"search_term_string\"}}],\"inLanguage\":\"es\"},{\"@type\":\"Organization\",\"@id\":\"https:\\\/\\\/ferabrajan.com\\\/portal\\\/#organization\",\"name\":\"Fer Abrajan\",\"url\":\"https:\\\/\\\/ferabrajan.com\\\/portal\\\/\",\"logo\":{\"@type\":\"ImageObject\",\"inLanguage\":\"es\",\"@id\":\"https:\\\/\\\/ferabrajan.com\\\/portal\\\/#\\\/schema\\\/logo\\\/image\\\/\",\"url\":\"https:\\\/\\\/ferabrajan.com\\\/portal\\\/wp-content\\\/uploads\\\/2024\\\/10\\\/cropped-logo.jpeg\",\"contentUrl\":\"https:\\\/\\\/ferabrajan.com\\\/portal\\\/wp-content\\\/uploads\\\/2024\\\/10\\\/cropped-logo.jpeg\",\"width\":500,\"height\":250,\"caption\":\"Fer Abrajan\"},\"image\":{\"@id\":\"https:\\\/\\\/ferabrajan.com\\\/portal\\\/#\\\/schema\\\/logo\\\/image\\\/\"},\"sameAs\":[\"https:\\\/\\\/www.facebook.com\\\/NoticiasconFerAbrajan\\\/\",\"https:\\\/\\\/x.com\\\/ferabrajan1\"]},{\"@type\":\"Person\",\"@id\":\"https:\\\/\\\/ferabrajan.com\\\/portal\\\/#\\\/schema\\\/person\\\/f6113b3cb1e036d5c6a9505685b257ba\",\"name\":\"admin\",\"image\":{\"@type\":\"ImageObject\",\"inLanguage\":\"es\",\"@id\":\"https:\\\/\\\/secure.gravatar.com\\\/avatar\\\/072baa72775aad53c748dfc5d3048578e01b6c087eef335459ebfa04344e2d18?s=96&d=mm&r=g\",\"url\":\"https:\\\/\\\/secure.gravatar.com\\\/avatar\\\/072baa72775aad53c748dfc5d3048578e01b6c087eef335459ebfa04344e2d18?s=96&d=mm&r=g\",\"contentUrl\":\"https:\\\/\\\/secure.gravatar.com\\\/avatar\\\/072baa72775aad53c748dfc5d3048578e01b6c087eef335459ebfa04344e2d18?s=96&d=mm&r=g\",\"caption\":\"admin\"},\"sameAs\":[\"https:\\\/\\\/ferabrajan.com\\\/portal\"],\"url\":\"https:\\\/\\\/ferabrajan.com\\\/portal\\\/author\\\/admin\\\/\"}]}<\/script>\n<!-- \/ Yoast SEO plugin. -->","yoast_head_json":{"title":"\u00a1Adi\u00f3s a una vida! La dulcer\u00eda \u201c\u00c1ngeles de Santa Clara\u201d cerr\u00f3 sus puertas - Fer Abrajan","robots":{"index":"index","follow":"follow","max-snippet":"max-snippet:-1","max-image-preview":"max-image-preview:large","max-video-preview":"max-video-preview:-1"},"canonical":"https:\/\/ferabrajan.com\/portal\/2020\/05\/31\/adios-a-una-vida-la-dulceria-angeles-de-santa-clara-cerro-sus-puertas\/","og_locale":"es_ES","og_type":"article","og_title":"\u00a1Adi\u00f3s a una vida! La dulcer\u00eda \u201c\u00c1ngeles de Santa Clara\u201d cerr\u00f3 sus puertas - Fer Abrajan","og_description":"La dulcer\u00eda denominada \u201c\u00c1ngeles de Santa Clara\u201d cerr\u00f3 sus puertas para siempre y con ello, la tradici\u00f3n de 22 a\u00f1os se fue tambi\u00e9n en una de las calles m\u00e1s emblem\u00e1ticas para la venta de estos dulces y que a causa del Covid-19 y las rentas atrasadas, la que hasta ayer era la propietaria del local, Sonia Hermoso Aquino, ya no estaba dispuesta a pagar un tercer mes de renta cuando ya deb\u00edan dos por un monto mayor a los 27 mil pesos, puesto que la decisi\u00f3n de estaba tomada El pasado 20 de mayo, El Sol de Puebla acudi\u00f3 al llamado de Sonia Hermoso quien puso el plan de remate de dulces as\u00ed como la venta de Talavera, juguetes hechos de madera y los muebles que han sido utilizados para lucir los dulces que para fortuna de la familia, pr\u00e1cticamente se han agotado. \u201cEstoy con emociones encontradas, entre triste y agradecida as\u00ed como temerosa tal y como se los platiqu\u00e9 hace unos d\u00edas porque no sabemos hacia la situaci\u00f3n econ\u00f3mica hacia donde va, les agradezco a ustedes porque la gente se enter\u00f3 de mi situaci\u00f3n y vino a comprar los dulces, ahora estoy en lo \u00faltimo del remate y los muebles\u201d, se\u00f1al\u00f3. Aunque el local original marcado con el n\u00famero 10-A de la calle 6 oriente (Calle de Santa Clara) ya baj\u00f3 la cortina para siempre, le facilitaron por unos d\u00edas un peque\u00f1o local ubicado a 30 metros de los \u201c\u00c1ngeles de Santa Clara\u201d, con el fin de vender los muebles de madera restantes. Publicaci\u00f3n Original: https:\/\/www.elsoldepuebla.com.mx\/local\/adios-a-una-vida-la-dulceria-angeles-de-santa-clara-cerro-sus-puertas-5299782.html","og_url":"https:\/\/ferabrajan.com\/portal\/2020\/05\/31\/adios-a-una-vida-la-dulceria-angeles-de-santa-clara-cerro-sus-puertas\/","og_site_name":"Fer Abrajan","article_publisher":"https:\/\/www.facebook.com\/NoticiasconFerAbrajan\/","article_published_time":"2020-05-31T00:02:25+00:00","author":"admin","twitter_card":"summary_large_image","twitter_creator":"@ferabrajan1","twitter_site":"@ferabrajan1","twitter_misc":{"Escrito por":"admin","Tiempo de lectura":"1 minuto"},"schema":{"@context":"https:\/\/schema.org","@graph":[{"@type":"Article","@id":"https:\/\/ferabrajan.com\/portal\/2020\/05\/31\/adios-a-una-vida-la-dulceria-angeles-de-santa-clara-cerro-sus-puertas\/#article","isPartOf":{"@id":"https:\/\/ferabrajan.com\/portal\/2020\/05\/31\/adios-a-una-vida-la-dulceria-angeles-de-santa-clara-cerro-sus-puertas\/"},"author":{"name":"admin","@id":"https:\/\/ferabrajan.com\/portal\/#\/schema\/person\/f6113b3cb1e036d5c6a9505685b257ba"},"headline":"\u00a1Adi\u00f3s a una vida! La dulcer\u00eda \u201c\u00c1ngeles de Santa Clara\u201d cerr\u00f3 sus puertas","datePublished":"2020-05-31T00:02:25+00:00","mainEntityOfPage":{"@id":"https:\/\/ferabrajan.com\/portal\/2020\/05\/31\/adios-a-una-vida-la-dulceria-angeles-de-santa-clara-cerro-sus-puertas\/"},"wordCount":292,"publisher":{"@id":"https:\/\/ferabrajan.com\/portal\/#organization"},"image":{"@id":"https:\/\/ferabrajan.com\/portal\/2020\/05\/31\/adios-a-una-vida-la-dulceria-angeles-de-santa-clara-cerro-sus-puertas\/#primaryimage"},"thumbnailUrl":"","articleSection":["Local","Puebla"],"inLanguage":"es"},{"@type":"WebPage","@id":"https:\/\/ferabrajan.com\/portal\/2020\/05\/31\/adios-a-una-vida-la-dulceria-angeles-de-santa-clara-cerro-sus-puertas\/","url":"https:\/\/ferabrajan.com\/portal\/2020\/05\/31\/adios-a-una-vida-la-dulceria-angeles-de-santa-clara-cerro-sus-puertas\/","name":"\u00a1Adi\u00f3s a una vida! La dulcer\u00eda \u201c\u00c1ngeles de Santa Clara\u201d cerr\u00f3 sus puertas - Fer Abrajan","isPartOf":{"@id":"https:\/\/ferabrajan.com\/portal\/#website"},"primaryImageOfPage":{"@id":"https:\/\/ferabrajan.com\/portal\/2020\/05\/31\/adios-a-una-vida-la-dulceria-angeles-de-santa-clara-cerro-sus-puertas\/#primaryimage"},"image":{"@id":"https:\/\/ferabrajan.com\/portal\/2020\/05\/31\/adios-a-una-vida-la-dulceria-angeles-de-santa-clara-cerro-sus-puertas\/#primaryimage"},"thumbnailUrl":"","datePublished":"2020-05-31T00:02:25+00:00","breadcrumb":{"@id":"https:\/\/ferabrajan.com\/portal\/2020\/05\/31\/adios-a-una-vida-la-dulceria-angeles-de-santa-clara-cerro-sus-puertas\/#breadcrumb"},"inLanguage":"es","potentialAction":[{"@type":"ReadAction","target":["https:\/\/ferabrajan.com\/portal\/2020\/05\/31\/adios-a-una-vida-la-dulceria-angeles-de-santa-clara-cerro-sus-puertas\/"]}]},{"@type":"ImageObject","inLanguage":"es","@id":"https:\/\/ferabrajan.com\/portal\/2020\/05\/31\/adios-a-una-vida-la-dulceria-angeles-de-santa-clara-cerro-sus-puertas\/#primaryimage","url":"","contentUrl":""},{"@type":"BreadcrumbList","@id":"https:\/\/ferabrajan.com\/portal\/2020\/05\/31\/adios-a-una-vida-la-dulceria-angeles-de-santa-clara-cerro-sus-puertas\/#breadcrumb","itemListElement":[{"@type":"ListItem","position":1,"name":"Portada","item":"https:\/\/ferabrajan.com\/portal\/"},{"@type":"ListItem","position":2,"name":"\u00a1Adi\u00f3s a una vida! La dulcer\u00eda \u201c\u00c1ngeles de Santa Clara\u201d cerr\u00f3 sus puertas"}]},{"@type":"WebSite","@id":"https:\/\/ferabrajan.com\/portal\/#website","url":"https:\/\/ferabrajan.com\/portal\/","name":"Fer Abrajan","description":"Noticias de Puebla, opini\u00f3n y radio en vivo","publisher":{"@id":"https:\/\/ferabrajan.com\/portal\/#organization"},"potentialAction":[{"@type":"SearchAction","target":{"@type":"EntryPoint","urlTemplate":"https:\/\/ferabrajan.com\/portal\/?s={search_term_string}"},"query-input":{"@type":"PropertyValueSpecification","valueRequired":true,"valueName":"search_term_string"}}],"inLanguage":"es"},{"@type":"Organization","@id":"https:\/\/ferabrajan.com\/portal\/#organization","name":"Fer Abrajan","url":"https:\/\/ferabrajan.com\/portal\/","logo":{"@type":"ImageObject","inLanguage":"es","@id":"https:\/\/ferabrajan.com\/portal\/#\/schema\/logo\/image\/","url":"https:\/\/ferabrajan.com\/portal\/wp-content\/uploads\/2024\/10\/cropped-logo.jpeg","contentUrl":"https:\/\/ferabrajan.com\/portal\/wp-content\/uploads\/2024\/10\/cropped-logo.jpeg","width":500,"height":250,"caption":"Fer Abrajan"},"image":{"@id":"https:\/\/ferabrajan.com\/portal\/#\/schema\/logo\/image\/"},"sameAs":["https:\/\/www.facebook.com\/NoticiasconFerAbrajan\/","https:\/\/x.com\/ferabrajan1"]},{"@type":"Person","@id":"https:\/\/ferabrajan.com\/portal\/#\/schema\/person\/f6113b3cb1e036d5c6a9505685b257ba","name":"admin","image":{"@type":"ImageObject","inLanguage":"es","@id":"https:\/\/secure.gravatar.com\/avatar\/072baa72775aad53c748dfc5d3048578e01b6c087eef335459ebfa04344e2d18?s=96&d=mm&r=g","url":"https:\/\/secure.gravatar.com\/avatar\/072baa72775aad53c748dfc5d3048578e01b6c087eef335459ebfa04344e2d18?s=96&d=mm&r=g","contentUrl":"https:\/\/secure.gravatar.com\/avatar\/072baa72775aad53c748dfc5d3048578e01b6c087eef335459ebfa04344e2d18?s=96&d=mm&r=g","caption":"admin"},"sameAs":["https:\/\/ferabrajan.com\/portal"],"url":"https:\/\/ferabrajan.com\/portal\/author\/admin\/"}]}},"_links":{"self":[{"href":"https:\/\/ferabrajan.com\/portal\/wp-json\/wp\/v2\/posts\/12428","targetHints":{"allow":["GET"]}}],"collection":[{"href":"https:\/\/ferabrajan.com\/portal\/wp-json\/wp\/v2\/posts"}],"about":[{"href":"https:\/\/ferabrajan.com\/portal\/wp-json\/wp\/v2\/types\/post"}],"author":[{"embeddable":true,"href":"https:\/\/ferabrajan.com\/portal\/wp-json\/wp\/v2\/users\/1"}],"replies":[{"embeddable":true,"href":"https:\/\/ferabrajan.com\/portal\/wp-json\/wp\/v2\/comments?post=12428"}],"version-history":[{"count":0,"href":"https:\/\/ferabrajan.com\/portal\/wp-json\/wp\/v2\/posts\/12428\/revisions"}],"wp:attachment":[{"href":"https:\/\/ferabrajan.com\/portal\/wp-json\/wp\/v2\/media?parent=12428"}],"wp:term":[{"taxonomy":"category","embeddable":true,"href":"https:\/\/ferabrajan.com\/portal\/wp-json\/wp\/v2\/categories?post=12428"},{"taxonomy":"post_tag","embeddable":true,"href":"https:\/\/ferabrajan.com\/portal\/wp-json\/wp\/v2\/tags?post=12428"}],"curies":[{"name":"wp","href":"https:\/\/api.w.org\/{rel}","templated":true}]}}