{"id":12424,"date":"2020-05-31T00:03:13","date_gmt":"2020-05-31T00:03:13","guid":{"rendered":"https:\/\/www.elsoldepuebla.com.mx\/mexico\/hugo-lopez-gatell-preve-que-mexico-llegue-a-los-30-mil-muertos-por-covid-19-5300242.html"},"modified":"2020-05-31T00:03:13","modified_gmt":"2020-05-31T00:03:13","slug":"lopez-gatell-preve-que-mexico-llegue-a-los-30-mil-muertos-por-covid-19","status":"publish","type":"post","link":"https:\/\/ferabrajan.com\/portal\/2020\/05\/31\/lopez-gatell-preve-que-mexico-llegue-a-los-30-mil-muertos-por-covid-19\/","title":{"rendered":"L\u00f3pez-Gatell prev\u00e9 que M\u00e9xico llegue a los 30 mil muertos por Covid-19"},"content":{"rendered":"<p>Hugo L\u00f3pez-Gatell, subsecretario de Salud, estima probable que se cumpla su predicci\u00f3n de que M\u00e9xico llegue hasta los 30 mil fallecidos por la pandemia de Covid-19, aunque la cifra podr\u00eda variar.<\/p>\n<p>La cifra es el tope de un rango entre seis mil y 30 mil decesos calculado por el gobierno a finales de febrero y est\u00e1 sujeta a ciertas condiciones, explic\u00f3 L\u00f3pez-Gatell en entrevista con AFP, cuando M\u00e9xico se apresta a empezar este lunes una reactivaci\u00f3n gradual de su vida econ\u00f3mica y social.<\/p>\n<p>\u00abSi ma\u00f1ana gobiernos estatales empiezan a tomar actitudes demasiado libertinas respecto al desconfinamiento, a lo mejor ese 30 mil se nos va m\u00e1s para arriba\u00bb, se\u00f1al\u00f3.<\/p>\n<p>M\u00e9xico, con 120 millones de habitantes, registraba hasta el viernes nueve mil 415 defunciones y 84 mil 627 casos confirmados de COVID-19.<\/p>\n<section>\n<article class=\"mexico media\">\n<div class=\"teaser\">\n<p>[embedded content]<\/p>\n<\/div>\n<\/article>\n<\/section>\n<p>L\u00f3pez-Gatell indic\u00f3 que el intervalo fue una de las primeras predicciones que el gobierno mexicano elabor\u00f3 con base en la escasa informaci\u00f3n cient\u00edfica sobre el virus con la que el mundo contaba durante los primeros meses del a\u00f1o, que se restring\u00eda a los datos de la provincia china de Hubei y su capital, Wuhan.<\/p>\n<p>Los par\u00e1metros de hospitalizaci\u00f3n, defunciones, pero sobre todo la incidencia acumulada del virus, conocida en epidemiolog\u00eda como tasa de ataque, fueron adaptados a la realidad mexicana para elaborar el c\u00e1lculo.<\/p>\n<p>\u00abTuvimos un rango, como suele hacerse en las estimaciones: seis mil, ocho mil (&#8230;) y esto se iba hasta 30 mil variando un par\u00e1metro fundamental que es la tasa de ataque\u00bb, detall\u00f3.<\/p>\n<p>\u00abEstamos en un intervalo razonable (&#8230;) a pesar de las limitaciones del m\u00e9todo y de los supuestos. No me parece descabellado que pudiera ocurrir\u00bb que se llegue al m\u00e1ximo estimado de defunciones, agreg\u00f3 L\u00f3pez-Gatell.<\/p>\n<section>\n<div class=\"teaser\">\n<div class=\"infographicWrapper\">\n<div><a class=\"flourish-credit\" href=\"https:\/\/public.flourish.studio\/visualisation\/1742201\/?utm_source=embed&amp;utm_campaign=visualisation\/1742201\" target=\"_top\" rel=\"noopener noreferrer\"><img decoding=\"async\" alt=\"Made with Flourish\" src=\"https:\/\/public.flourish.studio\/resources\/made_with_flourish.svg\"><\/a><\/div>\n<\/div>\n<\/div>\n<\/section>\n<h3>Predicci\u00f3n no es promesa<\/h3>\n<p>El doctor en Epidemiolog\u00eda por la Universidad estadounidense Johns Hopkins aclar\u00f3, sin embargo, que este modelo resulta hoy \u00ablimitado\u00bb y que ha sido reemplazado por m\u00e9todos matem\u00e1ticos dise\u00f1ados en colaboraci\u00f3n con cient\u00edficos del Consejo Nacional de Ciencia de M\u00e9xico, Conacyt, y otras instituciones acad\u00e9micas.<\/p>\n<p>Seg\u00fan \u00e9l, la aspiraci\u00f3n de tener una sola estimaci\u00f3n nacional \u00abya no es procedente\u00bb t\u00e9cnicamente, pues la evidencia apunta a que en pa\u00edses geogr\u00e1ficamente extensos como M\u00e9xico la epidemia \u00abse comporta en parches\u00bb, sin sincron\u00eda entre brotes locales.<\/p>\n<section>\n<div class=\"teaser\">\n<div class=\"infographicWrapper\">\n<div><a class=\"flourish-credit\" href=\"https:\/\/public.flourish.studio\/visualisation\/1769387\/?utm_source=embed&amp;utm_campaign=visualisation\/1769387\" target=\"_top\" rel=\"noopener noreferrer\"><img decoding=\"async\" alt=\"Made with Flourish\" src=\"https:\/\/public.flourish.studio\/resources\/made_with_flourish.svg\"><\/a><\/div>\n<\/div>\n<\/div>\n<\/section>\n<p>El subsecretario advirti\u00f3, no obstante, que \u00abnunca (&#8230;) en t\u00e9rminos cient\u00edficos una predicci\u00f3n debe tomarse como una promesa o una garant\u00eda\u00bb, sino como un insumo para adoptar decisiones sobre fen\u00f3menos impredecibles.<\/p>\n<p>M\u00e9xico iniciar\u00e1 este lunes su tr\u00e1nsito a una \u00abnueva normalidad\u00bb con casi todo su territorio puesto en m\u00e1ximo nivel de alerta sanitaria, una decisi\u00f3n deliberada de las autoridades sanitarias para evitar un desconfinamiento acelerado que genere rebrotes del virus.<\/p>\n<h3>Reactivaci\u00f3n necesaria<\/h3>\n<p>Pese a la cautela, L\u00f3pez-Gatell juzga necesario caminar hacia la reactivaci\u00f3n del pa\u00eds, ya que existe necesidad de \u00abalimentarse todos los d\u00edas, generar riqueza y distribuirla\u00bb, sin descuidar por ello la salud p\u00fablica.<\/p>\n<p>\u00abProteger la salud y proteger la vida se logra en los dos campos, en el confinamiento y en el desconfinamiento, y hay que hacerlo de manera muy cautelosa\u00bb, afirm\u00f3.<\/p>\n<p>En tal sentido, aval\u00f3 la decisi\u00f3n del presidente Andr\u00e9s Manuel L\u00f3pez Obrador de reiniciar este lunes sus giras nacionales, con un recorrido de una semana por el sureste.<\/p>\n<section>\n<article class=\"mexico media\">\n<div class=\"teaser\">\n<p>[embedded content]<\/p>\n<\/div>\n<\/article>\n<\/section>\n<p>Consider\u00f3 que el mandatario ha sido \u00abextremadamente cauto\u00bb para evitar que su decisi\u00f3n de retomar los viajes sea interpretada por la poblaci\u00f3n como una licencia para movilizarse.<\/p>\n<p>\u00ab\u00c9l, consciente de eso (&#8230;), lleva varios d\u00edas diciendo: &#8216;no se les ocurra seguirnos, tampoco se les ocurra viajar'\u00bb, se\u00f1al\u00f3.<\/p>\n<p>Por otro lado, L\u00f3pez-Gatell lament\u00f3 la decisi\u00f3n del presidente estadounidense, Donald Trump, de poner fin a la relaci\u00f3n de su pa\u00eds con la Organizaci\u00f3n Mundial de la Salud (OMS) a la que acusa desde el comienzo de la pandemia de ser demasiado indulgente con China.<\/p>\n<p>\u00abEn t\u00e9rminos de la solidez de la comunidad global de salud p\u00fablica nos parece extremadamente preocupante\u00bb, dijo el funcionario, aclarando que su opini\u00f3n es personal y no representa la postura del gobierno mexicano.<\/p>\n<p>Publicaci\u00f3n Original: <a href=\"https:\/\/www.elsoldepuebla.com.mx\/mexico\/hugo-lopez-gatell-preve-que-mexico-llegue-a-los-30-mil-muertos-por-covid-19-5300242.html\" target=\"_blank\" rel=\"noopener noreferrer\">https:\/\/www.elsoldepuebla.com.mx\/mexico\/hugo-lopez-gatell-preve-que-mexico-llegue-a-los-30-mil-muertos-por-covid-19-5300242.html<\/a><\/p>\n","protected":false},"excerpt":{"rendered":"<p>Hugo L\u00f3pez-Gatell, subsecretario de Salud, estima probable que se cumpla su predicci\u00f3n de que M\u00e9xico llegue hasta los 30 mil fallecidos por la pandemia de Covid-19, aunque la cifra podr\u00eda variar. La cifra es el tope de un rango entre seis mil y 30 mil decesos calculado por el gobierno a finales de febrero y est\u00e1 sujeta a ciertas condiciones, explic\u00f3 L\u00f3pez-Gatell en entrevista con AFP, cuando M\u00e9xico se apresta a empezar este lunes una reactivaci\u00f3n gradual de su vida econ\u00f3mica y social. \u00abSi ma\u00f1ana gobiernos estatales empiezan a tomar actitudes demasiado libertinas respecto al desconfinamiento, a lo mejor ese 30 mil se nos va m\u00e1s para arriba\u00bb, se\u00f1al\u00f3. M\u00e9xico, con 120 millones de habitantes, registraba hasta el viernes nueve mil 415 defunciones y 84 mil 627 casos confirmados de COVID-19. [embedded content] L\u00f3pez-Gatell indic\u00f3 que el intervalo fue una de las primeras predicciones que el gobierno mexicano elabor\u00f3 con base en la escasa informaci\u00f3n cient\u00edfica sobre el virus con la que el mundo contaba durante los primeros meses del a\u00f1o, que se restring\u00eda a los datos de la provincia china de Hubei y su capital, Wuhan. Los par\u00e1metros de hospitalizaci\u00f3n, defunciones, pero sobre todo la incidencia acumulada del virus, conocida en epidemiolog\u00eda como tasa de ataque, fueron adaptados a la realidad mexicana para elaborar el c\u00e1lculo. \u00abTuvimos un rango, como suele hacerse en las estimaciones: seis mil, ocho mil (&#8230;) y esto se iba hasta 30 mil variando un par\u00e1metro fundamental que es la tasa de ataque\u00bb, detall\u00f3. \u00abEstamos en un intervalo razonable (&#8230;) a pesar de las limitaciones del m\u00e9todo y de los supuestos. No me parece descabellado que pudiera ocurrir\u00bb que se llegue al m\u00e1ximo estimado de defunciones, agreg\u00f3 L\u00f3pez-Gatell. Predicci\u00f3n no es promesa El doctor en Epidemiolog\u00eda por la Universidad estadounidense Johns Hopkins aclar\u00f3, sin embargo, que este modelo resulta hoy \u00ablimitado\u00bb y que ha sido reemplazado por m\u00e9todos matem\u00e1ticos dise\u00f1ados en colaboraci\u00f3n con cient\u00edficos del Consejo Nacional de Ciencia de M\u00e9xico, Conacyt, y otras instituciones acad\u00e9micas. Seg\u00fan \u00e9l, la aspiraci\u00f3n de tener una sola estimaci\u00f3n nacional \u00abya no es procedente\u00bb t\u00e9cnicamente, pues la evidencia apunta a que en pa\u00edses geogr\u00e1ficamente extensos como M\u00e9xico la epidemia \u00abse comporta en parches\u00bb, sin sincron\u00eda entre brotes locales. El subsecretario advirti\u00f3, no obstante, que \u00abnunca (&#8230;) en t\u00e9rminos cient\u00edficos una predicci\u00f3n debe tomarse como una promesa o una garant\u00eda\u00bb, sino como un insumo para adoptar decisiones sobre fen\u00f3menos impredecibles. M\u00e9xico iniciar\u00e1 este lunes su tr\u00e1nsito a una \u00abnueva normalidad\u00bb con casi todo su territorio puesto en m\u00e1ximo nivel de alerta sanitaria, una decisi\u00f3n deliberada de las autoridades sanitarias para evitar un desconfinamiento acelerado que genere rebrotes del virus. Reactivaci\u00f3n necesaria Pese a la cautela, L\u00f3pez-Gatell juzga necesario caminar hacia la reactivaci\u00f3n del pa\u00eds, ya que existe necesidad de \u00abalimentarse todos los d\u00edas, generar riqueza y distribuirla\u00bb, sin descuidar por ello la salud p\u00fablica. \u00abProteger la salud y proteger la vida se logra en los dos campos, en el confinamiento y en el desconfinamiento, y hay que hacerlo de manera muy cautelosa\u00bb, afirm\u00f3. En tal sentido, aval\u00f3 la decisi\u00f3n del presidente Andr\u00e9s Manuel L\u00f3pez Obrador de reiniciar este lunes sus giras nacionales, con un recorrido de una semana por el sureste. [embedded content] Consider\u00f3 que el mandatario ha sido \u00abextremadamente cauto\u00bb para evitar que su decisi\u00f3n de retomar los viajes sea interpretada por la poblaci\u00f3n como una licencia para movilizarse. \u00ab\u00c9l, consciente de eso (&#8230;), lleva varios d\u00edas diciendo: &#8216;no se les ocurra seguirnos, tampoco se les ocurra viajar&#8217;\u00bb, se\u00f1al\u00f3. Por otro lado, L\u00f3pez-Gatell lament\u00f3 la decisi\u00f3n del presidente estadounidense, Donald Trump, de poner fin a la relaci\u00f3n de su pa\u00eds con la Organizaci\u00f3n Mundial de la Salud (OMS) a la que acusa desde el comienzo de la pandemia de ser demasiado indulgente con China. \u00abEn t\u00e9rminos de la solidez de la comunidad global de salud p\u00fablica nos parece extremadamente preocupante\u00bb, dijo el funcionario, aclarando que su opini\u00f3n es personal y no representa la postura del gobierno mexicano. Publicaci\u00f3n Original: https:\/\/www.elsoldepuebla.com.mx\/mexico\/hugo-lopez-gatell-preve-que-mexico-llegue-a-los-30-mil-muertos-por-covid-19-5300242.html<\/p>\n","protected":false},"author":1,"featured_media":50270,"comment_status":"closed","ping_status":"closed","sticky":false,"template":"","format":"standard","meta":{"_monsterinsights_skip_tracking":false,"_uf_show_specific_survey":0,"_uf_disable_surveys":false,"footnotes":""},"categories":[34],"tags":[],"class_list":["post-12424","post","type-post","status-publish","format-standard","has-post-thumbnail","hentry","category-puebla"],"yoast_head":"<!-- This site is optimized with the Yoast SEO plugin v27.5 - https:\/\/yoast.com\/product\/yoast-seo-wordpress\/ -->\n<title>L\u00f3pez-Gatell prev\u00e9 que M\u00e9xico llegue a los 30 mil muertos por Covid-19 - Fer Abrajan<\/title>\n<meta name=\"robots\" content=\"index, follow, max-snippet:-1, max-image-preview:large, max-video-preview:-1\" \/>\n<link rel=\"canonical\" href=\"https:\/\/ferabrajan.com\/portal\/2020\/05\/31\/lopez-gatell-preve-que-mexico-llegue-a-los-30-mil-muertos-por-covid-19\/\" \/>\n<meta property=\"og:locale\" content=\"es_ES\" \/>\n<meta property=\"og:type\" content=\"article\" \/>\n<meta property=\"og:title\" content=\"L\u00f3pez-Gatell prev\u00e9 que M\u00e9xico llegue a los 30 mil muertos por Covid-19 - Fer Abrajan\" \/>\n<meta property=\"og:description\" content=\"Hugo L\u00f3pez-Gatell, subsecretario de Salud, estima probable que se cumpla su predicci\u00f3n de que M\u00e9xico llegue hasta los 30 mil fallecidos por la pandemia de Covid-19, aunque la cifra podr\u00eda variar. La cifra es el tope de un rango entre seis mil y 30 mil decesos calculado por el gobierno a finales de febrero y est\u00e1 sujeta a ciertas condiciones, explic\u00f3 L\u00f3pez-Gatell en entrevista con AFP, cuando M\u00e9xico se apresta a empezar este lunes una reactivaci\u00f3n gradual de su vida econ\u00f3mica y social. \u00abSi ma\u00f1ana gobiernos estatales empiezan a tomar actitudes demasiado libertinas respecto al desconfinamiento, a lo mejor ese 30 mil se nos va m\u00e1s para arriba\u00bb, se\u00f1al\u00f3. M\u00e9xico, con 120 millones de habitantes, registraba hasta el viernes nueve mil 415 defunciones y 84 mil 627 casos confirmados de COVID-19. [embedded content] L\u00f3pez-Gatell indic\u00f3 que el intervalo fue una de las primeras predicciones que el gobierno mexicano elabor\u00f3 con base en la escasa informaci\u00f3n cient\u00edfica sobre el virus con la que el mundo contaba durante los primeros meses del a\u00f1o, que se restring\u00eda a los datos de la provincia china de Hubei y su capital, Wuhan. Los par\u00e1metros de hospitalizaci\u00f3n, defunciones, pero sobre todo la incidencia acumulada del virus, conocida en epidemiolog\u00eda como tasa de ataque, fueron adaptados a la realidad mexicana para elaborar el c\u00e1lculo. \u00abTuvimos un rango, como suele hacerse en las estimaciones: seis mil, ocho mil (&#8230;) y esto se iba hasta 30 mil variando un par\u00e1metro fundamental que es la tasa de ataque\u00bb, detall\u00f3. \u00abEstamos en un intervalo razonable (&#8230;) a pesar de las limitaciones del m\u00e9todo y de los supuestos. No me parece descabellado que pudiera ocurrir\u00bb que se llegue al m\u00e1ximo estimado de defunciones, agreg\u00f3 L\u00f3pez-Gatell. Predicci\u00f3n no es promesa El doctor en Epidemiolog\u00eda por la Universidad estadounidense Johns Hopkins aclar\u00f3, sin embargo, que este modelo resulta hoy \u00ablimitado\u00bb y que ha sido reemplazado por m\u00e9todos matem\u00e1ticos dise\u00f1ados en colaboraci\u00f3n con cient\u00edficos del Consejo Nacional de Ciencia de M\u00e9xico, Conacyt, y otras instituciones acad\u00e9micas. Seg\u00fan \u00e9l, la aspiraci\u00f3n de tener una sola estimaci\u00f3n nacional \u00abya no es procedente\u00bb t\u00e9cnicamente, pues la evidencia apunta a que en pa\u00edses geogr\u00e1ficamente extensos como M\u00e9xico la epidemia \u00abse comporta en parches\u00bb, sin sincron\u00eda entre brotes locales. El subsecretario advirti\u00f3, no obstante, que \u00abnunca (&#8230;) en t\u00e9rminos cient\u00edficos una predicci\u00f3n debe tomarse como una promesa o una garant\u00eda\u00bb, sino como un insumo para adoptar decisiones sobre fen\u00f3menos impredecibles. M\u00e9xico iniciar\u00e1 este lunes su tr\u00e1nsito a una \u00abnueva normalidad\u00bb con casi todo su territorio puesto en m\u00e1ximo nivel de alerta sanitaria, una decisi\u00f3n deliberada de las autoridades sanitarias para evitar un desconfinamiento acelerado que genere rebrotes del virus. Reactivaci\u00f3n necesaria Pese a la cautela, L\u00f3pez-Gatell juzga necesario caminar hacia la reactivaci\u00f3n del pa\u00eds, ya que existe necesidad de \u00abalimentarse todos los d\u00edas, generar riqueza y distribuirla\u00bb, sin descuidar por ello la salud p\u00fablica. \u00abProteger la salud y proteger la vida se logra en los dos campos, en el confinamiento y en el desconfinamiento, y hay que hacerlo de manera muy cautelosa\u00bb, afirm\u00f3. En tal sentido, aval\u00f3 la decisi\u00f3n del presidente Andr\u00e9s Manuel L\u00f3pez Obrador de reiniciar este lunes sus giras nacionales, con un recorrido de una semana por el sureste. [embedded content] Consider\u00f3 que el mandatario ha sido \u00abextremadamente cauto\u00bb para evitar que su decisi\u00f3n de retomar los viajes sea interpretada por la poblaci\u00f3n como una licencia para movilizarse. \u00ab\u00c9l, consciente de eso (&#8230;), lleva varios d\u00edas diciendo: &#8216;no se les ocurra seguirnos, tampoco se les ocurra viajar&#039;\u00bb, se\u00f1al\u00f3. Por otro lado, L\u00f3pez-Gatell lament\u00f3 la decisi\u00f3n del presidente estadounidense, Donald Trump, de poner fin a la relaci\u00f3n de su pa\u00eds con la Organizaci\u00f3n Mundial de la Salud (OMS) a la que acusa desde el comienzo de la pandemia de ser demasiado indulgente con China. \u00abEn t\u00e9rminos de la solidez de la comunidad global de salud p\u00fablica nos parece extremadamente preocupante\u00bb, dijo el funcionario, aclarando que su opini\u00f3n es personal y no representa la postura del gobierno mexicano. Publicaci\u00f3n Original: https:\/\/www.elsoldepuebla.com.mx\/mexico\/hugo-lopez-gatell-preve-que-mexico-llegue-a-los-30-mil-muertos-por-covid-19-5300242.html\" \/>\n<meta property=\"og:url\" content=\"https:\/\/ferabrajan.com\/portal\/2020\/05\/31\/lopez-gatell-preve-que-mexico-llegue-a-los-30-mil-muertos-por-covid-19\/\" \/>\n<meta property=\"og:site_name\" content=\"Fer Abrajan\" \/>\n<meta property=\"article:publisher\" content=\"https:\/\/www.facebook.com\/NoticiasconFerAbrajan\/\" \/>\n<meta property=\"article:published_time\" content=\"2020-05-31T00:03:13+00:00\" \/>\n<meta name=\"author\" content=\"admin\" \/>\n<meta name=\"twitter:card\" content=\"summary_large_image\" \/>\n<meta name=\"twitter:creator\" content=\"@ferabrajan1\" \/>\n<meta name=\"twitter:site\" content=\"@ferabrajan1\" \/>\n<meta name=\"twitter:label1\" content=\"Escrito por\" \/>\n\t<meta name=\"twitter:data1\" content=\"admin\" \/>\n\t<meta name=\"twitter:label2\" content=\"Tiempo de lectura\" \/>\n\t<meta name=\"twitter:data2\" content=\"4 minutos\" \/>\n<script type=\"application\/ld+json\" class=\"yoast-schema-graph\">{\"@context\":\"https:\\\/\\\/schema.org\",\"@graph\":[{\"@type\":\"Article\",\"@id\":\"https:\\\/\\\/ferabrajan.com\\\/portal\\\/2020\\\/05\\\/31\\\/lopez-gatell-preve-que-mexico-llegue-a-los-30-mil-muertos-por-covid-19\\\/#article\",\"isPartOf\":{\"@id\":\"https:\\\/\\\/ferabrajan.com\\\/portal\\\/2020\\\/05\\\/31\\\/lopez-gatell-preve-que-mexico-llegue-a-los-30-mil-muertos-por-covid-19\\\/\"},\"author\":{\"name\":\"admin\",\"@id\":\"https:\\\/\\\/ferabrajan.com\\\/portal\\\/#\\\/schema\\\/person\\\/f6113b3cb1e036d5c6a9505685b257ba\"},\"headline\":\"L\u00f3pez-Gatell prev\u00e9 que M\u00e9xico llegue a los 30 mil muertos por Covid-19\",\"datePublished\":\"2020-05-31T00:03:13+00:00\",\"mainEntityOfPage\":{\"@id\":\"https:\\\/\\\/ferabrajan.com\\\/portal\\\/2020\\\/05\\\/31\\\/lopez-gatell-preve-que-mexico-llegue-a-los-30-mil-muertos-por-covid-19\\\/\"},\"wordCount\":744,\"publisher\":{\"@id\":\"https:\\\/\\\/ferabrajan.com\\\/portal\\\/#organization\"},\"image\":{\"@id\":\"https:\\\/\\\/ferabrajan.com\\\/portal\\\/2020\\\/05\\\/31\\\/lopez-gatell-preve-que-mexico-llegue-a-los-30-mil-muertos-por-covid-19\\\/#primaryimage\"},\"thumbnailUrl\":\"\",\"articleSection\":[\"Puebla\"],\"inLanguage\":\"es\"},{\"@type\":\"WebPage\",\"@id\":\"https:\\\/\\\/ferabrajan.com\\\/portal\\\/2020\\\/05\\\/31\\\/lopez-gatell-preve-que-mexico-llegue-a-los-30-mil-muertos-por-covid-19\\\/\",\"url\":\"https:\\\/\\\/ferabrajan.com\\\/portal\\\/2020\\\/05\\\/31\\\/lopez-gatell-preve-que-mexico-llegue-a-los-30-mil-muertos-por-covid-19\\\/\",\"name\":\"L\u00f3pez-Gatell prev\u00e9 que M\u00e9xico llegue a los 30 mil muertos por Covid-19 - Fer Abrajan\",\"isPartOf\":{\"@id\":\"https:\\\/\\\/ferabrajan.com\\\/portal\\\/#website\"},\"primaryImageOfPage\":{\"@id\":\"https:\\\/\\\/ferabrajan.com\\\/portal\\\/2020\\\/05\\\/31\\\/lopez-gatell-preve-que-mexico-llegue-a-los-30-mil-muertos-por-covid-19\\\/#primaryimage\"},\"image\":{\"@id\":\"https:\\\/\\\/ferabrajan.com\\\/portal\\\/2020\\\/05\\\/31\\\/lopez-gatell-preve-que-mexico-llegue-a-los-30-mil-muertos-por-covid-19\\\/#primaryimage\"},\"thumbnailUrl\":\"\",\"datePublished\":\"2020-05-31T00:03:13+00:00\",\"breadcrumb\":{\"@id\":\"https:\\\/\\\/ferabrajan.com\\\/portal\\\/2020\\\/05\\\/31\\\/lopez-gatell-preve-que-mexico-llegue-a-los-30-mil-muertos-por-covid-19\\\/#breadcrumb\"},\"inLanguage\":\"es\",\"potentialAction\":[{\"@type\":\"ReadAction\",\"target\":[\"https:\\\/\\\/ferabrajan.com\\\/portal\\\/2020\\\/05\\\/31\\\/lopez-gatell-preve-que-mexico-llegue-a-los-30-mil-muertos-por-covid-19\\\/\"]}]},{\"@type\":\"ImageObject\",\"inLanguage\":\"es\",\"@id\":\"https:\\\/\\\/ferabrajan.com\\\/portal\\\/2020\\\/05\\\/31\\\/lopez-gatell-preve-que-mexico-llegue-a-los-30-mil-muertos-por-covid-19\\\/#primaryimage\",\"url\":\"\",\"contentUrl\":\"\"},{\"@type\":\"BreadcrumbList\",\"@id\":\"https:\\\/\\\/ferabrajan.com\\\/portal\\\/2020\\\/05\\\/31\\\/lopez-gatell-preve-que-mexico-llegue-a-los-30-mil-muertos-por-covid-19\\\/#breadcrumb\",\"itemListElement\":[{\"@type\":\"ListItem\",\"position\":1,\"name\":\"Portada\",\"item\":\"https:\\\/\\\/ferabrajan.com\\\/portal\\\/\"},{\"@type\":\"ListItem\",\"position\":2,\"name\":\"L\u00f3pez-Gatell prev\u00e9 que M\u00e9xico llegue a los 30 mil muertos por Covid-19\"}]},{\"@type\":\"WebSite\",\"@id\":\"https:\\\/\\\/ferabrajan.com\\\/portal\\\/#website\",\"url\":\"https:\\\/\\\/ferabrajan.com\\\/portal\\\/\",\"name\":\"Fer Abrajan\",\"description\":\"Noticias de Puebla, opini\u00f3n y radio en vivo\",\"publisher\":{\"@id\":\"https:\\\/\\\/ferabrajan.com\\\/portal\\\/#organization\"},\"potentialAction\":[{\"@type\":\"SearchAction\",\"target\":{\"@type\":\"EntryPoint\",\"urlTemplate\":\"https:\\\/\\\/ferabrajan.com\\\/portal\\\/?s={search_term_string}\"},\"query-input\":{\"@type\":\"PropertyValueSpecification\",\"valueRequired\":true,\"valueName\":\"search_term_string\"}}],\"inLanguage\":\"es\"},{\"@type\":\"Organization\",\"@id\":\"https:\\\/\\\/ferabrajan.com\\\/portal\\\/#organization\",\"name\":\"Fer Abrajan\",\"url\":\"https:\\\/\\\/ferabrajan.com\\\/portal\\\/\",\"logo\":{\"@type\":\"ImageObject\",\"inLanguage\":\"es\",\"@id\":\"https:\\\/\\\/ferabrajan.com\\\/portal\\\/#\\\/schema\\\/logo\\\/image\\\/\",\"url\":\"https:\\\/\\\/ferabrajan.com\\\/portal\\\/wp-content\\\/uploads\\\/2024\\\/10\\\/cropped-logo.jpeg\",\"contentUrl\":\"https:\\\/\\\/ferabrajan.com\\\/portal\\\/wp-content\\\/uploads\\\/2024\\\/10\\\/cropped-logo.jpeg\",\"width\":500,\"height\":250,\"caption\":\"Fer Abrajan\"},\"image\":{\"@id\":\"https:\\\/\\\/ferabrajan.com\\\/portal\\\/#\\\/schema\\\/logo\\\/image\\\/\"},\"sameAs\":[\"https:\\\/\\\/www.facebook.com\\\/NoticiasconFerAbrajan\\\/\",\"https:\\\/\\\/x.com\\\/ferabrajan1\"]},{\"@type\":\"Person\",\"@id\":\"https:\\\/\\\/ferabrajan.com\\\/portal\\\/#\\\/schema\\\/person\\\/f6113b3cb1e036d5c6a9505685b257ba\",\"name\":\"admin\",\"image\":{\"@type\":\"ImageObject\",\"inLanguage\":\"es\",\"@id\":\"https:\\\/\\\/secure.gravatar.com\\\/avatar\\\/072baa72775aad53c748dfc5d3048578e01b6c087eef335459ebfa04344e2d18?s=96&d=mm&r=g\",\"url\":\"https:\\\/\\\/secure.gravatar.com\\\/avatar\\\/072baa72775aad53c748dfc5d3048578e01b6c087eef335459ebfa04344e2d18?s=96&d=mm&r=g\",\"contentUrl\":\"https:\\\/\\\/secure.gravatar.com\\\/avatar\\\/072baa72775aad53c748dfc5d3048578e01b6c087eef335459ebfa04344e2d18?s=96&d=mm&r=g\",\"caption\":\"admin\"},\"sameAs\":[\"https:\\\/\\\/ferabrajan.com\\\/portal\"],\"url\":\"https:\\\/\\\/ferabrajan.com\\\/portal\\\/author\\\/admin\\\/\"}]}<\/script>\n<!-- \/ Yoast SEO plugin. -->","yoast_head_json":{"title":"L\u00f3pez-Gatell prev\u00e9 que M\u00e9xico llegue a los 30 mil muertos por Covid-19 - Fer Abrajan","robots":{"index":"index","follow":"follow","max-snippet":"max-snippet:-1","max-image-preview":"max-image-preview:large","max-video-preview":"max-video-preview:-1"},"canonical":"https:\/\/ferabrajan.com\/portal\/2020\/05\/31\/lopez-gatell-preve-que-mexico-llegue-a-los-30-mil-muertos-por-covid-19\/","og_locale":"es_ES","og_type":"article","og_title":"L\u00f3pez-Gatell prev\u00e9 que M\u00e9xico llegue a los 30 mil muertos por Covid-19 - Fer Abrajan","og_description":"Hugo L\u00f3pez-Gatell, subsecretario de Salud, estima probable que se cumpla su predicci\u00f3n de que M\u00e9xico llegue hasta los 30 mil fallecidos por la pandemia de Covid-19, aunque la cifra podr\u00eda variar. La cifra es el tope de un rango entre seis mil y 30 mil decesos calculado por el gobierno a finales de febrero y est\u00e1 sujeta a ciertas condiciones, explic\u00f3 L\u00f3pez-Gatell en entrevista con AFP, cuando M\u00e9xico se apresta a empezar este lunes una reactivaci\u00f3n gradual de su vida econ\u00f3mica y social. \u00abSi ma\u00f1ana gobiernos estatales empiezan a tomar actitudes demasiado libertinas respecto al desconfinamiento, a lo mejor ese 30 mil se nos va m\u00e1s para arriba\u00bb, se\u00f1al\u00f3. M\u00e9xico, con 120 millones de habitantes, registraba hasta el viernes nueve mil 415 defunciones y 84 mil 627 casos confirmados de COVID-19. [embedded content] L\u00f3pez-Gatell indic\u00f3 que el intervalo fue una de las primeras predicciones que el gobierno mexicano elabor\u00f3 con base en la escasa informaci\u00f3n cient\u00edfica sobre el virus con la que el mundo contaba durante los primeros meses del a\u00f1o, que se restring\u00eda a los datos de la provincia china de Hubei y su capital, Wuhan. Los par\u00e1metros de hospitalizaci\u00f3n, defunciones, pero sobre todo la incidencia acumulada del virus, conocida en epidemiolog\u00eda como tasa de ataque, fueron adaptados a la realidad mexicana para elaborar el c\u00e1lculo. \u00abTuvimos un rango, como suele hacerse en las estimaciones: seis mil, ocho mil (&#8230;) y esto se iba hasta 30 mil variando un par\u00e1metro fundamental que es la tasa de ataque\u00bb, detall\u00f3. \u00abEstamos en un intervalo razonable (&#8230;) a pesar de las limitaciones del m\u00e9todo y de los supuestos. No me parece descabellado que pudiera ocurrir\u00bb que se llegue al m\u00e1ximo estimado de defunciones, agreg\u00f3 L\u00f3pez-Gatell. Predicci\u00f3n no es promesa El doctor en Epidemiolog\u00eda por la Universidad estadounidense Johns Hopkins aclar\u00f3, sin embargo, que este modelo resulta hoy \u00ablimitado\u00bb y que ha sido reemplazado por m\u00e9todos matem\u00e1ticos dise\u00f1ados en colaboraci\u00f3n con cient\u00edficos del Consejo Nacional de Ciencia de M\u00e9xico, Conacyt, y otras instituciones acad\u00e9micas. Seg\u00fan \u00e9l, la aspiraci\u00f3n de tener una sola estimaci\u00f3n nacional \u00abya no es procedente\u00bb t\u00e9cnicamente, pues la evidencia apunta a que en pa\u00edses geogr\u00e1ficamente extensos como M\u00e9xico la epidemia \u00abse comporta en parches\u00bb, sin sincron\u00eda entre brotes locales. El subsecretario advirti\u00f3, no obstante, que \u00abnunca (&#8230;) en t\u00e9rminos cient\u00edficos una predicci\u00f3n debe tomarse como una promesa o una garant\u00eda\u00bb, sino como un insumo para adoptar decisiones sobre fen\u00f3menos impredecibles. M\u00e9xico iniciar\u00e1 este lunes su tr\u00e1nsito a una \u00abnueva normalidad\u00bb con casi todo su territorio puesto en m\u00e1ximo nivel de alerta sanitaria, una decisi\u00f3n deliberada de las autoridades sanitarias para evitar un desconfinamiento acelerado que genere rebrotes del virus. Reactivaci\u00f3n necesaria Pese a la cautela, L\u00f3pez-Gatell juzga necesario caminar hacia la reactivaci\u00f3n del pa\u00eds, ya que existe necesidad de \u00abalimentarse todos los d\u00edas, generar riqueza y distribuirla\u00bb, sin descuidar por ello la salud p\u00fablica. \u00abProteger la salud y proteger la vida se logra en los dos campos, en el confinamiento y en el desconfinamiento, y hay que hacerlo de manera muy cautelosa\u00bb, afirm\u00f3. En tal sentido, aval\u00f3 la decisi\u00f3n del presidente Andr\u00e9s Manuel L\u00f3pez Obrador de reiniciar este lunes sus giras nacionales, con un recorrido de una semana por el sureste. [embedded content] Consider\u00f3 que el mandatario ha sido \u00abextremadamente cauto\u00bb para evitar que su decisi\u00f3n de retomar los viajes sea interpretada por la poblaci\u00f3n como una licencia para movilizarse. \u00ab\u00c9l, consciente de eso (&#8230;), lleva varios d\u00edas diciendo: &#8216;no se les ocurra seguirnos, tampoco se les ocurra viajar'\u00bb, se\u00f1al\u00f3. Por otro lado, L\u00f3pez-Gatell lament\u00f3 la decisi\u00f3n del presidente estadounidense, Donald Trump, de poner fin a la relaci\u00f3n de su pa\u00eds con la Organizaci\u00f3n Mundial de la Salud (OMS) a la que acusa desde el comienzo de la pandemia de ser demasiado indulgente con China. \u00abEn t\u00e9rminos de la solidez de la comunidad global de salud p\u00fablica nos parece extremadamente preocupante\u00bb, dijo el funcionario, aclarando que su opini\u00f3n es personal y no representa la postura del gobierno mexicano. Publicaci\u00f3n Original: https:\/\/www.elsoldepuebla.com.mx\/mexico\/hugo-lopez-gatell-preve-que-mexico-llegue-a-los-30-mil-muertos-por-covid-19-5300242.html","og_url":"https:\/\/ferabrajan.com\/portal\/2020\/05\/31\/lopez-gatell-preve-que-mexico-llegue-a-los-30-mil-muertos-por-covid-19\/","og_site_name":"Fer Abrajan","article_publisher":"https:\/\/www.facebook.com\/NoticiasconFerAbrajan\/","article_published_time":"2020-05-31T00:03:13+00:00","author":"admin","twitter_card":"summary_large_image","twitter_creator":"@ferabrajan1","twitter_site":"@ferabrajan1","twitter_misc":{"Escrito por":"admin","Tiempo de lectura":"4 minutos"},"schema":{"@context":"https:\/\/schema.org","@graph":[{"@type":"Article","@id":"https:\/\/ferabrajan.com\/portal\/2020\/05\/31\/lopez-gatell-preve-que-mexico-llegue-a-los-30-mil-muertos-por-covid-19\/#article","isPartOf":{"@id":"https:\/\/ferabrajan.com\/portal\/2020\/05\/31\/lopez-gatell-preve-que-mexico-llegue-a-los-30-mil-muertos-por-covid-19\/"},"author":{"name":"admin","@id":"https:\/\/ferabrajan.com\/portal\/#\/schema\/person\/f6113b3cb1e036d5c6a9505685b257ba"},"headline":"L\u00f3pez-Gatell prev\u00e9 que M\u00e9xico llegue a los 30 mil muertos por Covid-19","datePublished":"2020-05-31T00:03:13+00:00","mainEntityOfPage":{"@id":"https:\/\/ferabrajan.com\/portal\/2020\/05\/31\/lopez-gatell-preve-que-mexico-llegue-a-los-30-mil-muertos-por-covid-19\/"},"wordCount":744,"publisher":{"@id":"https:\/\/ferabrajan.com\/portal\/#organization"},"image":{"@id":"https:\/\/ferabrajan.com\/portal\/2020\/05\/31\/lopez-gatell-preve-que-mexico-llegue-a-los-30-mil-muertos-por-covid-19\/#primaryimage"},"thumbnailUrl":"","articleSection":["Puebla"],"inLanguage":"es"},{"@type":"WebPage","@id":"https:\/\/ferabrajan.com\/portal\/2020\/05\/31\/lopez-gatell-preve-que-mexico-llegue-a-los-30-mil-muertos-por-covid-19\/","url":"https:\/\/ferabrajan.com\/portal\/2020\/05\/31\/lopez-gatell-preve-que-mexico-llegue-a-los-30-mil-muertos-por-covid-19\/","name":"L\u00f3pez-Gatell prev\u00e9 que M\u00e9xico llegue a los 30 mil muertos por Covid-19 - Fer Abrajan","isPartOf":{"@id":"https:\/\/ferabrajan.com\/portal\/#website"},"primaryImageOfPage":{"@id":"https:\/\/ferabrajan.com\/portal\/2020\/05\/31\/lopez-gatell-preve-que-mexico-llegue-a-los-30-mil-muertos-por-covid-19\/#primaryimage"},"image":{"@id":"https:\/\/ferabrajan.com\/portal\/2020\/05\/31\/lopez-gatell-preve-que-mexico-llegue-a-los-30-mil-muertos-por-covid-19\/#primaryimage"},"thumbnailUrl":"","datePublished":"2020-05-31T00:03:13+00:00","breadcrumb":{"@id":"https:\/\/ferabrajan.com\/portal\/2020\/05\/31\/lopez-gatell-preve-que-mexico-llegue-a-los-30-mil-muertos-por-covid-19\/#breadcrumb"},"inLanguage":"es","potentialAction":[{"@type":"ReadAction","target":["https:\/\/ferabrajan.com\/portal\/2020\/05\/31\/lopez-gatell-preve-que-mexico-llegue-a-los-30-mil-muertos-por-covid-19\/"]}]},{"@type":"ImageObject","inLanguage":"es","@id":"https:\/\/ferabrajan.com\/portal\/2020\/05\/31\/lopez-gatell-preve-que-mexico-llegue-a-los-30-mil-muertos-por-covid-19\/#primaryimage","url":"","contentUrl":""},{"@type":"BreadcrumbList","@id":"https:\/\/ferabrajan.com\/portal\/2020\/05\/31\/lopez-gatell-preve-que-mexico-llegue-a-los-30-mil-muertos-por-covid-19\/#breadcrumb","itemListElement":[{"@type":"ListItem","position":1,"name":"Portada","item":"https:\/\/ferabrajan.com\/portal\/"},{"@type":"ListItem","position":2,"name":"L\u00f3pez-Gatell prev\u00e9 que M\u00e9xico llegue a los 30 mil muertos por Covid-19"}]},{"@type":"WebSite","@id":"https:\/\/ferabrajan.com\/portal\/#website","url":"https:\/\/ferabrajan.com\/portal\/","name":"Fer Abrajan","description":"Noticias de Puebla, opini\u00f3n y radio en vivo","publisher":{"@id":"https:\/\/ferabrajan.com\/portal\/#organization"},"potentialAction":[{"@type":"SearchAction","target":{"@type":"EntryPoint","urlTemplate":"https:\/\/ferabrajan.com\/portal\/?s={search_term_string}"},"query-input":{"@type":"PropertyValueSpecification","valueRequired":true,"valueName":"search_term_string"}}],"inLanguage":"es"},{"@type":"Organization","@id":"https:\/\/ferabrajan.com\/portal\/#organization","name":"Fer Abrajan","url":"https:\/\/ferabrajan.com\/portal\/","logo":{"@type":"ImageObject","inLanguage":"es","@id":"https:\/\/ferabrajan.com\/portal\/#\/schema\/logo\/image\/","url":"https:\/\/ferabrajan.com\/portal\/wp-content\/uploads\/2024\/10\/cropped-logo.jpeg","contentUrl":"https:\/\/ferabrajan.com\/portal\/wp-content\/uploads\/2024\/10\/cropped-logo.jpeg","width":500,"height":250,"caption":"Fer Abrajan"},"image":{"@id":"https:\/\/ferabrajan.com\/portal\/#\/schema\/logo\/image\/"},"sameAs":["https:\/\/www.facebook.com\/NoticiasconFerAbrajan\/","https:\/\/x.com\/ferabrajan1"]},{"@type":"Person","@id":"https:\/\/ferabrajan.com\/portal\/#\/schema\/person\/f6113b3cb1e036d5c6a9505685b257ba","name":"admin","image":{"@type":"ImageObject","inLanguage":"es","@id":"https:\/\/secure.gravatar.com\/avatar\/072baa72775aad53c748dfc5d3048578e01b6c087eef335459ebfa04344e2d18?s=96&d=mm&r=g","url":"https:\/\/secure.gravatar.com\/avatar\/072baa72775aad53c748dfc5d3048578e01b6c087eef335459ebfa04344e2d18?s=96&d=mm&r=g","contentUrl":"https:\/\/secure.gravatar.com\/avatar\/072baa72775aad53c748dfc5d3048578e01b6c087eef335459ebfa04344e2d18?s=96&d=mm&r=g","caption":"admin"},"sameAs":["https:\/\/ferabrajan.com\/portal"],"url":"https:\/\/ferabrajan.com\/portal\/author\/admin\/"}]}},"_links":{"self":[{"href":"https:\/\/ferabrajan.com\/portal\/wp-json\/wp\/v2\/posts\/12424","targetHints":{"allow":["GET"]}}],"collection":[{"href":"https:\/\/ferabrajan.com\/portal\/wp-json\/wp\/v2\/posts"}],"about":[{"href":"https:\/\/ferabrajan.com\/portal\/wp-json\/wp\/v2\/types\/post"}],"author":[{"embeddable":true,"href":"https:\/\/ferabrajan.com\/portal\/wp-json\/wp\/v2\/users\/1"}],"replies":[{"embeddable":true,"href":"https:\/\/ferabrajan.com\/portal\/wp-json\/wp\/v2\/comments?post=12424"}],"version-history":[{"count":0,"href":"https:\/\/ferabrajan.com\/portal\/wp-json\/wp\/v2\/posts\/12424\/revisions"}],"wp:attachment":[{"href":"https:\/\/ferabrajan.com\/portal\/wp-json\/wp\/v2\/media?parent=12424"}],"wp:term":[{"taxonomy":"category","embeddable":true,"href":"https:\/\/ferabrajan.com\/portal\/wp-json\/wp\/v2\/categories?post=12424"},{"taxonomy":"post_tag","embeddable":true,"href":"https:\/\/ferabrajan.com\/portal\/wp-json\/wp\/v2\/tags?post=12424"}],"curies":[{"name":"wp","href":"https:\/\/api.w.org\/{rel}","templated":true}]}}