{"id":12381,"date":"2020-05-29T23:23:12","date_gmt":"2020-05-29T23:23:12","guid":{"rendered":"https:\/\/www.elsoldepuebla.com.mx\/republica\/incendio-en-casa-de-tlajomulco-cobra-cinco-vidas-5296271.html"},"modified":"2020-05-29T23:23:12","modified_gmt":"2020-05-29T23:23:12","slug":"incendio-en-casa-de-tlajomulco-cobra-cinco-vidas","status":"publish","type":"post","link":"https:\/\/ferabrajan.com\/portal\/2020\/05\/29\/incendio-en-casa-de-tlajomulco-cobra-cinco-vidas\/","title":{"rendered":"Incendio en casa de Tlajomulco cobra cinco vidas"},"content":{"rendered":"<div><img decoding=\"async\" src=\"https:\/\/www.eloccidental.com.mx\/incoming\/4hyqv9-incendio-1.jpg\/ALTERNATES\/LANDSCAPE_1140\/Incendio%201.jpg\" class=\"ff-og-image-inserted\"><\/div>\n<p>Un incendio ocurrido en una casa habitaci\u00f3n de la colonia Villas de San Agust\u00edn, en Tlajomulco, cobr\u00f3 la vida de cinco personas.<\/p>\n<p>El director de Protecci\u00f3n Civil y Bomberos de Tlajomulco, Rodrigo Arellano, inform\u00f3 que el siniestro ocurri\u00f3 cerca de las 4:57 horas en una casa ubicada en Villa de San Javier y andador San Pedro.<\/p>\n<p>Cuando llegaron los bomberos al lugar, el fuego ya se hab\u00eda propagado por la vivienda de dos plantas.<\/p>\n<p>\u201cAl llegar al lugar se dan cuenta de que el fuego se estaba propagando en una casa de dos pisos, por lo que se dan a la tarea de tratar de controlarlo y cuando logran su cometido, entrar en las habitaciones de la casa y encuentran a tres menores de edad y dos mujeres adultas ya sin vida\u201d, apunt\u00f3.<\/p>\n<p>\u201cEl fuego se origin\u00f3 en una mesa y en unos sillones que estaban ah\u00ed. No sabemos qu\u00e9 es exactamente lo que origin\u00f3 el fuego, pero ah\u00ed hay indicios de que hab\u00eda una veladora, pero todav\u00eda no podemos asegurar de que esa sea la causa\u201d, explic\u00f3.<\/p>\n<p>Las personas fallecidas son dos mujeres de 42 y 32 a\u00f1os de edad, s\u00ed como dos ni\u00f1os de 9 y 10 a\u00f1os, y un beb\u00e9 de cuatro meses de nacido, quienes no presentaban quemaduras.<\/p>\n<p>\u201cLo que s\u00ed te digo es que las personas no murieron quemadas, murieron por inhalaci\u00f3n de humo\u201d, finaliz\u00f3.<\/p>\n<p>Personal de la Fiscal\u00eda y del Instituto Jalisciense de Ciencias Forenses llegaron al sitio para realizar el levantamiento de los cuerpos.<\/p>\n<p>Publicaci\u00f3n Original: <a href=\"https:\/\/www.elsoldepuebla.com.mx\/republica\/incendio-en-casa-de-tlajomulco-cobra-cinco-vidas-5296271.html\" target=\"_blank\" rel=\"noopener noreferrer\">https:\/\/www.elsoldepuebla.com.mx\/republica\/incendio-en-casa-de-tlajomulco-cobra-cinco-vidas-5296271.html<\/a><\/p>\n","protected":false},"excerpt":{"rendered":"<p>Un incendio ocurrido en una casa habitaci\u00f3n de la colonia Villas de San Agust\u00edn, en Tlajomulco, cobr\u00f3 la vida de cinco personas. El director de Protecci\u00f3n Civil y Bomberos de Tlajomulco, Rodrigo Arellano, inform\u00f3 que el siniestro ocurri\u00f3 cerca de las 4:57 horas en una casa ubicada en Villa de San Javier y andador San Pedro. Cuando llegaron los bomberos al lugar, el fuego ya se hab\u00eda propagado por la vivienda de dos plantas. \u201cAl llegar al lugar se dan cuenta de que el fuego se estaba propagando en una casa de dos pisos, por lo que se dan a la tarea de tratar de controlarlo y cuando logran su cometido, entrar en las habitaciones de la casa y encuentran a tres menores de edad y dos mujeres adultas ya sin vida\u201d, apunt\u00f3. \u201cEl fuego se origin\u00f3 en una mesa y en unos sillones que estaban ah\u00ed. No sabemos qu\u00e9 es exactamente lo que origin\u00f3 el fuego, pero ah\u00ed hay indicios de que hab\u00eda una veladora, pero todav\u00eda no podemos asegurar de que esa sea la causa\u201d, explic\u00f3. Las personas fallecidas son dos mujeres de 42 y 32 a\u00f1os de edad, s\u00ed como dos ni\u00f1os de 9 y 10 a\u00f1os, y un beb\u00e9 de cuatro meses de nacido, quienes no presentaban quemaduras. \u201cLo que s\u00ed te digo es que las personas no murieron quemadas, murieron por inhalaci\u00f3n de humo\u201d, finaliz\u00f3. Personal de la Fiscal\u00eda y del Instituto Jalisciense de Ciencias Forenses llegaron al sitio para realizar el levantamiento de los cuerpos. Publicaci\u00f3n Original: https:\/\/www.elsoldepuebla.com.mx\/republica\/incendio-en-casa-de-tlajomulco-cobra-cinco-vidas-5296271.html<\/p>\n","protected":false},"author":1,"featured_media":12385,"comment_status":"closed","ping_status":"closed","sticky":false,"template":"","format":"standard","meta":{"_monsterinsights_skip_tracking":false,"_uf_show_specific_survey":0,"_uf_disable_surveys":false,"footnotes":""},"categories":[34],"tags":[],"class_list":["post-12381","post","type-post","status-publish","format-standard","has-post-thumbnail","hentry","category-puebla"],"yoast_head":"<!-- This site is optimized with the Yoast SEO plugin v27.5 - https:\/\/yoast.com\/product\/yoast-seo-wordpress\/ -->\n<title>Incendio en casa de Tlajomulco cobra cinco vidas - Fer Abrajan<\/title>\n<meta name=\"robots\" content=\"index, follow, max-snippet:-1, max-image-preview:large, max-video-preview:-1\" \/>\n<link rel=\"canonical\" href=\"https:\/\/ferabrajan.com\/portal\/2020\/05\/29\/incendio-en-casa-de-tlajomulco-cobra-cinco-vidas\/\" \/>\n<meta property=\"og:locale\" content=\"es_ES\" \/>\n<meta property=\"og:type\" content=\"article\" \/>\n<meta property=\"og:title\" content=\"Incendio en casa de Tlajomulco cobra cinco vidas - Fer Abrajan\" \/>\n<meta property=\"og:description\" content=\"Un incendio ocurrido en una casa habitaci\u00f3n de la colonia Villas de San Agust\u00edn, en Tlajomulco, cobr\u00f3 la vida de cinco personas. El director de Protecci\u00f3n Civil y Bomberos de Tlajomulco, Rodrigo Arellano, inform\u00f3 que el siniestro ocurri\u00f3 cerca de las 4:57 horas en una casa ubicada en Villa de San Javier y andador San Pedro. Cuando llegaron los bomberos al lugar, el fuego ya se hab\u00eda propagado por la vivienda de dos plantas. \u201cAl llegar al lugar se dan cuenta de que el fuego se estaba propagando en una casa de dos pisos, por lo que se dan a la tarea de tratar de controlarlo y cuando logran su cometido, entrar en las habitaciones de la casa y encuentran a tres menores de edad y dos mujeres adultas ya sin vida\u201d, apunt\u00f3. \u201cEl fuego se origin\u00f3 en una mesa y en unos sillones que estaban ah\u00ed. No sabemos qu\u00e9 es exactamente lo que origin\u00f3 el fuego, pero ah\u00ed hay indicios de que hab\u00eda una veladora, pero todav\u00eda no podemos asegurar de que esa sea la causa\u201d, explic\u00f3. Las personas fallecidas son dos mujeres de 42 y 32 a\u00f1os de edad, s\u00ed como dos ni\u00f1os de 9 y 10 a\u00f1os, y un beb\u00e9 de cuatro meses de nacido, quienes no presentaban quemaduras. \u201cLo que s\u00ed te digo es que las personas no murieron quemadas, murieron por inhalaci\u00f3n de humo\u201d, finaliz\u00f3. Personal de la Fiscal\u00eda y del Instituto Jalisciense de Ciencias Forenses llegaron al sitio para realizar el levantamiento de los cuerpos. Publicaci\u00f3n Original: https:\/\/www.elsoldepuebla.com.mx\/republica\/incendio-en-casa-de-tlajomulco-cobra-cinco-vidas-5296271.html\" \/>\n<meta property=\"og:url\" content=\"https:\/\/ferabrajan.com\/portal\/2020\/05\/29\/incendio-en-casa-de-tlajomulco-cobra-cinco-vidas\/\" \/>\n<meta property=\"og:site_name\" content=\"Fer Abrajan\" \/>\n<meta property=\"article:publisher\" content=\"https:\/\/www.facebook.com\/NoticiasconFerAbrajan\/\" \/>\n<meta property=\"article:published_time\" content=\"2020-05-29T23:23:12+00:00\" \/>\n<meta name=\"author\" content=\"admin\" \/>\n<meta name=\"twitter:card\" content=\"summary_large_image\" \/>\n<meta name=\"twitter:creator\" content=\"@ferabrajan1\" \/>\n<meta name=\"twitter:site\" content=\"@ferabrajan1\" \/>\n<meta name=\"twitter:label1\" content=\"Escrito por\" \/>\n\t<meta name=\"twitter:data1\" content=\"admin\" \/>\n\t<meta name=\"twitter:label2\" content=\"Tiempo de lectura\" \/>\n\t<meta name=\"twitter:data2\" content=\"1 minuto\" \/>\n<script type=\"application\/ld+json\" class=\"yoast-schema-graph\">{\"@context\":\"https:\\\/\\\/schema.org\",\"@graph\":[{\"@type\":\"Article\",\"@id\":\"https:\\\/\\\/ferabrajan.com\\\/portal\\\/2020\\\/05\\\/29\\\/incendio-en-casa-de-tlajomulco-cobra-cinco-vidas\\\/#article\",\"isPartOf\":{\"@id\":\"https:\\\/\\\/ferabrajan.com\\\/portal\\\/2020\\\/05\\\/29\\\/incendio-en-casa-de-tlajomulco-cobra-cinco-vidas\\\/\"},\"author\":{\"name\":\"admin\",\"@id\":\"https:\\\/\\\/ferabrajan.com\\\/portal\\\/#\\\/schema\\\/person\\\/f6113b3cb1e036d5c6a9505685b257ba\"},\"headline\":\"Incendio en casa de Tlajomulco cobra cinco vidas\",\"datePublished\":\"2020-05-29T23:23:12+00:00\",\"mainEntityOfPage\":{\"@id\":\"https:\\\/\\\/ferabrajan.com\\\/portal\\\/2020\\\/05\\\/29\\\/incendio-en-casa-de-tlajomulco-cobra-cinco-vidas\\\/\"},\"wordCount\":276,\"publisher\":{\"@id\":\"https:\\\/\\\/ferabrajan.com\\\/portal\\\/#organization\"},\"image\":{\"@id\":\"https:\\\/\\\/ferabrajan.com\\\/portal\\\/2020\\\/05\\\/29\\\/incendio-en-casa-de-tlajomulco-cobra-cinco-vidas\\\/#primaryimage\"},\"thumbnailUrl\":\"\",\"articleSection\":[\"Puebla\"],\"inLanguage\":\"es\"},{\"@type\":\"WebPage\",\"@id\":\"https:\\\/\\\/ferabrajan.com\\\/portal\\\/2020\\\/05\\\/29\\\/incendio-en-casa-de-tlajomulco-cobra-cinco-vidas\\\/\",\"url\":\"https:\\\/\\\/ferabrajan.com\\\/portal\\\/2020\\\/05\\\/29\\\/incendio-en-casa-de-tlajomulco-cobra-cinco-vidas\\\/\",\"name\":\"Incendio en casa de Tlajomulco cobra cinco vidas - Fer Abrajan\",\"isPartOf\":{\"@id\":\"https:\\\/\\\/ferabrajan.com\\\/portal\\\/#website\"},\"primaryImageOfPage\":{\"@id\":\"https:\\\/\\\/ferabrajan.com\\\/portal\\\/2020\\\/05\\\/29\\\/incendio-en-casa-de-tlajomulco-cobra-cinco-vidas\\\/#primaryimage\"},\"image\":{\"@id\":\"https:\\\/\\\/ferabrajan.com\\\/portal\\\/2020\\\/05\\\/29\\\/incendio-en-casa-de-tlajomulco-cobra-cinco-vidas\\\/#primaryimage\"},\"thumbnailUrl\":\"\",\"datePublished\":\"2020-05-29T23:23:12+00:00\",\"breadcrumb\":{\"@id\":\"https:\\\/\\\/ferabrajan.com\\\/portal\\\/2020\\\/05\\\/29\\\/incendio-en-casa-de-tlajomulco-cobra-cinco-vidas\\\/#breadcrumb\"},\"inLanguage\":\"es\",\"potentialAction\":[{\"@type\":\"ReadAction\",\"target\":[\"https:\\\/\\\/ferabrajan.com\\\/portal\\\/2020\\\/05\\\/29\\\/incendio-en-casa-de-tlajomulco-cobra-cinco-vidas\\\/\"]}]},{\"@type\":\"ImageObject\",\"inLanguage\":\"es\",\"@id\":\"https:\\\/\\\/ferabrajan.com\\\/portal\\\/2020\\\/05\\\/29\\\/incendio-en-casa-de-tlajomulco-cobra-cinco-vidas\\\/#primaryimage\",\"url\":\"\",\"contentUrl\":\"\"},{\"@type\":\"BreadcrumbList\",\"@id\":\"https:\\\/\\\/ferabrajan.com\\\/portal\\\/2020\\\/05\\\/29\\\/incendio-en-casa-de-tlajomulco-cobra-cinco-vidas\\\/#breadcrumb\",\"itemListElement\":[{\"@type\":\"ListItem\",\"position\":1,\"name\":\"Portada\",\"item\":\"https:\\\/\\\/ferabrajan.com\\\/portal\\\/\"},{\"@type\":\"ListItem\",\"position\":2,\"name\":\"Incendio en casa de Tlajomulco cobra cinco vidas\"}]},{\"@type\":\"WebSite\",\"@id\":\"https:\\\/\\\/ferabrajan.com\\\/portal\\\/#website\",\"url\":\"https:\\\/\\\/ferabrajan.com\\\/portal\\\/\",\"name\":\"Fer Abrajan\",\"description\":\"Noticias de Puebla, opini\u00f3n y radio en vivo\",\"publisher\":{\"@id\":\"https:\\\/\\\/ferabrajan.com\\\/portal\\\/#organization\"},\"potentialAction\":[{\"@type\":\"SearchAction\",\"target\":{\"@type\":\"EntryPoint\",\"urlTemplate\":\"https:\\\/\\\/ferabrajan.com\\\/portal\\\/?s={search_term_string}\"},\"query-input\":{\"@type\":\"PropertyValueSpecification\",\"valueRequired\":true,\"valueName\":\"search_term_string\"}}],\"inLanguage\":\"es\"},{\"@type\":\"Organization\",\"@id\":\"https:\\\/\\\/ferabrajan.com\\\/portal\\\/#organization\",\"name\":\"Fer Abrajan\",\"url\":\"https:\\\/\\\/ferabrajan.com\\\/portal\\\/\",\"logo\":{\"@type\":\"ImageObject\",\"inLanguage\":\"es\",\"@id\":\"https:\\\/\\\/ferabrajan.com\\\/portal\\\/#\\\/schema\\\/logo\\\/image\\\/\",\"url\":\"https:\\\/\\\/ferabrajan.com\\\/portal\\\/wp-content\\\/uploads\\\/2024\\\/10\\\/cropped-logo.jpeg\",\"contentUrl\":\"https:\\\/\\\/ferabrajan.com\\\/portal\\\/wp-content\\\/uploads\\\/2024\\\/10\\\/cropped-logo.jpeg\",\"width\":500,\"height\":250,\"caption\":\"Fer Abrajan\"},\"image\":{\"@id\":\"https:\\\/\\\/ferabrajan.com\\\/portal\\\/#\\\/schema\\\/logo\\\/image\\\/\"},\"sameAs\":[\"https:\\\/\\\/www.facebook.com\\\/NoticiasconFerAbrajan\\\/\",\"https:\\\/\\\/x.com\\\/ferabrajan1\"]},{\"@type\":\"Person\",\"@id\":\"https:\\\/\\\/ferabrajan.com\\\/portal\\\/#\\\/schema\\\/person\\\/f6113b3cb1e036d5c6a9505685b257ba\",\"name\":\"admin\",\"image\":{\"@type\":\"ImageObject\",\"inLanguage\":\"es\",\"@id\":\"https:\\\/\\\/secure.gravatar.com\\\/avatar\\\/072baa72775aad53c748dfc5d3048578e01b6c087eef335459ebfa04344e2d18?s=96&d=mm&r=g\",\"url\":\"https:\\\/\\\/secure.gravatar.com\\\/avatar\\\/072baa72775aad53c748dfc5d3048578e01b6c087eef335459ebfa04344e2d18?s=96&d=mm&r=g\",\"contentUrl\":\"https:\\\/\\\/secure.gravatar.com\\\/avatar\\\/072baa72775aad53c748dfc5d3048578e01b6c087eef335459ebfa04344e2d18?s=96&d=mm&r=g\",\"caption\":\"admin\"},\"sameAs\":[\"https:\\\/\\\/ferabrajan.com\\\/portal\"],\"url\":\"https:\\\/\\\/ferabrajan.com\\\/portal\\\/author\\\/admin\\\/\"}]}<\/script>\n<!-- \/ Yoast SEO plugin. -->","yoast_head_json":{"title":"Incendio en casa de Tlajomulco cobra cinco vidas - Fer Abrajan","robots":{"index":"index","follow":"follow","max-snippet":"max-snippet:-1","max-image-preview":"max-image-preview:large","max-video-preview":"max-video-preview:-1"},"canonical":"https:\/\/ferabrajan.com\/portal\/2020\/05\/29\/incendio-en-casa-de-tlajomulco-cobra-cinco-vidas\/","og_locale":"es_ES","og_type":"article","og_title":"Incendio en casa de Tlajomulco cobra cinco vidas - Fer Abrajan","og_description":"Un incendio ocurrido en una casa habitaci\u00f3n de la colonia Villas de San Agust\u00edn, en Tlajomulco, cobr\u00f3 la vida de cinco personas. El director de Protecci\u00f3n Civil y Bomberos de Tlajomulco, Rodrigo Arellano, inform\u00f3 que el siniestro ocurri\u00f3 cerca de las 4:57 horas en una casa ubicada en Villa de San Javier y andador San Pedro. Cuando llegaron los bomberos al lugar, el fuego ya se hab\u00eda propagado por la vivienda de dos plantas. \u201cAl llegar al lugar se dan cuenta de que el fuego se estaba propagando en una casa de dos pisos, por lo que se dan a la tarea de tratar de controlarlo y cuando logran su cometido, entrar en las habitaciones de la casa y encuentran a tres menores de edad y dos mujeres adultas ya sin vida\u201d, apunt\u00f3. \u201cEl fuego se origin\u00f3 en una mesa y en unos sillones que estaban ah\u00ed. No sabemos qu\u00e9 es exactamente lo que origin\u00f3 el fuego, pero ah\u00ed hay indicios de que hab\u00eda una veladora, pero todav\u00eda no podemos asegurar de que esa sea la causa\u201d, explic\u00f3. Las personas fallecidas son dos mujeres de 42 y 32 a\u00f1os de edad, s\u00ed como dos ni\u00f1os de 9 y 10 a\u00f1os, y un beb\u00e9 de cuatro meses de nacido, quienes no presentaban quemaduras. \u201cLo que s\u00ed te digo es que las personas no murieron quemadas, murieron por inhalaci\u00f3n de humo\u201d, finaliz\u00f3. Personal de la Fiscal\u00eda y del Instituto Jalisciense de Ciencias Forenses llegaron al sitio para realizar el levantamiento de los cuerpos. Publicaci\u00f3n Original: https:\/\/www.elsoldepuebla.com.mx\/republica\/incendio-en-casa-de-tlajomulco-cobra-cinco-vidas-5296271.html","og_url":"https:\/\/ferabrajan.com\/portal\/2020\/05\/29\/incendio-en-casa-de-tlajomulco-cobra-cinco-vidas\/","og_site_name":"Fer Abrajan","article_publisher":"https:\/\/www.facebook.com\/NoticiasconFerAbrajan\/","article_published_time":"2020-05-29T23:23:12+00:00","author":"admin","twitter_card":"summary_large_image","twitter_creator":"@ferabrajan1","twitter_site":"@ferabrajan1","twitter_misc":{"Escrito por":"admin","Tiempo de lectura":"1 minuto"},"schema":{"@context":"https:\/\/schema.org","@graph":[{"@type":"Article","@id":"https:\/\/ferabrajan.com\/portal\/2020\/05\/29\/incendio-en-casa-de-tlajomulco-cobra-cinco-vidas\/#article","isPartOf":{"@id":"https:\/\/ferabrajan.com\/portal\/2020\/05\/29\/incendio-en-casa-de-tlajomulco-cobra-cinco-vidas\/"},"author":{"name":"admin","@id":"https:\/\/ferabrajan.com\/portal\/#\/schema\/person\/f6113b3cb1e036d5c6a9505685b257ba"},"headline":"Incendio en casa de Tlajomulco cobra cinco vidas","datePublished":"2020-05-29T23:23:12+00:00","mainEntityOfPage":{"@id":"https:\/\/ferabrajan.com\/portal\/2020\/05\/29\/incendio-en-casa-de-tlajomulco-cobra-cinco-vidas\/"},"wordCount":276,"publisher":{"@id":"https:\/\/ferabrajan.com\/portal\/#organization"},"image":{"@id":"https:\/\/ferabrajan.com\/portal\/2020\/05\/29\/incendio-en-casa-de-tlajomulco-cobra-cinco-vidas\/#primaryimage"},"thumbnailUrl":"","articleSection":["Puebla"],"inLanguage":"es"},{"@type":"WebPage","@id":"https:\/\/ferabrajan.com\/portal\/2020\/05\/29\/incendio-en-casa-de-tlajomulco-cobra-cinco-vidas\/","url":"https:\/\/ferabrajan.com\/portal\/2020\/05\/29\/incendio-en-casa-de-tlajomulco-cobra-cinco-vidas\/","name":"Incendio en casa de Tlajomulco cobra cinco vidas - Fer Abrajan","isPartOf":{"@id":"https:\/\/ferabrajan.com\/portal\/#website"},"primaryImageOfPage":{"@id":"https:\/\/ferabrajan.com\/portal\/2020\/05\/29\/incendio-en-casa-de-tlajomulco-cobra-cinco-vidas\/#primaryimage"},"image":{"@id":"https:\/\/ferabrajan.com\/portal\/2020\/05\/29\/incendio-en-casa-de-tlajomulco-cobra-cinco-vidas\/#primaryimage"},"thumbnailUrl":"","datePublished":"2020-05-29T23:23:12+00:00","breadcrumb":{"@id":"https:\/\/ferabrajan.com\/portal\/2020\/05\/29\/incendio-en-casa-de-tlajomulco-cobra-cinco-vidas\/#breadcrumb"},"inLanguage":"es","potentialAction":[{"@type":"ReadAction","target":["https:\/\/ferabrajan.com\/portal\/2020\/05\/29\/incendio-en-casa-de-tlajomulco-cobra-cinco-vidas\/"]}]},{"@type":"ImageObject","inLanguage":"es","@id":"https:\/\/ferabrajan.com\/portal\/2020\/05\/29\/incendio-en-casa-de-tlajomulco-cobra-cinco-vidas\/#primaryimage","url":"","contentUrl":""},{"@type":"BreadcrumbList","@id":"https:\/\/ferabrajan.com\/portal\/2020\/05\/29\/incendio-en-casa-de-tlajomulco-cobra-cinco-vidas\/#breadcrumb","itemListElement":[{"@type":"ListItem","position":1,"name":"Portada","item":"https:\/\/ferabrajan.com\/portal\/"},{"@type":"ListItem","position":2,"name":"Incendio en casa de Tlajomulco cobra cinco vidas"}]},{"@type":"WebSite","@id":"https:\/\/ferabrajan.com\/portal\/#website","url":"https:\/\/ferabrajan.com\/portal\/","name":"Fer Abrajan","description":"Noticias de Puebla, opini\u00f3n y radio en vivo","publisher":{"@id":"https:\/\/ferabrajan.com\/portal\/#organization"},"potentialAction":[{"@type":"SearchAction","target":{"@type":"EntryPoint","urlTemplate":"https:\/\/ferabrajan.com\/portal\/?s={search_term_string}"},"query-input":{"@type":"PropertyValueSpecification","valueRequired":true,"valueName":"search_term_string"}}],"inLanguage":"es"},{"@type":"Organization","@id":"https:\/\/ferabrajan.com\/portal\/#organization","name":"Fer Abrajan","url":"https:\/\/ferabrajan.com\/portal\/","logo":{"@type":"ImageObject","inLanguage":"es","@id":"https:\/\/ferabrajan.com\/portal\/#\/schema\/logo\/image\/","url":"https:\/\/ferabrajan.com\/portal\/wp-content\/uploads\/2024\/10\/cropped-logo.jpeg","contentUrl":"https:\/\/ferabrajan.com\/portal\/wp-content\/uploads\/2024\/10\/cropped-logo.jpeg","width":500,"height":250,"caption":"Fer Abrajan"},"image":{"@id":"https:\/\/ferabrajan.com\/portal\/#\/schema\/logo\/image\/"},"sameAs":["https:\/\/www.facebook.com\/NoticiasconFerAbrajan\/","https:\/\/x.com\/ferabrajan1"]},{"@type":"Person","@id":"https:\/\/ferabrajan.com\/portal\/#\/schema\/person\/f6113b3cb1e036d5c6a9505685b257ba","name":"admin","image":{"@type":"ImageObject","inLanguage":"es","@id":"https:\/\/secure.gravatar.com\/avatar\/072baa72775aad53c748dfc5d3048578e01b6c087eef335459ebfa04344e2d18?s=96&d=mm&r=g","url":"https:\/\/secure.gravatar.com\/avatar\/072baa72775aad53c748dfc5d3048578e01b6c087eef335459ebfa04344e2d18?s=96&d=mm&r=g","contentUrl":"https:\/\/secure.gravatar.com\/avatar\/072baa72775aad53c748dfc5d3048578e01b6c087eef335459ebfa04344e2d18?s=96&d=mm&r=g","caption":"admin"},"sameAs":["https:\/\/ferabrajan.com\/portal"],"url":"https:\/\/ferabrajan.com\/portal\/author\/admin\/"}]}},"_links":{"self":[{"href":"https:\/\/ferabrajan.com\/portal\/wp-json\/wp\/v2\/posts\/12381","targetHints":{"allow":["GET"]}}],"collection":[{"href":"https:\/\/ferabrajan.com\/portal\/wp-json\/wp\/v2\/posts"}],"about":[{"href":"https:\/\/ferabrajan.com\/portal\/wp-json\/wp\/v2\/types\/post"}],"author":[{"embeddable":true,"href":"https:\/\/ferabrajan.com\/portal\/wp-json\/wp\/v2\/users\/1"}],"replies":[{"embeddable":true,"href":"https:\/\/ferabrajan.com\/portal\/wp-json\/wp\/v2\/comments?post=12381"}],"version-history":[{"count":0,"href":"https:\/\/ferabrajan.com\/portal\/wp-json\/wp\/v2\/posts\/12381\/revisions"}],"wp:attachment":[{"href":"https:\/\/ferabrajan.com\/portal\/wp-json\/wp\/v2\/media?parent=12381"}],"wp:term":[{"taxonomy":"category","embeddable":true,"href":"https:\/\/ferabrajan.com\/portal\/wp-json\/wp\/v2\/categories?post=12381"},{"taxonomy":"post_tag","embeddable":true,"href":"https:\/\/ferabrajan.com\/portal\/wp-json\/wp\/v2\/tags?post=12381"}],"curies":[{"name":"wp","href":"https:\/\/api.w.org\/{rel}","templated":true}]}}