{"id":12376,"date":"2020-05-29T23:32:56","date_gmt":"2020-05-29T23:32:56","guid":{"rendered":"https:\/\/www.elsoldepuebla.com.mx\/local\/estado\/tehuacan-extiende-cuarentena-hasta-el-30-de-junio-covid-19-puebla-5296323.html"},"modified":"2020-05-29T23:32:56","modified_gmt":"2020-05-29T23:32:56","slug":"tehuacan-extiende-cuarentena-hasta-el-30-de-junio","status":"publish","type":"post","link":"https:\/\/ferabrajan.com\/portal\/2020\/05\/29\/tehuacan-extiende-cuarentena-hasta-el-30-de-junio\/","title":{"rendered":"Tehuac\u00e1n extiende cuarentena hasta el 30 de junio"},"content":{"rendered":"<div><img decoding=\"async\" src=\"https:\/\/www.elsoldepuebla.com.mx\/incoming\/qhvnf2-segunda-tehuacan-2-cols-de-6.jpg\/ALTERNATES\/LANDSCAPE_1140\/SEGUNDA%20-%20TEHUAC%C3%81N%20(2%20COLS%20DE%206).JPG\" class=\"ff-og-image-inserted\"><\/div>\n<p>Tehuac\u00e1n, Pue.- La contingencia sanitaria se extender\u00e1 hasta el 30 de junio en el municipio de Tehuac\u00e1n, confirm\u00f3 la regidora de Salud, Irma Villanueva Cort\u00e9s, quien manifest\u00f3 que se analizar\u00e1 como crece la curva epidemiol\u00f3gica y as\u00ed poder determinar si el confinamiento se puede levantar antes de la fecha prevista.<\/p>\n<p><strong>Destac\u00f3 que el estado de Puebla se encuentra en la fase 3 de la contingencia por la pandemia del Covid-19, lo que significa que los contagios son comunitarios y est\u00e1n incrementando de forma considerable.<\/strong><\/p>\n<p>Tan es as\u00ed que de acuerdo a la informaci\u00f3n federal, el municipio de Tehuac\u00e1n registra m\u00e1s de 60 casos positivos de coronavirus, motivo por el cual indic\u00f3 que no se puede regresar en este momento, ya que las condiciones en t\u00e9rminos de la contingencia est\u00e1n evolucionando de forma natural.<\/p>\n<article class=\"finanzas media col-md-4 inline-story\"> <\/article>\n<p><strong>De igual modo, entiende las inquietudes de los diferentes giros comerciales que piden reactivar la econom\u00eda de la ciudad, sin embargo, por el momento no se puede continuar con las ventas normales, por lo que depender\u00e1 tambi\u00e9n de la Direcci\u00f3n de Protecci\u00f3n Contra Riesgos Sanitarios (Depris) para fijar la fecha para reactivar los negocios.<\/strong><\/p>\n<p>En estos momentos est\u00e1n analizando que medidas van a reforzar e insistir\u00e1n con los llamados para que la ciudadan\u00eda tome las medidas higi\u00e9nicas indicadas por parte de la Secretar\u00eda de Salud, sobre todo porque muchos de los ciudadanos han mostrado renuencia en acatar las indicaciones.<\/p>\n<p><strong>De igual modo, Laura Virginia Gallegos S\u00e1nchez, s\u00edndico municipal, confirm\u00f3 la extensi\u00f3n de la contingencia, aunque espera que \u00e9sta se pueda levantar el 15 de junio, de acuerdo a lo que en su momento han anunciado las autoridades estatales.<\/strong><\/p>\n<p>Una vez m\u00e1s, exhort\u00f3 a la ciudadan\u00eda para que las personas contin\u00faen acatando las indicaciones y se pueda aplanar la curva de contagios por Covid-19 en el menor tiempo posible.<\/p>\n<article class=\"policiaca media col-md-4 inline-story\"> <\/article>\n<article class=\"local media col-md-4 inline-story\"> <\/article>\n<article class=\"local media col-md-4 inline-story\"> <\/article>\n<p>Publicaci\u00f3n Original: <a href=\"https:\/\/www.elsoldepuebla.com.mx\/local\/estado\/tehuacan-extiende-cuarentena-hasta-el-30-de-junio-covid-19-puebla-5296323.html\" target=\"_blank\" rel=\"noopener noreferrer\">https:\/\/www.elsoldepuebla.com.mx\/local\/estado\/tehuacan-extiende-cuarentena-hasta-el-30-de-junio-covid-19-puebla-5296323.html<\/a><\/p>\n","protected":false},"excerpt":{"rendered":"<p>Tehuac\u00e1n, Pue.- La contingencia sanitaria se extender\u00e1 hasta el 30 de junio en el municipio de Tehuac\u00e1n, confirm\u00f3 la regidora de Salud, Irma Villanueva Cort\u00e9s, quien manifest\u00f3 que se analizar\u00e1 como crece la curva epidemiol\u00f3gica y as\u00ed poder determinar si el confinamiento se puede levantar antes de la fecha prevista. Destac\u00f3 que el estado de Puebla se encuentra en la fase 3 de la contingencia por la pandemia del Covid-19, lo que significa que los contagios son comunitarios y est\u00e1n incrementando de forma considerable. Tan es as\u00ed que de acuerdo a la informaci\u00f3n federal, el municipio de Tehuac\u00e1n registra m\u00e1s de 60 casos positivos de coronavirus, motivo por el cual indic\u00f3 que no se puede regresar en este momento, ya que las condiciones en t\u00e9rminos de la contingencia est\u00e1n evolucionando de forma natural. De igual modo, entiende las inquietudes de los diferentes giros comerciales que piden reactivar la econom\u00eda de la ciudad, sin embargo, por el momento no se puede continuar con las ventas normales, por lo que depender\u00e1 tambi\u00e9n de la Direcci\u00f3n de Protecci\u00f3n Contra Riesgos Sanitarios (Depris) para fijar la fecha para reactivar los negocios. En estos momentos est\u00e1n analizando que medidas van a reforzar e insistir\u00e1n con los llamados para que la ciudadan\u00eda tome las medidas higi\u00e9nicas indicadas por parte de la Secretar\u00eda de Salud, sobre todo porque muchos de los ciudadanos han mostrado renuencia en acatar las indicaciones. De igual modo, Laura Virginia Gallegos S\u00e1nchez, s\u00edndico municipal, confirm\u00f3 la extensi\u00f3n de la contingencia, aunque espera que \u00e9sta se pueda levantar el 15 de junio, de acuerdo a lo que en su momento han anunciado las autoridades estatales. Una vez m\u00e1s, exhort\u00f3 a la ciudadan\u00eda para que las personas contin\u00faen acatando las indicaciones y se pueda aplanar la curva de contagios por Covid-19 en el menor tiempo posible. Publicaci\u00f3n Original: https:\/\/www.elsoldepuebla.com.mx\/local\/estado\/tehuacan-extiende-cuarentena-hasta-el-30-de-junio-covid-19-puebla-5296323.html<\/p>\n","protected":false},"author":1,"featured_media":12380,"comment_status":"closed","ping_status":"closed","sticky":false,"template":"","format":"standard","meta":{"_monsterinsights_skip_tracking":false,"_uf_show_specific_survey":0,"_uf_disable_surveys":false,"footnotes":""},"categories":[34],"tags":[],"class_list":["post-12376","post","type-post","status-publish","format-standard","has-post-thumbnail","hentry","category-puebla"],"yoast_head":"<!-- This site is optimized with the Yoast SEO plugin v27.5 - https:\/\/yoast.com\/product\/yoast-seo-wordpress\/ -->\n<title>Tehuac\u00e1n extiende cuarentena hasta el 30 de junio - Fer Abrajan<\/title>\n<meta name=\"robots\" content=\"index, follow, max-snippet:-1, max-image-preview:large, max-video-preview:-1\" \/>\n<link rel=\"canonical\" href=\"https:\/\/ferabrajan.com\/portal\/2020\/05\/29\/tehuacan-extiende-cuarentena-hasta-el-30-de-junio\/\" \/>\n<meta property=\"og:locale\" content=\"es_ES\" \/>\n<meta property=\"og:type\" content=\"article\" \/>\n<meta property=\"og:title\" content=\"Tehuac\u00e1n extiende cuarentena hasta el 30 de junio - Fer Abrajan\" \/>\n<meta property=\"og:description\" content=\"Tehuac\u00e1n, Pue.- La contingencia sanitaria se extender\u00e1 hasta el 30 de junio en el municipio de Tehuac\u00e1n, confirm\u00f3 la regidora de Salud, Irma Villanueva Cort\u00e9s, quien manifest\u00f3 que se analizar\u00e1 como crece la curva epidemiol\u00f3gica y as\u00ed poder determinar si el confinamiento se puede levantar antes de la fecha prevista. Destac\u00f3 que el estado de Puebla se encuentra en la fase 3 de la contingencia por la pandemia del Covid-19, lo que significa que los contagios son comunitarios y est\u00e1n incrementando de forma considerable. Tan es as\u00ed que de acuerdo a la informaci\u00f3n federal, el municipio de Tehuac\u00e1n registra m\u00e1s de 60 casos positivos de coronavirus, motivo por el cual indic\u00f3 que no se puede regresar en este momento, ya que las condiciones en t\u00e9rminos de la contingencia est\u00e1n evolucionando de forma natural. De igual modo, entiende las inquietudes de los diferentes giros comerciales que piden reactivar la econom\u00eda de la ciudad, sin embargo, por el momento no se puede continuar con las ventas normales, por lo que depender\u00e1 tambi\u00e9n de la Direcci\u00f3n de Protecci\u00f3n Contra Riesgos Sanitarios (Depris) para fijar la fecha para reactivar los negocios. En estos momentos est\u00e1n analizando que medidas van a reforzar e insistir\u00e1n con los llamados para que la ciudadan\u00eda tome las medidas higi\u00e9nicas indicadas por parte de la Secretar\u00eda de Salud, sobre todo porque muchos de los ciudadanos han mostrado renuencia en acatar las indicaciones. De igual modo, Laura Virginia Gallegos S\u00e1nchez, s\u00edndico municipal, confirm\u00f3 la extensi\u00f3n de la contingencia, aunque espera que \u00e9sta se pueda levantar el 15 de junio, de acuerdo a lo que en su momento han anunciado las autoridades estatales. Una vez m\u00e1s, exhort\u00f3 a la ciudadan\u00eda para que las personas contin\u00faen acatando las indicaciones y se pueda aplanar la curva de contagios por Covid-19 en el menor tiempo posible. Publicaci\u00f3n Original: https:\/\/www.elsoldepuebla.com.mx\/local\/estado\/tehuacan-extiende-cuarentena-hasta-el-30-de-junio-covid-19-puebla-5296323.html\" \/>\n<meta property=\"og:url\" content=\"https:\/\/ferabrajan.com\/portal\/2020\/05\/29\/tehuacan-extiende-cuarentena-hasta-el-30-de-junio\/\" \/>\n<meta property=\"og:site_name\" content=\"Fer Abrajan\" \/>\n<meta property=\"article:publisher\" content=\"https:\/\/www.facebook.com\/NoticiasconFerAbrajan\/\" \/>\n<meta property=\"article:published_time\" content=\"2020-05-29T23:32:56+00:00\" \/>\n<meta name=\"author\" content=\"admin\" \/>\n<meta name=\"twitter:card\" content=\"summary_large_image\" \/>\n<meta name=\"twitter:creator\" content=\"@ferabrajan1\" \/>\n<meta name=\"twitter:site\" content=\"@ferabrajan1\" \/>\n<meta name=\"twitter:label1\" content=\"Escrito por\" \/>\n\t<meta name=\"twitter:data1\" content=\"admin\" \/>\n\t<meta name=\"twitter:label2\" content=\"Tiempo de lectura\" \/>\n\t<meta name=\"twitter:data2\" content=\"2 minutos\" \/>\n<script type=\"application\/ld+json\" class=\"yoast-schema-graph\">{\"@context\":\"https:\\\/\\\/schema.org\",\"@graph\":[{\"@type\":\"Article\",\"@id\":\"https:\\\/\\\/ferabrajan.com\\\/portal\\\/2020\\\/05\\\/29\\\/tehuacan-extiende-cuarentena-hasta-el-30-de-junio\\\/#article\",\"isPartOf\":{\"@id\":\"https:\\\/\\\/ferabrajan.com\\\/portal\\\/2020\\\/05\\\/29\\\/tehuacan-extiende-cuarentena-hasta-el-30-de-junio\\\/\"},\"author\":{\"name\":\"admin\",\"@id\":\"https:\\\/\\\/ferabrajan.com\\\/portal\\\/#\\\/schema\\\/person\\\/f6113b3cb1e036d5c6a9505685b257ba\"},\"headline\":\"Tehuac\u00e1n extiende cuarentena hasta el 30 de junio\",\"datePublished\":\"2020-05-29T23:32:56+00:00\",\"mainEntityOfPage\":{\"@id\":\"https:\\\/\\\/ferabrajan.com\\\/portal\\\/2020\\\/05\\\/29\\\/tehuacan-extiende-cuarentena-hasta-el-30-de-junio\\\/\"},\"wordCount\":345,\"publisher\":{\"@id\":\"https:\\\/\\\/ferabrajan.com\\\/portal\\\/#organization\"},\"image\":{\"@id\":\"https:\\\/\\\/ferabrajan.com\\\/portal\\\/2020\\\/05\\\/29\\\/tehuacan-extiende-cuarentena-hasta-el-30-de-junio\\\/#primaryimage\"},\"thumbnailUrl\":\"\",\"articleSection\":[\"Puebla\"],\"inLanguage\":\"es\"},{\"@type\":\"WebPage\",\"@id\":\"https:\\\/\\\/ferabrajan.com\\\/portal\\\/2020\\\/05\\\/29\\\/tehuacan-extiende-cuarentena-hasta-el-30-de-junio\\\/\",\"url\":\"https:\\\/\\\/ferabrajan.com\\\/portal\\\/2020\\\/05\\\/29\\\/tehuacan-extiende-cuarentena-hasta-el-30-de-junio\\\/\",\"name\":\"Tehuac\u00e1n extiende cuarentena hasta el 30 de junio - Fer Abrajan\",\"isPartOf\":{\"@id\":\"https:\\\/\\\/ferabrajan.com\\\/portal\\\/#website\"},\"primaryImageOfPage\":{\"@id\":\"https:\\\/\\\/ferabrajan.com\\\/portal\\\/2020\\\/05\\\/29\\\/tehuacan-extiende-cuarentena-hasta-el-30-de-junio\\\/#primaryimage\"},\"image\":{\"@id\":\"https:\\\/\\\/ferabrajan.com\\\/portal\\\/2020\\\/05\\\/29\\\/tehuacan-extiende-cuarentena-hasta-el-30-de-junio\\\/#primaryimage\"},\"thumbnailUrl\":\"\",\"datePublished\":\"2020-05-29T23:32:56+00:00\",\"breadcrumb\":{\"@id\":\"https:\\\/\\\/ferabrajan.com\\\/portal\\\/2020\\\/05\\\/29\\\/tehuacan-extiende-cuarentena-hasta-el-30-de-junio\\\/#breadcrumb\"},\"inLanguage\":\"es\",\"potentialAction\":[{\"@type\":\"ReadAction\",\"target\":[\"https:\\\/\\\/ferabrajan.com\\\/portal\\\/2020\\\/05\\\/29\\\/tehuacan-extiende-cuarentena-hasta-el-30-de-junio\\\/\"]}]},{\"@type\":\"ImageObject\",\"inLanguage\":\"es\",\"@id\":\"https:\\\/\\\/ferabrajan.com\\\/portal\\\/2020\\\/05\\\/29\\\/tehuacan-extiende-cuarentena-hasta-el-30-de-junio\\\/#primaryimage\",\"url\":\"\",\"contentUrl\":\"\"},{\"@type\":\"BreadcrumbList\",\"@id\":\"https:\\\/\\\/ferabrajan.com\\\/portal\\\/2020\\\/05\\\/29\\\/tehuacan-extiende-cuarentena-hasta-el-30-de-junio\\\/#breadcrumb\",\"itemListElement\":[{\"@type\":\"ListItem\",\"position\":1,\"name\":\"Portada\",\"item\":\"https:\\\/\\\/ferabrajan.com\\\/portal\\\/\"},{\"@type\":\"ListItem\",\"position\":2,\"name\":\"Tehuac\u00e1n extiende cuarentena hasta el 30 de junio\"}]},{\"@type\":\"WebSite\",\"@id\":\"https:\\\/\\\/ferabrajan.com\\\/portal\\\/#website\",\"url\":\"https:\\\/\\\/ferabrajan.com\\\/portal\\\/\",\"name\":\"Fer Abrajan\",\"description\":\"Noticias de Puebla, opini\u00f3n y radio en vivo\",\"publisher\":{\"@id\":\"https:\\\/\\\/ferabrajan.com\\\/portal\\\/#organization\"},\"potentialAction\":[{\"@type\":\"SearchAction\",\"target\":{\"@type\":\"EntryPoint\",\"urlTemplate\":\"https:\\\/\\\/ferabrajan.com\\\/portal\\\/?s={search_term_string}\"},\"query-input\":{\"@type\":\"PropertyValueSpecification\",\"valueRequired\":true,\"valueName\":\"search_term_string\"}}],\"inLanguage\":\"es\"},{\"@type\":\"Organization\",\"@id\":\"https:\\\/\\\/ferabrajan.com\\\/portal\\\/#organization\",\"name\":\"Fer Abrajan\",\"url\":\"https:\\\/\\\/ferabrajan.com\\\/portal\\\/\",\"logo\":{\"@type\":\"ImageObject\",\"inLanguage\":\"es\",\"@id\":\"https:\\\/\\\/ferabrajan.com\\\/portal\\\/#\\\/schema\\\/logo\\\/image\\\/\",\"url\":\"https:\\\/\\\/ferabrajan.com\\\/portal\\\/wp-content\\\/uploads\\\/2024\\\/10\\\/cropped-logo.jpeg\",\"contentUrl\":\"https:\\\/\\\/ferabrajan.com\\\/portal\\\/wp-content\\\/uploads\\\/2024\\\/10\\\/cropped-logo.jpeg\",\"width\":500,\"height\":250,\"caption\":\"Fer Abrajan\"},\"image\":{\"@id\":\"https:\\\/\\\/ferabrajan.com\\\/portal\\\/#\\\/schema\\\/logo\\\/image\\\/\"},\"sameAs\":[\"https:\\\/\\\/www.facebook.com\\\/NoticiasconFerAbrajan\\\/\",\"https:\\\/\\\/x.com\\\/ferabrajan1\"]},{\"@type\":\"Person\",\"@id\":\"https:\\\/\\\/ferabrajan.com\\\/portal\\\/#\\\/schema\\\/person\\\/f6113b3cb1e036d5c6a9505685b257ba\",\"name\":\"admin\",\"image\":{\"@type\":\"ImageObject\",\"inLanguage\":\"es\",\"@id\":\"https:\\\/\\\/secure.gravatar.com\\\/avatar\\\/072baa72775aad53c748dfc5d3048578e01b6c087eef335459ebfa04344e2d18?s=96&d=mm&r=g\",\"url\":\"https:\\\/\\\/secure.gravatar.com\\\/avatar\\\/072baa72775aad53c748dfc5d3048578e01b6c087eef335459ebfa04344e2d18?s=96&d=mm&r=g\",\"contentUrl\":\"https:\\\/\\\/secure.gravatar.com\\\/avatar\\\/072baa72775aad53c748dfc5d3048578e01b6c087eef335459ebfa04344e2d18?s=96&d=mm&r=g\",\"caption\":\"admin\"},\"sameAs\":[\"https:\\\/\\\/ferabrajan.com\\\/portal\"],\"url\":\"https:\\\/\\\/ferabrajan.com\\\/portal\\\/author\\\/admin\\\/\"}]}<\/script>\n<!-- \/ Yoast SEO plugin. -->","yoast_head_json":{"title":"Tehuac\u00e1n extiende cuarentena hasta el 30 de junio - Fer Abrajan","robots":{"index":"index","follow":"follow","max-snippet":"max-snippet:-1","max-image-preview":"max-image-preview:large","max-video-preview":"max-video-preview:-1"},"canonical":"https:\/\/ferabrajan.com\/portal\/2020\/05\/29\/tehuacan-extiende-cuarentena-hasta-el-30-de-junio\/","og_locale":"es_ES","og_type":"article","og_title":"Tehuac\u00e1n extiende cuarentena hasta el 30 de junio - Fer Abrajan","og_description":"Tehuac\u00e1n, Pue.- La contingencia sanitaria se extender\u00e1 hasta el 30 de junio en el municipio de Tehuac\u00e1n, confirm\u00f3 la regidora de Salud, Irma Villanueva Cort\u00e9s, quien manifest\u00f3 que se analizar\u00e1 como crece la curva epidemiol\u00f3gica y as\u00ed poder determinar si el confinamiento se puede levantar antes de la fecha prevista. Destac\u00f3 que el estado de Puebla se encuentra en la fase 3 de la contingencia por la pandemia del Covid-19, lo que significa que los contagios son comunitarios y est\u00e1n incrementando de forma considerable. Tan es as\u00ed que de acuerdo a la informaci\u00f3n federal, el municipio de Tehuac\u00e1n registra m\u00e1s de 60 casos positivos de coronavirus, motivo por el cual indic\u00f3 que no se puede regresar en este momento, ya que las condiciones en t\u00e9rminos de la contingencia est\u00e1n evolucionando de forma natural. De igual modo, entiende las inquietudes de los diferentes giros comerciales que piden reactivar la econom\u00eda de la ciudad, sin embargo, por el momento no se puede continuar con las ventas normales, por lo que depender\u00e1 tambi\u00e9n de la Direcci\u00f3n de Protecci\u00f3n Contra Riesgos Sanitarios (Depris) para fijar la fecha para reactivar los negocios. En estos momentos est\u00e1n analizando que medidas van a reforzar e insistir\u00e1n con los llamados para que la ciudadan\u00eda tome las medidas higi\u00e9nicas indicadas por parte de la Secretar\u00eda de Salud, sobre todo porque muchos de los ciudadanos han mostrado renuencia en acatar las indicaciones. De igual modo, Laura Virginia Gallegos S\u00e1nchez, s\u00edndico municipal, confirm\u00f3 la extensi\u00f3n de la contingencia, aunque espera que \u00e9sta se pueda levantar el 15 de junio, de acuerdo a lo que en su momento han anunciado las autoridades estatales. Una vez m\u00e1s, exhort\u00f3 a la ciudadan\u00eda para que las personas contin\u00faen acatando las indicaciones y se pueda aplanar la curva de contagios por Covid-19 en el menor tiempo posible. Publicaci\u00f3n Original: https:\/\/www.elsoldepuebla.com.mx\/local\/estado\/tehuacan-extiende-cuarentena-hasta-el-30-de-junio-covid-19-puebla-5296323.html","og_url":"https:\/\/ferabrajan.com\/portal\/2020\/05\/29\/tehuacan-extiende-cuarentena-hasta-el-30-de-junio\/","og_site_name":"Fer Abrajan","article_publisher":"https:\/\/www.facebook.com\/NoticiasconFerAbrajan\/","article_published_time":"2020-05-29T23:32:56+00:00","author":"admin","twitter_card":"summary_large_image","twitter_creator":"@ferabrajan1","twitter_site":"@ferabrajan1","twitter_misc":{"Escrito por":"admin","Tiempo de lectura":"2 minutos"},"schema":{"@context":"https:\/\/schema.org","@graph":[{"@type":"Article","@id":"https:\/\/ferabrajan.com\/portal\/2020\/05\/29\/tehuacan-extiende-cuarentena-hasta-el-30-de-junio\/#article","isPartOf":{"@id":"https:\/\/ferabrajan.com\/portal\/2020\/05\/29\/tehuacan-extiende-cuarentena-hasta-el-30-de-junio\/"},"author":{"name":"admin","@id":"https:\/\/ferabrajan.com\/portal\/#\/schema\/person\/f6113b3cb1e036d5c6a9505685b257ba"},"headline":"Tehuac\u00e1n extiende cuarentena hasta el 30 de junio","datePublished":"2020-05-29T23:32:56+00:00","mainEntityOfPage":{"@id":"https:\/\/ferabrajan.com\/portal\/2020\/05\/29\/tehuacan-extiende-cuarentena-hasta-el-30-de-junio\/"},"wordCount":345,"publisher":{"@id":"https:\/\/ferabrajan.com\/portal\/#organization"},"image":{"@id":"https:\/\/ferabrajan.com\/portal\/2020\/05\/29\/tehuacan-extiende-cuarentena-hasta-el-30-de-junio\/#primaryimage"},"thumbnailUrl":"","articleSection":["Puebla"],"inLanguage":"es"},{"@type":"WebPage","@id":"https:\/\/ferabrajan.com\/portal\/2020\/05\/29\/tehuacan-extiende-cuarentena-hasta-el-30-de-junio\/","url":"https:\/\/ferabrajan.com\/portal\/2020\/05\/29\/tehuacan-extiende-cuarentena-hasta-el-30-de-junio\/","name":"Tehuac\u00e1n extiende cuarentena hasta el 30 de junio - Fer Abrajan","isPartOf":{"@id":"https:\/\/ferabrajan.com\/portal\/#website"},"primaryImageOfPage":{"@id":"https:\/\/ferabrajan.com\/portal\/2020\/05\/29\/tehuacan-extiende-cuarentena-hasta-el-30-de-junio\/#primaryimage"},"image":{"@id":"https:\/\/ferabrajan.com\/portal\/2020\/05\/29\/tehuacan-extiende-cuarentena-hasta-el-30-de-junio\/#primaryimage"},"thumbnailUrl":"","datePublished":"2020-05-29T23:32:56+00:00","breadcrumb":{"@id":"https:\/\/ferabrajan.com\/portal\/2020\/05\/29\/tehuacan-extiende-cuarentena-hasta-el-30-de-junio\/#breadcrumb"},"inLanguage":"es","potentialAction":[{"@type":"ReadAction","target":["https:\/\/ferabrajan.com\/portal\/2020\/05\/29\/tehuacan-extiende-cuarentena-hasta-el-30-de-junio\/"]}]},{"@type":"ImageObject","inLanguage":"es","@id":"https:\/\/ferabrajan.com\/portal\/2020\/05\/29\/tehuacan-extiende-cuarentena-hasta-el-30-de-junio\/#primaryimage","url":"","contentUrl":""},{"@type":"BreadcrumbList","@id":"https:\/\/ferabrajan.com\/portal\/2020\/05\/29\/tehuacan-extiende-cuarentena-hasta-el-30-de-junio\/#breadcrumb","itemListElement":[{"@type":"ListItem","position":1,"name":"Portada","item":"https:\/\/ferabrajan.com\/portal\/"},{"@type":"ListItem","position":2,"name":"Tehuac\u00e1n extiende cuarentena hasta el 30 de junio"}]},{"@type":"WebSite","@id":"https:\/\/ferabrajan.com\/portal\/#website","url":"https:\/\/ferabrajan.com\/portal\/","name":"Fer Abrajan","description":"Noticias de Puebla, opini\u00f3n y radio en vivo","publisher":{"@id":"https:\/\/ferabrajan.com\/portal\/#organization"},"potentialAction":[{"@type":"SearchAction","target":{"@type":"EntryPoint","urlTemplate":"https:\/\/ferabrajan.com\/portal\/?s={search_term_string}"},"query-input":{"@type":"PropertyValueSpecification","valueRequired":true,"valueName":"search_term_string"}}],"inLanguage":"es"},{"@type":"Organization","@id":"https:\/\/ferabrajan.com\/portal\/#organization","name":"Fer Abrajan","url":"https:\/\/ferabrajan.com\/portal\/","logo":{"@type":"ImageObject","inLanguage":"es","@id":"https:\/\/ferabrajan.com\/portal\/#\/schema\/logo\/image\/","url":"https:\/\/ferabrajan.com\/portal\/wp-content\/uploads\/2024\/10\/cropped-logo.jpeg","contentUrl":"https:\/\/ferabrajan.com\/portal\/wp-content\/uploads\/2024\/10\/cropped-logo.jpeg","width":500,"height":250,"caption":"Fer Abrajan"},"image":{"@id":"https:\/\/ferabrajan.com\/portal\/#\/schema\/logo\/image\/"},"sameAs":["https:\/\/www.facebook.com\/NoticiasconFerAbrajan\/","https:\/\/x.com\/ferabrajan1"]},{"@type":"Person","@id":"https:\/\/ferabrajan.com\/portal\/#\/schema\/person\/f6113b3cb1e036d5c6a9505685b257ba","name":"admin","image":{"@type":"ImageObject","inLanguage":"es","@id":"https:\/\/secure.gravatar.com\/avatar\/072baa72775aad53c748dfc5d3048578e01b6c087eef335459ebfa04344e2d18?s=96&d=mm&r=g","url":"https:\/\/secure.gravatar.com\/avatar\/072baa72775aad53c748dfc5d3048578e01b6c087eef335459ebfa04344e2d18?s=96&d=mm&r=g","contentUrl":"https:\/\/secure.gravatar.com\/avatar\/072baa72775aad53c748dfc5d3048578e01b6c087eef335459ebfa04344e2d18?s=96&d=mm&r=g","caption":"admin"},"sameAs":["https:\/\/ferabrajan.com\/portal"],"url":"https:\/\/ferabrajan.com\/portal\/author\/admin\/"}]}},"_links":{"self":[{"href":"https:\/\/ferabrajan.com\/portal\/wp-json\/wp\/v2\/posts\/12376","targetHints":{"allow":["GET"]}}],"collection":[{"href":"https:\/\/ferabrajan.com\/portal\/wp-json\/wp\/v2\/posts"}],"about":[{"href":"https:\/\/ferabrajan.com\/portal\/wp-json\/wp\/v2\/types\/post"}],"author":[{"embeddable":true,"href":"https:\/\/ferabrajan.com\/portal\/wp-json\/wp\/v2\/users\/1"}],"replies":[{"embeddable":true,"href":"https:\/\/ferabrajan.com\/portal\/wp-json\/wp\/v2\/comments?post=12376"}],"version-history":[{"count":0,"href":"https:\/\/ferabrajan.com\/portal\/wp-json\/wp\/v2\/posts\/12376\/revisions"}],"wp:attachment":[{"href":"https:\/\/ferabrajan.com\/portal\/wp-json\/wp\/v2\/media?parent=12376"}],"wp:term":[{"taxonomy":"category","embeddable":true,"href":"https:\/\/ferabrajan.com\/portal\/wp-json\/wp\/v2\/categories?post=12376"},{"taxonomy":"post_tag","embeddable":true,"href":"https:\/\/ferabrajan.com\/portal\/wp-json\/wp\/v2\/tags?post=12376"}],"curies":[{"name":"wp","href":"https:\/\/api.w.org\/{rel}","templated":true}]}}