{"id":12371,"date":"2020-05-29T23:57:15","date_gmt":"2020-05-29T23:57:15","guid":{"rendered":"https:\/\/www.elsoldepuebla.com.mx\/republica\/regresan-empleados-de-ford-a-trabajar-entre-extremas-medidas-de-higiene-5296452.html"},"modified":"2020-05-29T23:57:15","modified_gmt":"2020-05-29T23:57:15","slug":"regresan-empleados-de-ford-a-trabajar-entre-extremas-medidas-de-higiene","status":"publish","type":"post","link":"https:\/\/ferabrajan.com\/portal\/2020\/05\/29\/regresan-empleados-de-ford-a-trabajar-entre-extremas-medidas-de-higiene\/","title":{"rendered":"Regresan empleados de Ford a trabajar entre extremas medidas de higiene"},"content":{"rendered":"<div><img decoding=\"async\" src=\"https:\/\/www.elsoldehermosillo.com.mx\/local\/xjluat-280520-planta-ford-anny-penunuri-15.jpg\/ALTERNATES\/LANDSCAPE_1140\/280520-%20Planta%20Ford-%20Anny%20Pe%C3%B1u%C3%B1uri%20(15).JPG\" class=\"ff-og-image-inserted\"><\/div>\n<p>La planta Ford Hermosillo reactiv\u00f3 su producci\u00f3n bajo estrictos protocolos sanitarios, pero solamente en un solamente en un turno para evitar aglomeracionesetario general del Sindicato Progresista de Ford Motor Company Hermosillo.<\/p>\n<p>Tal como lo confirm\u00f3 la propia empresa con dos d\u00edas de anticipaci\u00f3n, este jueves volvi\u00f3 a la actividad el primer turno, tambi\u00e9n conocido como \u00abtripulaci\u00f3n A\u00bb, aunque no se revel\u00f3 la cantidad de trabajadores que son, de los 2 mil 500 sindicalizados que hay.<\/p>\n<p>Los protocolos de salud y seguridad contra Covid-19 fueron aprobados por las autoridades sanitarias y se les permiti\u00f3 el reinicio por formar parte de las tres industrias esenciales que se anexaron a las que no pararon, las cuales son automotriz, construcci\u00f3n y miner\u00eda.<\/p>\n<p>Entre los protocolos de sanidad est\u00e1 el lavado y desinfectado de las unidades de transporte del personal, repartir cubrebocas y antibacterial a los empleados al subirse a los camiones, as\u00ed como checar su temperatura.<\/p>\n<p>Al momento de abordar el transporte deber\u00e1n hacerlo hacia atr\u00e1s, es decir los primeros en subir deber\u00e1n sentarse en los \u00faltimos asientos y de manera cruzada para mantener la sana distancia, para que los \u00faltimos que tomen la unidad se queden enfrente.<\/p>\n<p>Una vez en la planta, se les desinfecta para evitar cualquier eventualidad, adem\u00e1s de que se les volver\u00e1 a tomar la temperatura y se les cambiar\u00e1 de cubrebocas dos veces durante el turno que est\u00e9n en operaciones.<\/p>\n<p>Otro lineamiento que ha causado un poco de revuelo entre el personal masculino, es que deben de afeitarse barba y bigote como medida contra el Covid-19.<\/p>\n<p>Publicaci\u00f3n Original: <a href=\"https:\/\/www.elsoldepuebla.com.mx\/republica\/regresan-empleados-de-ford-a-trabajar-entre-extremas-medidas-de-higiene-5296452.html\" target=\"_blank\" rel=\"noopener noreferrer\">https:\/\/www.elsoldepuebla.com.mx\/republica\/regresan-empleados-de-ford-a-trabajar-entre-extremas-medidas-de-higiene-5296452.html<\/a><\/p>\n","protected":false},"excerpt":{"rendered":"<p>La planta Ford Hermosillo reactiv\u00f3 su producci\u00f3n bajo estrictos protocolos sanitarios, pero solamente en un solamente en un turno para evitar aglomeracionesetario general del Sindicato Progresista de Ford Motor Company Hermosillo. Tal como lo confirm\u00f3 la propia empresa con dos d\u00edas de anticipaci\u00f3n, este jueves volvi\u00f3 a la actividad el primer turno, tambi\u00e9n conocido como \u00abtripulaci\u00f3n A\u00bb, aunque no se revel\u00f3 la cantidad de trabajadores que son, de los 2 mil 500 sindicalizados que hay. Los protocolos de salud y seguridad contra Covid-19 fueron aprobados por las autoridades sanitarias y se les permiti\u00f3 el reinicio por formar parte de las tres industrias esenciales que se anexaron a las que no pararon, las cuales son automotriz, construcci\u00f3n y miner\u00eda. Entre los protocolos de sanidad est\u00e1 el lavado y desinfectado de las unidades de transporte del personal, repartir cubrebocas y antibacterial a los empleados al subirse a los camiones, as\u00ed como checar su temperatura. Al momento de abordar el transporte deber\u00e1n hacerlo hacia atr\u00e1s, es decir los primeros en subir deber\u00e1n sentarse en los \u00faltimos asientos y de manera cruzada para mantener la sana distancia, para que los \u00faltimos que tomen la unidad se queden enfrente. Una vez en la planta, se les desinfecta para evitar cualquier eventualidad, adem\u00e1s de que se les volver\u00e1 a tomar la temperatura y se les cambiar\u00e1 de cubrebocas dos veces durante el turno que est\u00e9n en operaciones. Otro lineamiento que ha causado un poco de revuelo entre el personal masculino, es que deben de afeitarse barba y bigote como medida contra el Covid-19. Publicaci\u00f3n Original: https:\/\/www.elsoldepuebla.com.mx\/republica\/regresan-empleados-de-ford-a-trabajar-entre-extremas-medidas-de-higiene-5296452.html<\/p>\n","protected":false},"author":1,"featured_media":12375,"comment_status":"closed","ping_status":"closed","sticky":false,"template":"","format":"standard","meta":{"_monsterinsights_skip_tracking":false,"_uf_show_specific_survey":0,"_uf_disable_surveys":false,"footnotes":""},"categories":[34],"tags":[],"class_list":["post-12371","post","type-post","status-publish","format-standard","has-post-thumbnail","hentry","category-puebla"],"yoast_head":"<!-- This site is optimized with the Yoast SEO plugin v27.5 - https:\/\/yoast.com\/product\/yoast-seo-wordpress\/ -->\n<title>Regresan empleados de Ford a trabajar entre extremas medidas de higiene - Fer Abrajan<\/title>\n<meta name=\"robots\" content=\"index, follow, max-snippet:-1, max-image-preview:large, max-video-preview:-1\" \/>\n<link rel=\"canonical\" href=\"https:\/\/ferabrajan.com\/portal\/2020\/05\/29\/regresan-empleados-de-ford-a-trabajar-entre-extremas-medidas-de-higiene\/\" \/>\n<meta property=\"og:locale\" content=\"es_ES\" \/>\n<meta property=\"og:type\" content=\"article\" \/>\n<meta property=\"og:title\" content=\"Regresan empleados de Ford a trabajar entre extremas medidas de higiene - Fer Abrajan\" \/>\n<meta property=\"og:description\" content=\"La planta Ford Hermosillo reactiv\u00f3 su producci\u00f3n bajo estrictos protocolos sanitarios, pero solamente en un solamente en un turno para evitar aglomeracionesetario general del Sindicato Progresista de Ford Motor Company Hermosillo. Tal como lo confirm\u00f3 la propia empresa con dos d\u00edas de anticipaci\u00f3n, este jueves volvi\u00f3 a la actividad el primer turno, tambi\u00e9n conocido como \u00abtripulaci\u00f3n A\u00bb, aunque no se revel\u00f3 la cantidad de trabajadores que son, de los 2 mil 500 sindicalizados que hay. Los protocolos de salud y seguridad contra Covid-19 fueron aprobados por las autoridades sanitarias y se les permiti\u00f3 el reinicio por formar parte de las tres industrias esenciales que se anexaron a las que no pararon, las cuales son automotriz, construcci\u00f3n y miner\u00eda. Entre los protocolos de sanidad est\u00e1 el lavado y desinfectado de las unidades de transporte del personal, repartir cubrebocas y antibacterial a los empleados al subirse a los camiones, as\u00ed como checar su temperatura. Al momento de abordar el transporte deber\u00e1n hacerlo hacia atr\u00e1s, es decir los primeros en subir deber\u00e1n sentarse en los \u00faltimos asientos y de manera cruzada para mantener la sana distancia, para que los \u00faltimos que tomen la unidad se queden enfrente. Una vez en la planta, se les desinfecta para evitar cualquier eventualidad, adem\u00e1s de que se les volver\u00e1 a tomar la temperatura y se les cambiar\u00e1 de cubrebocas dos veces durante el turno que est\u00e9n en operaciones. Otro lineamiento que ha causado un poco de revuelo entre el personal masculino, es que deben de afeitarse barba y bigote como medida contra el Covid-19. Publicaci\u00f3n Original: https:\/\/www.elsoldepuebla.com.mx\/republica\/regresan-empleados-de-ford-a-trabajar-entre-extremas-medidas-de-higiene-5296452.html\" \/>\n<meta property=\"og:url\" content=\"https:\/\/ferabrajan.com\/portal\/2020\/05\/29\/regresan-empleados-de-ford-a-trabajar-entre-extremas-medidas-de-higiene\/\" \/>\n<meta property=\"og:site_name\" content=\"Fer Abrajan\" \/>\n<meta property=\"article:publisher\" content=\"https:\/\/www.facebook.com\/NoticiasconFerAbrajan\/\" \/>\n<meta property=\"article:published_time\" content=\"2020-05-29T23:57:15+00:00\" \/>\n<meta name=\"author\" content=\"admin\" \/>\n<meta name=\"twitter:card\" content=\"summary_large_image\" \/>\n<meta name=\"twitter:creator\" content=\"@ferabrajan1\" \/>\n<meta name=\"twitter:site\" content=\"@ferabrajan1\" \/>\n<meta name=\"twitter:label1\" content=\"Escrito por\" \/>\n\t<meta name=\"twitter:data1\" content=\"admin\" \/>\n\t<meta name=\"twitter:label2\" content=\"Tiempo de lectura\" \/>\n\t<meta name=\"twitter:data2\" content=\"1 minuto\" \/>\n<script type=\"application\/ld+json\" class=\"yoast-schema-graph\">{\"@context\":\"https:\\\/\\\/schema.org\",\"@graph\":[{\"@type\":\"Article\",\"@id\":\"https:\\\/\\\/ferabrajan.com\\\/portal\\\/2020\\\/05\\\/29\\\/regresan-empleados-de-ford-a-trabajar-entre-extremas-medidas-de-higiene\\\/#article\",\"isPartOf\":{\"@id\":\"https:\\\/\\\/ferabrajan.com\\\/portal\\\/2020\\\/05\\\/29\\\/regresan-empleados-de-ford-a-trabajar-entre-extremas-medidas-de-higiene\\\/\"},\"author\":{\"name\":\"admin\",\"@id\":\"https:\\\/\\\/ferabrajan.com\\\/portal\\\/#\\\/schema\\\/person\\\/f6113b3cb1e036d5c6a9505685b257ba\"},\"headline\":\"Regresan empleados de Ford a trabajar entre extremas medidas de higiene\",\"datePublished\":\"2020-05-29T23:57:15+00:00\",\"mainEntityOfPage\":{\"@id\":\"https:\\\/\\\/ferabrajan.com\\\/portal\\\/2020\\\/05\\\/29\\\/regresan-empleados-de-ford-a-trabajar-entre-extremas-medidas-de-higiene\\\/\"},\"wordCount\":289,\"publisher\":{\"@id\":\"https:\\\/\\\/ferabrajan.com\\\/portal\\\/#organization\"},\"image\":{\"@id\":\"https:\\\/\\\/ferabrajan.com\\\/portal\\\/2020\\\/05\\\/29\\\/regresan-empleados-de-ford-a-trabajar-entre-extremas-medidas-de-higiene\\\/#primaryimage\"},\"thumbnailUrl\":\"\",\"articleSection\":[\"Puebla\"],\"inLanguage\":\"es\"},{\"@type\":\"WebPage\",\"@id\":\"https:\\\/\\\/ferabrajan.com\\\/portal\\\/2020\\\/05\\\/29\\\/regresan-empleados-de-ford-a-trabajar-entre-extremas-medidas-de-higiene\\\/\",\"url\":\"https:\\\/\\\/ferabrajan.com\\\/portal\\\/2020\\\/05\\\/29\\\/regresan-empleados-de-ford-a-trabajar-entre-extremas-medidas-de-higiene\\\/\",\"name\":\"Regresan empleados de Ford a trabajar entre extremas medidas de higiene - Fer Abrajan\",\"isPartOf\":{\"@id\":\"https:\\\/\\\/ferabrajan.com\\\/portal\\\/#website\"},\"primaryImageOfPage\":{\"@id\":\"https:\\\/\\\/ferabrajan.com\\\/portal\\\/2020\\\/05\\\/29\\\/regresan-empleados-de-ford-a-trabajar-entre-extremas-medidas-de-higiene\\\/#primaryimage\"},\"image\":{\"@id\":\"https:\\\/\\\/ferabrajan.com\\\/portal\\\/2020\\\/05\\\/29\\\/regresan-empleados-de-ford-a-trabajar-entre-extremas-medidas-de-higiene\\\/#primaryimage\"},\"thumbnailUrl\":\"\",\"datePublished\":\"2020-05-29T23:57:15+00:00\",\"breadcrumb\":{\"@id\":\"https:\\\/\\\/ferabrajan.com\\\/portal\\\/2020\\\/05\\\/29\\\/regresan-empleados-de-ford-a-trabajar-entre-extremas-medidas-de-higiene\\\/#breadcrumb\"},\"inLanguage\":\"es\",\"potentialAction\":[{\"@type\":\"ReadAction\",\"target\":[\"https:\\\/\\\/ferabrajan.com\\\/portal\\\/2020\\\/05\\\/29\\\/regresan-empleados-de-ford-a-trabajar-entre-extremas-medidas-de-higiene\\\/\"]}]},{\"@type\":\"ImageObject\",\"inLanguage\":\"es\",\"@id\":\"https:\\\/\\\/ferabrajan.com\\\/portal\\\/2020\\\/05\\\/29\\\/regresan-empleados-de-ford-a-trabajar-entre-extremas-medidas-de-higiene\\\/#primaryimage\",\"url\":\"\",\"contentUrl\":\"\"},{\"@type\":\"BreadcrumbList\",\"@id\":\"https:\\\/\\\/ferabrajan.com\\\/portal\\\/2020\\\/05\\\/29\\\/regresan-empleados-de-ford-a-trabajar-entre-extremas-medidas-de-higiene\\\/#breadcrumb\",\"itemListElement\":[{\"@type\":\"ListItem\",\"position\":1,\"name\":\"Portada\",\"item\":\"https:\\\/\\\/ferabrajan.com\\\/portal\\\/\"},{\"@type\":\"ListItem\",\"position\":2,\"name\":\"Regresan empleados de Ford a trabajar entre extremas medidas de higiene\"}]},{\"@type\":\"WebSite\",\"@id\":\"https:\\\/\\\/ferabrajan.com\\\/portal\\\/#website\",\"url\":\"https:\\\/\\\/ferabrajan.com\\\/portal\\\/\",\"name\":\"Fer Abrajan\",\"description\":\"Noticias de Puebla, opini\u00f3n y radio en vivo\",\"publisher\":{\"@id\":\"https:\\\/\\\/ferabrajan.com\\\/portal\\\/#organization\"},\"potentialAction\":[{\"@type\":\"SearchAction\",\"target\":{\"@type\":\"EntryPoint\",\"urlTemplate\":\"https:\\\/\\\/ferabrajan.com\\\/portal\\\/?s={search_term_string}\"},\"query-input\":{\"@type\":\"PropertyValueSpecification\",\"valueRequired\":true,\"valueName\":\"search_term_string\"}}],\"inLanguage\":\"es\"},{\"@type\":\"Organization\",\"@id\":\"https:\\\/\\\/ferabrajan.com\\\/portal\\\/#organization\",\"name\":\"Fer Abrajan\",\"url\":\"https:\\\/\\\/ferabrajan.com\\\/portal\\\/\",\"logo\":{\"@type\":\"ImageObject\",\"inLanguage\":\"es\",\"@id\":\"https:\\\/\\\/ferabrajan.com\\\/portal\\\/#\\\/schema\\\/logo\\\/image\\\/\",\"url\":\"https:\\\/\\\/ferabrajan.com\\\/portal\\\/wp-content\\\/uploads\\\/2024\\\/10\\\/cropped-logo.jpeg\",\"contentUrl\":\"https:\\\/\\\/ferabrajan.com\\\/portal\\\/wp-content\\\/uploads\\\/2024\\\/10\\\/cropped-logo.jpeg\",\"width\":500,\"height\":250,\"caption\":\"Fer Abrajan\"},\"image\":{\"@id\":\"https:\\\/\\\/ferabrajan.com\\\/portal\\\/#\\\/schema\\\/logo\\\/image\\\/\"},\"sameAs\":[\"https:\\\/\\\/www.facebook.com\\\/NoticiasconFerAbrajan\\\/\",\"https:\\\/\\\/x.com\\\/ferabrajan1\"]},{\"@type\":\"Person\",\"@id\":\"https:\\\/\\\/ferabrajan.com\\\/portal\\\/#\\\/schema\\\/person\\\/f6113b3cb1e036d5c6a9505685b257ba\",\"name\":\"admin\",\"image\":{\"@type\":\"ImageObject\",\"inLanguage\":\"es\",\"@id\":\"https:\\\/\\\/secure.gravatar.com\\\/avatar\\\/072baa72775aad53c748dfc5d3048578e01b6c087eef335459ebfa04344e2d18?s=96&d=mm&r=g\",\"url\":\"https:\\\/\\\/secure.gravatar.com\\\/avatar\\\/072baa72775aad53c748dfc5d3048578e01b6c087eef335459ebfa04344e2d18?s=96&d=mm&r=g\",\"contentUrl\":\"https:\\\/\\\/secure.gravatar.com\\\/avatar\\\/072baa72775aad53c748dfc5d3048578e01b6c087eef335459ebfa04344e2d18?s=96&d=mm&r=g\",\"caption\":\"admin\"},\"sameAs\":[\"https:\\\/\\\/ferabrajan.com\\\/portal\"],\"url\":\"https:\\\/\\\/ferabrajan.com\\\/portal\\\/author\\\/admin\\\/\"}]}<\/script>\n<!-- \/ Yoast SEO plugin. -->","yoast_head_json":{"title":"Regresan empleados de Ford a trabajar entre extremas medidas de higiene - Fer Abrajan","robots":{"index":"index","follow":"follow","max-snippet":"max-snippet:-1","max-image-preview":"max-image-preview:large","max-video-preview":"max-video-preview:-1"},"canonical":"https:\/\/ferabrajan.com\/portal\/2020\/05\/29\/regresan-empleados-de-ford-a-trabajar-entre-extremas-medidas-de-higiene\/","og_locale":"es_ES","og_type":"article","og_title":"Regresan empleados de Ford a trabajar entre extremas medidas de higiene - Fer Abrajan","og_description":"La planta Ford Hermosillo reactiv\u00f3 su producci\u00f3n bajo estrictos protocolos sanitarios, pero solamente en un solamente en un turno para evitar aglomeracionesetario general del Sindicato Progresista de Ford Motor Company Hermosillo. Tal como lo confirm\u00f3 la propia empresa con dos d\u00edas de anticipaci\u00f3n, este jueves volvi\u00f3 a la actividad el primer turno, tambi\u00e9n conocido como \u00abtripulaci\u00f3n A\u00bb, aunque no se revel\u00f3 la cantidad de trabajadores que son, de los 2 mil 500 sindicalizados que hay. Los protocolos de salud y seguridad contra Covid-19 fueron aprobados por las autoridades sanitarias y se les permiti\u00f3 el reinicio por formar parte de las tres industrias esenciales que se anexaron a las que no pararon, las cuales son automotriz, construcci\u00f3n y miner\u00eda. Entre los protocolos de sanidad est\u00e1 el lavado y desinfectado de las unidades de transporte del personal, repartir cubrebocas y antibacterial a los empleados al subirse a los camiones, as\u00ed como checar su temperatura. Al momento de abordar el transporte deber\u00e1n hacerlo hacia atr\u00e1s, es decir los primeros en subir deber\u00e1n sentarse en los \u00faltimos asientos y de manera cruzada para mantener la sana distancia, para que los \u00faltimos que tomen la unidad se queden enfrente. Una vez en la planta, se les desinfecta para evitar cualquier eventualidad, adem\u00e1s de que se les volver\u00e1 a tomar la temperatura y se les cambiar\u00e1 de cubrebocas dos veces durante el turno que est\u00e9n en operaciones. Otro lineamiento que ha causado un poco de revuelo entre el personal masculino, es que deben de afeitarse barba y bigote como medida contra el Covid-19. Publicaci\u00f3n Original: https:\/\/www.elsoldepuebla.com.mx\/republica\/regresan-empleados-de-ford-a-trabajar-entre-extremas-medidas-de-higiene-5296452.html","og_url":"https:\/\/ferabrajan.com\/portal\/2020\/05\/29\/regresan-empleados-de-ford-a-trabajar-entre-extremas-medidas-de-higiene\/","og_site_name":"Fer Abrajan","article_publisher":"https:\/\/www.facebook.com\/NoticiasconFerAbrajan\/","article_published_time":"2020-05-29T23:57:15+00:00","author":"admin","twitter_card":"summary_large_image","twitter_creator":"@ferabrajan1","twitter_site":"@ferabrajan1","twitter_misc":{"Escrito por":"admin","Tiempo de lectura":"1 minuto"},"schema":{"@context":"https:\/\/schema.org","@graph":[{"@type":"Article","@id":"https:\/\/ferabrajan.com\/portal\/2020\/05\/29\/regresan-empleados-de-ford-a-trabajar-entre-extremas-medidas-de-higiene\/#article","isPartOf":{"@id":"https:\/\/ferabrajan.com\/portal\/2020\/05\/29\/regresan-empleados-de-ford-a-trabajar-entre-extremas-medidas-de-higiene\/"},"author":{"name":"admin","@id":"https:\/\/ferabrajan.com\/portal\/#\/schema\/person\/f6113b3cb1e036d5c6a9505685b257ba"},"headline":"Regresan empleados de Ford a trabajar entre extremas medidas de higiene","datePublished":"2020-05-29T23:57:15+00:00","mainEntityOfPage":{"@id":"https:\/\/ferabrajan.com\/portal\/2020\/05\/29\/regresan-empleados-de-ford-a-trabajar-entre-extremas-medidas-de-higiene\/"},"wordCount":289,"publisher":{"@id":"https:\/\/ferabrajan.com\/portal\/#organization"},"image":{"@id":"https:\/\/ferabrajan.com\/portal\/2020\/05\/29\/regresan-empleados-de-ford-a-trabajar-entre-extremas-medidas-de-higiene\/#primaryimage"},"thumbnailUrl":"","articleSection":["Puebla"],"inLanguage":"es"},{"@type":"WebPage","@id":"https:\/\/ferabrajan.com\/portal\/2020\/05\/29\/regresan-empleados-de-ford-a-trabajar-entre-extremas-medidas-de-higiene\/","url":"https:\/\/ferabrajan.com\/portal\/2020\/05\/29\/regresan-empleados-de-ford-a-trabajar-entre-extremas-medidas-de-higiene\/","name":"Regresan empleados de Ford a trabajar entre extremas medidas de higiene - Fer Abrajan","isPartOf":{"@id":"https:\/\/ferabrajan.com\/portal\/#website"},"primaryImageOfPage":{"@id":"https:\/\/ferabrajan.com\/portal\/2020\/05\/29\/regresan-empleados-de-ford-a-trabajar-entre-extremas-medidas-de-higiene\/#primaryimage"},"image":{"@id":"https:\/\/ferabrajan.com\/portal\/2020\/05\/29\/regresan-empleados-de-ford-a-trabajar-entre-extremas-medidas-de-higiene\/#primaryimage"},"thumbnailUrl":"","datePublished":"2020-05-29T23:57:15+00:00","breadcrumb":{"@id":"https:\/\/ferabrajan.com\/portal\/2020\/05\/29\/regresan-empleados-de-ford-a-trabajar-entre-extremas-medidas-de-higiene\/#breadcrumb"},"inLanguage":"es","potentialAction":[{"@type":"ReadAction","target":["https:\/\/ferabrajan.com\/portal\/2020\/05\/29\/regresan-empleados-de-ford-a-trabajar-entre-extremas-medidas-de-higiene\/"]}]},{"@type":"ImageObject","inLanguage":"es","@id":"https:\/\/ferabrajan.com\/portal\/2020\/05\/29\/regresan-empleados-de-ford-a-trabajar-entre-extremas-medidas-de-higiene\/#primaryimage","url":"","contentUrl":""},{"@type":"BreadcrumbList","@id":"https:\/\/ferabrajan.com\/portal\/2020\/05\/29\/regresan-empleados-de-ford-a-trabajar-entre-extremas-medidas-de-higiene\/#breadcrumb","itemListElement":[{"@type":"ListItem","position":1,"name":"Portada","item":"https:\/\/ferabrajan.com\/portal\/"},{"@type":"ListItem","position":2,"name":"Regresan empleados de Ford a trabajar entre extremas medidas de higiene"}]},{"@type":"WebSite","@id":"https:\/\/ferabrajan.com\/portal\/#website","url":"https:\/\/ferabrajan.com\/portal\/","name":"Fer Abrajan","description":"Noticias de Puebla, opini\u00f3n y radio en vivo","publisher":{"@id":"https:\/\/ferabrajan.com\/portal\/#organization"},"potentialAction":[{"@type":"SearchAction","target":{"@type":"EntryPoint","urlTemplate":"https:\/\/ferabrajan.com\/portal\/?s={search_term_string}"},"query-input":{"@type":"PropertyValueSpecification","valueRequired":true,"valueName":"search_term_string"}}],"inLanguage":"es"},{"@type":"Organization","@id":"https:\/\/ferabrajan.com\/portal\/#organization","name":"Fer Abrajan","url":"https:\/\/ferabrajan.com\/portal\/","logo":{"@type":"ImageObject","inLanguage":"es","@id":"https:\/\/ferabrajan.com\/portal\/#\/schema\/logo\/image\/","url":"https:\/\/ferabrajan.com\/portal\/wp-content\/uploads\/2024\/10\/cropped-logo.jpeg","contentUrl":"https:\/\/ferabrajan.com\/portal\/wp-content\/uploads\/2024\/10\/cropped-logo.jpeg","width":500,"height":250,"caption":"Fer Abrajan"},"image":{"@id":"https:\/\/ferabrajan.com\/portal\/#\/schema\/logo\/image\/"},"sameAs":["https:\/\/www.facebook.com\/NoticiasconFerAbrajan\/","https:\/\/x.com\/ferabrajan1"]},{"@type":"Person","@id":"https:\/\/ferabrajan.com\/portal\/#\/schema\/person\/f6113b3cb1e036d5c6a9505685b257ba","name":"admin","image":{"@type":"ImageObject","inLanguage":"es","@id":"https:\/\/secure.gravatar.com\/avatar\/072baa72775aad53c748dfc5d3048578e01b6c087eef335459ebfa04344e2d18?s=96&d=mm&r=g","url":"https:\/\/secure.gravatar.com\/avatar\/072baa72775aad53c748dfc5d3048578e01b6c087eef335459ebfa04344e2d18?s=96&d=mm&r=g","contentUrl":"https:\/\/secure.gravatar.com\/avatar\/072baa72775aad53c748dfc5d3048578e01b6c087eef335459ebfa04344e2d18?s=96&d=mm&r=g","caption":"admin"},"sameAs":["https:\/\/ferabrajan.com\/portal"],"url":"https:\/\/ferabrajan.com\/portal\/author\/admin\/"}]}},"_links":{"self":[{"href":"https:\/\/ferabrajan.com\/portal\/wp-json\/wp\/v2\/posts\/12371","targetHints":{"allow":["GET"]}}],"collection":[{"href":"https:\/\/ferabrajan.com\/portal\/wp-json\/wp\/v2\/posts"}],"about":[{"href":"https:\/\/ferabrajan.com\/portal\/wp-json\/wp\/v2\/types\/post"}],"author":[{"embeddable":true,"href":"https:\/\/ferabrajan.com\/portal\/wp-json\/wp\/v2\/users\/1"}],"replies":[{"embeddable":true,"href":"https:\/\/ferabrajan.com\/portal\/wp-json\/wp\/v2\/comments?post=12371"}],"version-history":[{"count":0,"href":"https:\/\/ferabrajan.com\/portal\/wp-json\/wp\/v2\/posts\/12371\/revisions"}],"wp:attachment":[{"href":"https:\/\/ferabrajan.com\/portal\/wp-json\/wp\/v2\/media?parent=12371"}],"wp:term":[{"taxonomy":"category","embeddable":true,"href":"https:\/\/ferabrajan.com\/portal\/wp-json\/wp\/v2\/categories?post=12371"},{"taxonomy":"post_tag","embeddable":true,"href":"https:\/\/ferabrajan.com\/portal\/wp-json\/wp\/v2\/tags?post=12371"}],"curies":[{"name":"wp","href":"https:\/\/api.w.org\/{rel}","templated":true}]}}