{"id":12366,"date":"2020-05-30T00:15:18","date_gmt":"2020-05-30T00:15:18","guid":{"rendered":"https:\/\/www.elsoldepuebla.com.mx\/local\/estado\/fotos-la-china-atlixquence-y-el-charro-de-a-pie-adornan-unas-escalinatas-florece-arte-en-atlixco-escaleras-anchas-5296568.html"},"modified":"2020-05-30T00:15:18","modified_gmt":"2020-05-30T00:15:18","slug":"fotos-la-china-atlixquence-y-el-charro-de-a-pie-adornan-unas-escalinatas","status":"publish","type":"post","link":"https:\/\/ferabrajan.com\/portal\/2020\/05\/30\/fotos-la-china-atlixquence-y-el-charro-de-a-pie-adornan-unas-escalinatas\/","title":{"rendered":"[Fotos] La China Atlixquence y el Charro de a Pie adornan unas escalinatas"},"content":{"rendered":"<div><img decoding=\"async\" src=\"https:\/\/www.elsoldepuebla.com.mx\/local\/estado\/dit3gk-arte_atlixco.jpg\/ALTERNATES\/LANDSCAPE_1140\/arte_atlixco.jpg\" class=\"ff-og-image-inserted\"><\/div>\n<p>En plena pandemia de Covid 19, y en medio del estr\u00e9s por los n\u00fameros de muertos e infectados, en Atlixco comienzan a florecer expresiones art\u00edsticas \u201ccapaces de llevar la imaginaci\u00f3n hacia otro lado y derivar en un encanto por los colores, los trazos y figuras cuyo prop\u00f3sito es reflejar la cultura y los tiempos de desgracia\u201d.<\/p>\n<p><strong>As\u00ed lo dijo Miguel Caltenco, uno de los artistas involucrados, en la decoraci\u00f3n de diversos puntos de la ciudad. En menos de una semana, un \u00e1ngulo del pante\u00f3n municipal y las emblem\u00e1ticas escaleras anchas quedaron convertidos en un nuevo escenario para la cultura y las expresiones art\u00edsticas en la ciudad amurallada por pinturas en paredes reflejando historia.<\/strong><\/p>\n<p><strong>GIGANTES<\/strong><\/p>\n<p>En un lugar emblem\u00e1tico, las escaleras anchas, quedar\u00e1n plasmados dos gigantes: la China Atlixquence y el Charro de a Pie, emblem\u00e1tica representaci\u00f3n del Atlixc\u00e1yotl.<\/p>\n<p>Son los muralistas Juan Manuel y Miguel Caltenco, Ana Violeta Flores y Natalia Mart\u00ednez, del Colectivo Tlacuilo, los encargados de delinearlos. \u201cEs en el marco del 55 aniversario de haberse presentado ah\u00ed mismo, en esas escaleras, el primer Atlixc\u00e1yotl\u201d, confes\u00f3 la Regidora de Cultura, Julieta Camacho.<\/p>\n<p>Seg\u00fan los artistas, la obra, hecha con esmalte acr\u00edlico, quedar\u00e1 terminada en los primeros d\u00edas del mes de junio. Caltenco, autor de los murales en el patio de Palacio Municipal, se\u00f1al\u00f3 la trascendencia del trabajo: \u201cMucha gente ya fue afectada por el coronavirus, y de alguna manera queremos ayudar a los atlixquences a recuperarse econ\u00f3micamente con la visita de turistas\u201d.<\/p>\n<p><strong>EL BICHO<\/strong><\/p>\n<p>Est\u00e1s ah\u00ed, a la vista de todos. No es diminuto. Y es verde y ya qued\u00f3 sellado en un enorme mural en una de las bardas, con rastros de la idiosincrasia local, del pante\u00f3n de Atlixco.<\/p>\n<p>Miguel \u00c1ngel Caltenco es el asignado para esa tarea: \u201cqueremos dejar el mensaje del nuevo ritmo de vida cotidiana ya demandada por esa enfermedad entre los seres humanos. El miedo y la muerte logran asomarse\u201d. Todo estar\u00e1 listo a finales del pr\u00f3ximo mes de junio cuando aparentemente la pandemia comience a ir en picada.<\/p>\n<p> Publicaci\u00f3n Original: <a href=\"https:\/\/www.elsoldepuebla.com.mx\/local\/estado\/fotos-la-china-atlixquence-y-el-charro-de-a-pie-adornan-unas-escalinatas-florece-arte-en-atlixco-escaleras-anchas-5296568.html\" target=\"_blank\" rel=\"noopener noreferrer\">https:\/\/www.elsoldepuebla.com.mx\/local\/estado\/fotos-la-china-atlixquence-y-el-charro-de-a-pie-adornan-unas-escalinatas-florece-arte-en-atlixco-escaleras-anchas-5296568.html<\/a><\/p>\n","protected":false},"excerpt":{"rendered":"<p>En plena pandemia de Covid 19, y en medio del estr\u00e9s por los n\u00fameros de muertos e infectados, en Atlixco comienzan a florecer expresiones art\u00edsticas \u201ccapaces de llevar la imaginaci\u00f3n hacia otro lado y derivar en un encanto por los colores, los trazos y figuras cuyo prop\u00f3sito es reflejar la cultura y los tiempos de desgracia\u201d. As\u00ed lo dijo Miguel Caltenco, uno de los artistas involucrados, en la decoraci\u00f3n de diversos puntos de la ciudad. En menos de una semana, un \u00e1ngulo del pante\u00f3n municipal y las emblem\u00e1ticas escaleras anchas quedaron convertidos en un nuevo escenario para la cultura y las expresiones art\u00edsticas en la ciudad amurallada por pinturas en paredes reflejando historia. GIGANTES En un lugar emblem\u00e1tico, las escaleras anchas, quedar\u00e1n plasmados dos gigantes: la China Atlixquence y el Charro de a Pie, emblem\u00e1tica representaci\u00f3n del Atlixc\u00e1yotl. Son los muralistas Juan Manuel y Miguel Caltenco, Ana Violeta Flores y Natalia Mart\u00ednez, del Colectivo Tlacuilo, los encargados de delinearlos. \u201cEs en el marco del 55 aniversario de haberse presentado ah\u00ed mismo, en esas escaleras, el primer Atlixc\u00e1yotl\u201d, confes\u00f3 la Regidora de Cultura, Julieta Camacho. Seg\u00fan los artistas, la obra, hecha con esmalte acr\u00edlico, quedar\u00e1 terminada en los primeros d\u00edas del mes de junio. Caltenco, autor de los murales en el patio de Palacio Municipal, se\u00f1al\u00f3 la trascendencia del trabajo: \u201cMucha gente ya fue afectada por el coronavirus, y de alguna manera queremos ayudar a los atlixquences a recuperarse econ\u00f3micamente con la visita de turistas\u201d. EL BICHO Est\u00e1s ah\u00ed, a la vista de todos. No es diminuto. Y es verde y ya qued\u00f3 sellado en un enorme mural en una de las bardas, con rastros de la idiosincrasia local, del pante\u00f3n de Atlixco. Miguel \u00c1ngel Caltenco es el asignado para esa tarea: \u201cqueremos dejar el mensaje del nuevo ritmo de vida cotidiana ya demandada por esa enfermedad entre los seres humanos. El miedo y la muerte logran asomarse\u201d. Todo estar\u00e1 listo a finales del pr\u00f3ximo mes de junio cuando aparentemente la pandemia comience a ir en picada. Publicaci\u00f3n Original: https:\/\/www.elsoldepuebla.com.mx\/local\/estado\/fotos-la-china-atlixquence-y-el-charro-de-a-pie-adornan-unas-escalinatas-florece-arte-en-atlixco-escaleras-anchas-5296568.html<\/p>\n","protected":false},"author":1,"featured_media":12370,"comment_status":"closed","ping_status":"closed","sticky":false,"template":"","format":"standard","meta":{"_monsterinsights_skip_tracking":false,"_uf_show_specific_survey":0,"_uf_disable_surveys":false,"footnotes":""},"categories":[34],"tags":[],"class_list":["post-12366","post","type-post","status-publish","format-standard","has-post-thumbnail","hentry","category-puebla"],"yoast_head":"<!-- This site is optimized with the Yoast SEO plugin v27.5 - https:\/\/yoast.com\/product\/yoast-seo-wordpress\/ -->\n<title>[Fotos] La China Atlixquence y el Charro de a Pie adornan unas escalinatas - Fer Abrajan<\/title>\n<meta name=\"robots\" content=\"index, follow, max-snippet:-1, max-image-preview:large, max-video-preview:-1\" \/>\n<link rel=\"canonical\" href=\"https:\/\/ferabrajan.com\/portal\/2020\/05\/30\/fotos-la-china-atlixquence-y-el-charro-de-a-pie-adornan-unas-escalinatas\/\" \/>\n<meta property=\"og:locale\" content=\"es_ES\" \/>\n<meta property=\"og:type\" content=\"article\" \/>\n<meta property=\"og:title\" content=\"[Fotos] La China Atlixquence y el Charro de a Pie adornan unas escalinatas - Fer Abrajan\" \/>\n<meta property=\"og:description\" content=\"En plena pandemia de Covid 19, y en medio del estr\u00e9s por los n\u00fameros de muertos e infectados, en Atlixco comienzan a florecer expresiones art\u00edsticas \u201ccapaces de llevar la imaginaci\u00f3n hacia otro lado y derivar en un encanto por los colores, los trazos y figuras cuyo prop\u00f3sito es reflejar la cultura y los tiempos de desgracia\u201d. As\u00ed lo dijo Miguel Caltenco, uno de los artistas involucrados, en la decoraci\u00f3n de diversos puntos de la ciudad. En menos de una semana, un \u00e1ngulo del pante\u00f3n municipal y las emblem\u00e1ticas escaleras anchas quedaron convertidos en un nuevo escenario para la cultura y las expresiones art\u00edsticas en la ciudad amurallada por pinturas en paredes reflejando historia. GIGANTES En un lugar emblem\u00e1tico, las escaleras anchas, quedar\u00e1n plasmados dos gigantes: la China Atlixquence y el Charro de a Pie, emblem\u00e1tica representaci\u00f3n del Atlixc\u00e1yotl. Son los muralistas Juan Manuel y Miguel Caltenco, Ana Violeta Flores y Natalia Mart\u00ednez, del Colectivo Tlacuilo, los encargados de delinearlos. \u201cEs en el marco del 55 aniversario de haberse presentado ah\u00ed mismo, en esas escaleras, el primer Atlixc\u00e1yotl\u201d, confes\u00f3 la Regidora de Cultura, Julieta Camacho. Seg\u00fan los artistas, la obra, hecha con esmalte acr\u00edlico, quedar\u00e1 terminada en los primeros d\u00edas del mes de junio. Caltenco, autor de los murales en el patio de Palacio Municipal, se\u00f1al\u00f3 la trascendencia del trabajo: \u201cMucha gente ya fue afectada por el coronavirus, y de alguna manera queremos ayudar a los atlixquences a recuperarse econ\u00f3micamente con la visita de turistas\u201d. EL BICHO Est\u00e1s ah\u00ed, a la vista de todos. No es diminuto. Y es verde y ya qued\u00f3 sellado en un enorme mural en una de las bardas, con rastros de la idiosincrasia local, del pante\u00f3n de Atlixco. Miguel \u00c1ngel Caltenco es el asignado para esa tarea: \u201cqueremos dejar el mensaje del nuevo ritmo de vida cotidiana ya demandada por esa enfermedad entre los seres humanos. El miedo y la muerte logran asomarse\u201d. Todo estar\u00e1 listo a finales del pr\u00f3ximo mes de junio cuando aparentemente la pandemia comience a ir en picada. Publicaci\u00f3n Original: https:\/\/www.elsoldepuebla.com.mx\/local\/estado\/fotos-la-china-atlixquence-y-el-charro-de-a-pie-adornan-unas-escalinatas-florece-arte-en-atlixco-escaleras-anchas-5296568.html\" \/>\n<meta property=\"og:url\" content=\"https:\/\/ferabrajan.com\/portal\/2020\/05\/30\/fotos-la-china-atlixquence-y-el-charro-de-a-pie-adornan-unas-escalinatas\/\" \/>\n<meta property=\"og:site_name\" content=\"Fer Abrajan\" \/>\n<meta property=\"article:publisher\" content=\"https:\/\/www.facebook.com\/NoticiasconFerAbrajan\/\" \/>\n<meta property=\"article:published_time\" content=\"2020-05-30T00:15:18+00:00\" \/>\n<meta name=\"author\" content=\"admin\" \/>\n<meta name=\"twitter:card\" content=\"summary_large_image\" \/>\n<meta name=\"twitter:creator\" content=\"@ferabrajan1\" \/>\n<meta name=\"twitter:site\" content=\"@ferabrajan1\" \/>\n<meta name=\"twitter:label1\" content=\"Escrito por\" \/>\n\t<meta name=\"twitter:data1\" content=\"admin\" \/>\n\t<meta name=\"twitter:label2\" content=\"Tiempo de lectura\" \/>\n\t<meta name=\"twitter:data2\" content=\"2 minutos\" \/>\n<script type=\"application\/ld+json\" class=\"yoast-schema-graph\">{\"@context\":\"https:\\\/\\\/schema.org\",\"@graph\":[{\"@type\":\"Article\",\"@id\":\"https:\\\/\\\/ferabrajan.com\\\/portal\\\/2020\\\/05\\\/30\\\/fotos-la-china-atlixquence-y-el-charro-de-a-pie-adornan-unas-escalinatas\\\/#article\",\"isPartOf\":{\"@id\":\"https:\\\/\\\/ferabrajan.com\\\/portal\\\/2020\\\/05\\\/30\\\/fotos-la-china-atlixquence-y-el-charro-de-a-pie-adornan-unas-escalinatas\\\/\"},\"author\":{\"name\":\"admin\",\"@id\":\"https:\\\/\\\/ferabrajan.com\\\/portal\\\/#\\\/schema\\\/person\\\/f6113b3cb1e036d5c6a9505685b257ba\"},\"headline\":\"[Fotos] La China Atlixquence y el Charro de a Pie adornan unas escalinatas\",\"datePublished\":\"2020-05-30T00:15:18+00:00\",\"mainEntityOfPage\":{\"@id\":\"https:\\\/\\\/ferabrajan.com\\\/portal\\\/2020\\\/05\\\/30\\\/fotos-la-china-atlixquence-y-el-charro-de-a-pie-adornan-unas-escalinatas\\\/\"},\"wordCount\":383,\"publisher\":{\"@id\":\"https:\\\/\\\/ferabrajan.com\\\/portal\\\/#organization\"},\"image\":{\"@id\":\"https:\\\/\\\/ferabrajan.com\\\/portal\\\/2020\\\/05\\\/30\\\/fotos-la-china-atlixquence-y-el-charro-de-a-pie-adornan-unas-escalinatas\\\/#primaryimage\"},\"thumbnailUrl\":\"\",\"articleSection\":[\"Puebla\"],\"inLanguage\":\"es\"},{\"@type\":\"WebPage\",\"@id\":\"https:\\\/\\\/ferabrajan.com\\\/portal\\\/2020\\\/05\\\/30\\\/fotos-la-china-atlixquence-y-el-charro-de-a-pie-adornan-unas-escalinatas\\\/\",\"url\":\"https:\\\/\\\/ferabrajan.com\\\/portal\\\/2020\\\/05\\\/30\\\/fotos-la-china-atlixquence-y-el-charro-de-a-pie-adornan-unas-escalinatas\\\/\",\"name\":\"[Fotos] La China Atlixquence y el Charro de a Pie adornan unas escalinatas - Fer Abrajan\",\"isPartOf\":{\"@id\":\"https:\\\/\\\/ferabrajan.com\\\/portal\\\/#website\"},\"primaryImageOfPage\":{\"@id\":\"https:\\\/\\\/ferabrajan.com\\\/portal\\\/2020\\\/05\\\/30\\\/fotos-la-china-atlixquence-y-el-charro-de-a-pie-adornan-unas-escalinatas\\\/#primaryimage\"},\"image\":{\"@id\":\"https:\\\/\\\/ferabrajan.com\\\/portal\\\/2020\\\/05\\\/30\\\/fotos-la-china-atlixquence-y-el-charro-de-a-pie-adornan-unas-escalinatas\\\/#primaryimage\"},\"thumbnailUrl\":\"\",\"datePublished\":\"2020-05-30T00:15:18+00:00\",\"breadcrumb\":{\"@id\":\"https:\\\/\\\/ferabrajan.com\\\/portal\\\/2020\\\/05\\\/30\\\/fotos-la-china-atlixquence-y-el-charro-de-a-pie-adornan-unas-escalinatas\\\/#breadcrumb\"},\"inLanguage\":\"es\",\"potentialAction\":[{\"@type\":\"ReadAction\",\"target\":[\"https:\\\/\\\/ferabrajan.com\\\/portal\\\/2020\\\/05\\\/30\\\/fotos-la-china-atlixquence-y-el-charro-de-a-pie-adornan-unas-escalinatas\\\/\"]}]},{\"@type\":\"ImageObject\",\"inLanguage\":\"es\",\"@id\":\"https:\\\/\\\/ferabrajan.com\\\/portal\\\/2020\\\/05\\\/30\\\/fotos-la-china-atlixquence-y-el-charro-de-a-pie-adornan-unas-escalinatas\\\/#primaryimage\",\"url\":\"\",\"contentUrl\":\"\"},{\"@type\":\"BreadcrumbList\",\"@id\":\"https:\\\/\\\/ferabrajan.com\\\/portal\\\/2020\\\/05\\\/30\\\/fotos-la-china-atlixquence-y-el-charro-de-a-pie-adornan-unas-escalinatas\\\/#breadcrumb\",\"itemListElement\":[{\"@type\":\"ListItem\",\"position\":1,\"name\":\"Portada\",\"item\":\"https:\\\/\\\/ferabrajan.com\\\/portal\\\/\"},{\"@type\":\"ListItem\",\"position\":2,\"name\":\"[Fotos] La China Atlixquence y el Charro de a Pie adornan unas escalinatas\"}]},{\"@type\":\"WebSite\",\"@id\":\"https:\\\/\\\/ferabrajan.com\\\/portal\\\/#website\",\"url\":\"https:\\\/\\\/ferabrajan.com\\\/portal\\\/\",\"name\":\"Fer Abrajan\",\"description\":\"Noticias de Puebla, opini\u00f3n y radio en vivo\",\"publisher\":{\"@id\":\"https:\\\/\\\/ferabrajan.com\\\/portal\\\/#organization\"},\"potentialAction\":[{\"@type\":\"SearchAction\",\"target\":{\"@type\":\"EntryPoint\",\"urlTemplate\":\"https:\\\/\\\/ferabrajan.com\\\/portal\\\/?s={search_term_string}\"},\"query-input\":{\"@type\":\"PropertyValueSpecification\",\"valueRequired\":true,\"valueName\":\"search_term_string\"}}],\"inLanguage\":\"es\"},{\"@type\":\"Organization\",\"@id\":\"https:\\\/\\\/ferabrajan.com\\\/portal\\\/#organization\",\"name\":\"Fer Abrajan\",\"url\":\"https:\\\/\\\/ferabrajan.com\\\/portal\\\/\",\"logo\":{\"@type\":\"ImageObject\",\"inLanguage\":\"es\",\"@id\":\"https:\\\/\\\/ferabrajan.com\\\/portal\\\/#\\\/schema\\\/logo\\\/image\\\/\",\"url\":\"https:\\\/\\\/ferabrajan.com\\\/portal\\\/wp-content\\\/uploads\\\/2024\\\/10\\\/cropped-logo.jpeg\",\"contentUrl\":\"https:\\\/\\\/ferabrajan.com\\\/portal\\\/wp-content\\\/uploads\\\/2024\\\/10\\\/cropped-logo.jpeg\",\"width\":500,\"height\":250,\"caption\":\"Fer Abrajan\"},\"image\":{\"@id\":\"https:\\\/\\\/ferabrajan.com\\\/portal\\\/#\\\/schema\\\/logo\\\/image\\\/\"},\"sameAs\":[\"https:\\\/\\\/www.facebook.com\\\/NoticiasconFerAbrajan\\\/\",\"https:\\\/\\\/x.com\\\/ferabrajan1\"]},{\"@type\":\"Person\",\"@id\":\"https:\\\/\\\/ferabrajan.com\\\/portal\\\/#\\\/schema\\\/person\\\/f6113b3cb1e036d5c6a9505685b257ba\",\"name\":\"admin\",\"image\":{\"@type\":\"ImageObject\",\"inLanguage\":\"es\",\"@id\":\"https:\\\/\\\/secure.gravatar.com\\\/avatar\\\/072baa72775aad53c748dfc5d3048578e01b6c087eef335459ebfa04344e2d18?s=96&d=mm&r=g\",\"url\":\"https:\\\/\\\/secure.gravatar.com\\\/avatar\\\/072baa72775aad53c748dfc5d3048578e01b6c087eef335459ebfa04344e2d18?s=96&d=mm&r=g\",\"contentUrl\":\"https:\\\/\\\/secure.gravatar.com\\\/avatar\\\/072baa72775aad53c748dfc5d3048578e01b6c087eef335459ebfa04344e2d18?s=96&d=mm&r=g\",\"caption\":\"admin\"},\"sameAs\":[\"https:\\\/\\\/ferabrajan.com\\\/portal\"],\"url\":\"https:\\\/\\\/ferabrajan.com\\\/portal\\\/author\\\/admin\\\/\"}]}<\/script>\n<!-- \/ Yoast SEO plugin. -->","yoast_head_json":{"title":"[Fotos] La China Atlixquence y el Charro de a Pie adornan unas escalinatas - Fer Abrajan","robots":{"index":"index","follow":"follow","max-snippet":"max-snippet:-1","max-image-preview":"max-image-preview:large","max-video-preview":"max-video-preview:-1"},"canonical":"https:\/\/ferabrajan.com\/portal\/2020\/05\/30\/fotos-la-china-atlixquence-y-el-charro-de-a-pie-adornan-unas-escalinatas\/","og_locale":"es_ES","og_type":"article","og_title":"[Fotos] La China Atlixquence y el Charro de a Pie adornan unas escalinatas - Fer Abrajan","og_description":"En plena pandemia de Covid 19, y en medio del estr\u00e9s por los n\u00fameros de muertos e infectados, en Atlixco comienzan a florecer expresiones art\u00edsticas \u201ccapaces de llevar la imaginaci\u00f3n hacia otro lado y derivar en un encanto por los colores, los trazos y figuras cuyo prop\u00f3sito es reflejar la cultura y los tiempos de desgracia\u201d. As\u00ed lo dijo Miguel Caltenco, uno de los artistas involucrados, en la decoraci\u00f3n de diversos puntos de la ciudad. En menos de una semana, un \u00e1ngulo del pante\u00f3n municipal y las emblem\u00e1ticas escaleras anchas quedaron convertidos en un nuevo escenario para la cultura y las expresiones art\u00edsticas en la ciudad amurallada por pinturas en paredes reflejando historia. GIGANTES En un lugar emblem\u00e1tico, las escaleras anchas, quedar\u00e1n plasmados dos gigantes: la China Atlixquence y el Charro de a Pie, emblem\u00e1tica representaci\u00f3n del Atlixc\u00e1yotl. Son los muralistas Juan Manuel y Miguel Caltenco, Ana Violeta Flores y Natalia Mart\u00ednez, del Colectivo Tlacuilo, los encargados de delinearlos. \u201cEs en el marco del 55 aniversario de haberse presentado ah\u00ed mismo, en esas escaleras, el primer Atlixc\u00e1yotl\u201d, confes\u00f3 la Regidora de Cultura, Julieta Camacho. Seg\u00fan los artistas, la obra, hecha con esmalte acr\u00edlico, quedar\u00e1 terminada en los primeros d\u00edas del mes de junio. Caltenco, autor de los murales en el patio de Palacio Municipal, se\u00f1al\u00f3 la trascendencia del trabajo: \u201cMucha gente ya fue afectada por el coronavirus, y de alguna manera queremos ayudar a los atlixquences a recuperarse econ\u00f3micamente con la visita de turistas\u201d. EL BICHO Est\u00e1s ah\u00ed, a la vista de todos. No es diminuto. Y es verde y ya qued\u00f3 sellado en un enorme mural en una de las bardas, con rastros de la idiosincrasia local, del pante\u00f3n de Atlixco. Miguel \u00c1ngel Caltenco es el asignado para esa tarea: \u201cqueremos dejar el mensaje del nuevo ritmo de vida cotidiana ya demandada por esa enfermedad entre los seres humanos. El miedo y la muerte logran asomarse\u201d. Todo estar\u00e1 listo a finales del pr\u00f3ximo mes de junio cuando aparentemente la pandemia comience a ir en picada. Publicaci\u00f3n Original: https:\/\/www.elsoldepuebla.com.mx\/local\/estado\/fotos-la-china-atlixquence-y-el-charro-de-a-pie-adornan-unas-escalinatas-florece-arte-en-atlixco-escaleras-anchas-5296568.html","og_url":"https:\/\/ferabrajan.com\/portal\/2020\/05\/30\/fotos-la-china-atlixquence-y-el-charro-de-a-pie-adornan-unas-escalinatas\/","og_site_name":"Fer Abrajan","article_publisher":"https:\/\/www.facebook.com\/NoticiasconFerAbrajan\/","article_published_time":"2020-05-30T00:15:18+00:00","author":"admin","twitter_card":"summary_large_image","twitter_creator":"@ferabrajan1","twitter_site":"@ferabrajan1","twitter_misc":{"Escrito por":"admin","Tiempo de lectura":"2 minutos"},"schema":{"@context":"https:\/\/schema.org","@graph":[{"@type":"Article","@id":"https:\/\/ferabrajan.com\/portal\/2020\/05\/30\/fotos-la-china-atlixquence-y-el-charro-de-a-pie-adornan-unas-escalinatas\/#article","isPartOf":{"@id":"https:\/\/ferabrajan.com\/portal\/2020\/05\/30\/fotos-la-china-atlixquence-y-el-charro-de-a-pie-adornan-unas-escalinatas\/"},"author":{"name":"admin","@id":"https:\/\/ferabrajan.com\/portal\/#\/schema\/person\/f6113b3cb1e036d5c6a9505685b257ba"},"headline":"[Fotos] La China Atlixquence y el Charro de a Pie adornan unas escalinatas","datePublished":"2020-05-30T00:15:18+00:00","mainEntityOfPage":{"@id":"https:\/\/ferabrajan.com\/portal\/2020\/05\/30\/fotos-la-china-atlixquence-y-el-charro-de-a-pie-adornan-unas-escalinatas\/"},"wordCount":383,"publisher":{"@id":"https:\/\/ferabrajan.com\/portal\/#organization"},"image":{"@id":"https:\/\/ferabrajan.com\/portal\/2020\/05\/30\/fotos-la-china-atlixquence-y-el-charro-de-a-pie-adornan-unas-escalinatas\/#primaryimage"},"thumbnailUrl":"","articleSection":["Puebla"],"inLanguage":"es"},{"@type":"WebPage","@id":"https:\/\/ferabrajan.com\/portal\/2020\/05\/30\/fotos-la-china-atlixquence-y-el-charro-de-a-pie-adornan-unas-escalinatas\/","url":"https:\/\/ferabrajan.com\/portal\/2020\/05\/30\/fotos-la-china-atlixquence-y-el-charro-de-a-pie-adornan-unas-escalinatas\/","name":"[Fotos] La China Atlixquence y el Charro de a Pie adornan unas escalinatas - Fer Abrajan","isPartOf":{"@id":"https:\/\/ferabrajan.com\/portal\/#website"},"primaryImageOfPage":{"@id":"https:\/\/ferabrajan.com\/portal\/2020\/05\/30\/fotos-la-china-atlixquence-y-el-charro-de-a-pie-adornan-unas-escalinatas\/#primaryimage"},"image":{"@id":"https:\/\/ferabrajan.com\/portal\/2020\/05\/30\/fotos-la-china-atlixquence-y-el-charro-de-a-pie-adornan-unas-escalinatas\/#primaryimage"},"thumbnailUrl":"","datePublished":"2020-05-30T00:15:18+00:00","breadcrumb":{"@id":"https:\/\/ferabrajan.com\/portal\/2020\/05\/30\/fotos-la-china-atlixquence-y-el-charro-de-a-pie-adornan-unas-escalinatas\/#breadcrumb"},"inLanguage":"es","potentialAction":[{"@type":"ReadAction","target":["https:\/\/ferabrajan.com\/portal\/2020\/05\/30\/fotos-la-china-atlixquence-y-el-charro-de-a-pie-adornan-unas-escalinatas\/"]}]},{"@type":"ImageObject","inLanguage":"es","@id":"https:\/\/ferabrajan.com\/portal\/2020\/05\/30\/fotos-la-china-atlixquence-y-el-charro-de-a-pie-adornan-unas-escalinatas\/#primaryimage","url":"","contentUrl":""},{"@type":"BreadcrumbList","@id":"https:\/\/ferabrajan.com\/portal\/2020\/05\/30\/fotos-la-china-atlixquence-y-el-charro-de-a-pie-adornan-unas-escalinatas\/#breadcrumb","itemListElement":[{"@type":"ListItem","position":1,"name":"Portada","item":"https:\/\/ferabrajan.com\/portal\/"},{"@type":"ListItem","position":2,"name":"[Fotos] La China Atlixquence y el Charro de a Pie adornan unas escalinatas"}]},{"@type":"WebSite","@id":"https:\/\/ferabrajan.com\/portal\/#website","url":"https:\/\/ferabrajan.com\/portal\/","name":"Fer Abrajan","description":"Noticias de Puebla, opini\u00f3n y radio en vivo","publisher":{"@id":"https:\/\/ferabrajan.com\/portal\/#organization"},"potentialAction":[{"@type":"SearchAction","target":{"@type":"EntryPoint","urlTemplate":"https:\/\/ferabrajan.com\/portal\/?s={search_term_string}"},"query-input":{"@type":"PropertyValueSpecification","valueRequired":true,"valueName":"search_term_string"}}],"inLanguage":"es"},{"@type":"Organization","@id":"https:\/\/ferabrajan.com\/portal\/#organization","name":"Fer Abrajan","url":"https:\/\/ferabrajan.com\/portal\/","logo":{"@type":"ImageObject","inLanguage":"es","@id":"https:\/\/ferabrajan.com\/portal\/#\/schema\/logo\/image\/","url":"https:\/\/ferabrajan.com\/portal\/wp-content\/uploads\/2024\/10\/cropped-logo.jpeg","contentUrl":"https:\/\/ferabrajan.com\/portal\/wp-content\/uploads\/2024\/10\/cropped-logo.jpeg","width":500,"height":250,"caption":"Fer Abrajan"},"image":{"@id":"https:\/\/ferabrajan.com\/portal\/#\/schema\/logo\/image\/"},"sameAs":["https:\/\/www.facebook.com\/NoticiasconFerAbrajan\/","https:\/\/x.com\/ferabrajan1"]},{"@type":"Person","@id":"https:\/\/ferabrajan.com\/portal\/#\/schema\/person\/f6113b3cb1e036d5c6a9505685b257ba","name":"admin","image":{"@type":"ImageObject","inLanguage":"es","@id":"https:\/\/secure.gravatar.com\/avatar\/072baa72775aad53c748dfc5d3048578e01b6c087eef335459ebfa04344e2d18?s=96&d=mm&r=g","url":"https:\/\/secure.gravatar.com\/avatar\/072baa72775aad53c748dfc5d3048578e01b6c087eef335459ebfa04344e2d18?s=96&d=mm&r=g","contentUrl":"https:\/\/secure.gravatar.com\/avatar\/072baa72775aad53c748dfc5d3048578e01b6c087eef335459ebfa04344e2d18?s=96&d=mm&r=g","caption":"admin"},"sameAs":["https:\/\/ferabrajan.com\/portal"],"url":"https:\/\/ferabrajan.com\/portal\/author\/admin\/"}]}},"_links":{"self":[{"href":"https:\/\/ferabrajan.com\/portal\/wp-json\/wp\/v2\/posts\/12366","targetHints":{"allow":["GET"]}}],"collection":[{"href":"https:\/\/ferabrajan.com\/portal\/wp-json\/wp\/v2\/posts"}],"about":[{"href":"https:\/\/ferabrajan.com\/portal\/wp-json\/wp\/v2\/types\/post"}],"author":[{"embeddable":true,"href":"https:\/\/ferabrajan.com\/portal\/wp-json\/wp\/v2\/users\/1"}],"replies":[{"embeddable":true,"href":"https:\/\/ferabrajan.com\/portal\/wp-json\/wp\/v2\/comments?post=12366"}],"version-history":[{"count":0,"href":"https:\/\/ferabrajan.com\/portal\/wp-json\/wp\/v2\/posts\/12366\/revisions"}],"wp:attachment":[{"href":"https:\/\/ferabrajan.com\/portal\/wp-json\/wp\/v2\/media?parent=12366"}],"wp:term":[{"taxonomy":"category","embeddable":true,"href":"https:\/\/ferabrajan.com\/portal\/wp-json\/wp\/v2\/categories?post=12366"},{"taxonomy":"post_tag","embeddable":true,"href":"https:\/\/ferabrajan.com\/portal\/wp-json\/wp\/v2\/tags?post=12366"}],"curies":[{"name":"wp","href":"https:\/\/api.w.org\/{rel}","templated":true}]}}