{"id":12332,"date":"2020-05-29T18:53:00","date_gmt":"2020-05-29T18:53:00","guid":{"rendered":"http:\/\/www.ferabrajan.com\/?p=12332"},"modified":"2020-05-29T18:53:00","modified_gmt":"2020-05-29T18:53:00","slug":"biby-gaytan-arma-aventuras-de-cuarentena-con-sus-hijos","status":"publish","type":"post","link":"https:\/\/ferabrajan.com\/portal\/2020\/05\/29\/biby-gaytan-arma-aventuras-de-cuarentena-con-sus-hijos\/","title":{"rendered":"Biby Gayt\u00e1n arma &#034;Aventuras de cuarentena&#034; con sus hijos"},"content":{"rendered":"<p><a href=\"https:\/\/www.eluniversal.com.mx\/tag\/biby-gaytan\" target=\"_blank\" rel=\"noopener noreferrer\"><span><strong>Biby Gayt\u00e1n<\/strong><\/span><\/a> sorprendi\u00f3 a sus seguidores al mostrar la manera en que ha pasado el tiempo junto a sus hijos durante la <strong>cuarentena<\/strong>.<\/p>\n<p>A trav\u00e9s de su cuenta de <strong>Instagram<\/strong>, la actriz subi\u00f3 unas fotos y un video en donde se les ve viajando en una cuatrimoto e interpretando una canci\u00f3n a todo pulm\u00f3n.<\/p>\n<p>La publicaci\u00f3n lleva como descripci\u00f3n \u00abAventuras de la cuarentena\u00bb, lo que muestra que ha compartido tiempo junto a su familia.<\/p>\n<p><a href=\"https:\/\/www.eluniversal.com.mx\/espectaculos\/farandula\/christian-chavez-de-rbd-demanda-su-exnovio-por-extorsion\" target=\"_blank\" rel=\"noopener noreferrer\"><span><strong>Tambien lee:&nbsp;<\/strong>Christian Ch\u00e1vez demanda a su exnovio por extorsi\u00f3n<\/span><\/a><\/p>\n<blockquote class=\"instagram-media\" data-instgrm-captioned data-instgrm-permalink=\"https:\/\/www.instagram.com\/p\/CAqunftJOEO\/?utm_source=ig_embed&amp;utm_campaign=loading\" data-instgrm-version=\"12\"><\/blockquote>\n<p>Las reacciones de sus seguidores no se hicieron esperar y mostraron su admiraci\u00f3n a la int\u00e9rprete de No Me Importa debido a que consideran que ha logrado mantener su belleza a trav\u00e9s de los a\u00f1os.<\/p>\n<p>\u00abMe encanta esta mujer, y despu\u00e9s de tantos a\u00f1os y todos esos ni\u00f1os, est\u00e1 igualita\u00bb, \u00abQue hermosa mujer, y que chula familia\u00bb y \u00abTanta belleza en una solo foto y en un solo video\u00bb fueron algunos de los comentarios que le dejaron.<\/p>\n<p><a href=\"https:\/\/www.eluniversal.com.mx\/espectaculos\/carlos-ballarta-los-tres-videos-mas-populares\" target=\"_blank\" rel=\"noopener noreferrer\"><span><strong>Tambi\u00e9n lee<\/strong>:&nbsp;Los tres videos m\u00e1s populares de Carlos Ballarta&nbsp;<\/span><\/a><\/p>\n<p>Hace unos d\u00edas, Biby Gayt\u00e1n y sus hijas Ana Paula y Alejandra mostraron sus artes culinarios al ense\u00f1ar c\u00f3mo se preparan los muffins de pl\u00e1tano.<\/p>\n<p>[embedded content]<\/p>\n<p>al<\/p>\n<p>Publicaci\u00f3n Original: <a href=\"https:\/\/www.eluniversal.com.mx\/espectaculos\/farandula\/biby-gaytan-arma-aventuras-de-cuarentena-con-sus-hijos\" target=\"_blank\" rel=\"noopener noreferrer\">https:\/\/www.eluniversal.com.mx\/espectaculos\/farandula\/biby-gaytan-arma-aventuras-de-cuarentena-con-sus-hijos<\/a><\/p>\n","protected":false},"excerpt":{"rendered":"<p>Biby Gayt\u00e1n sorprendi\u00f3 a sus seguidores al mostrar la manera en que ha pasado el tiempo junto a sus hijos durante la cuarentena. A trav\u00e9s de su cuenta de Instagram, la actriz subi\u00f3 unas fotos y un video en donde se les ve viajando en una cuatrimoto e interpretando una canci\u00f3n a todo pulm\u00f3n. La publicaci\u00f3n lleva como descripci\u00f3n \u00abAventuras de la cuarentena\u00bb, lo que muestra que ha compartido tiempo junto a su familia. Tambien lee:&nbsp;Christian Ch\u00e1vez demanda a su exnovio por extorsi\u00f3n Las reacciones de sus seguidores no se hicieron esperar y mostraron su admiraci\u00f3n a la int\u00e9rprete de No Me Importa debido a que consideran que ha logrado mantener su belleza a trav\u00e9s de los a\u00f1os. \u00abMe encanta esta mujer, y despu\u00e9s de tantos a\u00f1os y todos esos ni\u00f1os, est\u00e1 igualita\u00bb, \u00abQue hermosa mujer, y que chula familia\u00bb y \u00abTanta belleza en una solo foto y en un solo video\u00bb fueron algunos de los comentarios que le dejaron. Tambi\u00e9n lee:&nbsp;Los tres videos m\u00e1s populares de Carlos Ballarta&nbsp; Hace unos d\u00edas, Biby Gayt\u00e1n y sus hijas Ana Paula y Alejandra mostraron sus artes culinarios al ense\u00f1ar c\u00f3mo se preparan los muffins de pl\u00e1tano. [embedded content] al Publicaci\u00f3n Original: https:\/\/www.eluniversal.com.mx\/espectaculos\/farandula\/biby-gaytan-arma-aventuras-de-cuarentena-con-sus-hijos<\/p>\n","protected":false},"author":1,"featured_media":0,"comment_status":"open","ping_status":"closed","sticky":false,"template":"","format":"standard","meta":{"_monsterinsights_skip_tracking":false,"_uf_show_specific_survey":0,"_uf_disable_surveys":false,"footnotes":""},"categories":[36],"tags":[],"class_list":["post-12332","post","type-post","status-publish","format-standard","hentry","category-el-mundo"],"yoast_head":"<!-- This site is optimized with the Yoast SEO plugin v27.5 - https:\/\/yoast.com\/product\/yoast-seo-wordpress\/ -->\n<title>Biby Gayt\u00e1n arma &#034;Aventuras de cuarentena&#034; con sus hijos - Fer Abrajan<\/title>\n<meta name=\"robots\" content=\"index, follow, max-snippet:-1, max-image-preview:large, max-video-preview:-1\" \/>\n<link rel=\"canonical\" href=\"https:\/\/ferabrajan.com\/portal\/2020\/05\/29\/biby-gaytan-arma-aventuras-de-cuarentena-con-sus-hijos\/\" \/>\n<meta property=\"og:locale\" content=\"es_ES\" \/>\n<meta property=\"og:type\" content=\"article\" \/>\n<meta property=\"og:title\" content=\"Biby Gayt\u00e1n arma &#034;Aventuras de cuarentena&#034; con sus hijos - Fer Abrajan\" \/>\n<meta property=\"og:description\" content=\"Biby Gayt\u00e1n sorprendi\u00f3 a sus seguidores al mostrar la manera en que ha pasado el tiempo junto a sus hijos durante la cuarentena. A trav\u00e9s de su cuenta de Instagram, la actriz subi\u00f3 unas fotos y un video en donde se les ve viajando en una cuatrimoto e interpretando una canci\u00f3n a todo pulm\u00f3n. La publicaci\u00f3n lleva como descripci\u00f3n \u00abAventuras de la cuarentena\u00bb, lo que muestra que ha compartido tiempo junto a su familia. Tambien lee:&nbsp;Christian Ch\u00e1vez demanda a su exnovio por extorsi\u00f3n Las reacciones de sus seguidores no se hicieron esperar y mostraron su admiraci\u00f3n a la int\u00e9rprete de No Me Importa debido a que consideran que ha logrado mantener su belleza a trav\u00e9s de los a\u00f1os. \u00abMe encanta esta mujer, y despu\u00e9s de tantos a\u00f1os y todos esos ni\u00f1os, est\u00e1 igualita\u00bb, \u00abQue hermosa mujer, y que chula familia\u00bb y \u00abTanta belleza en una solo foto y en un solo video\u00bb fueron algunos de los comentarios que le dejaron. Tambi\u00e9n lee:&nbsp;Los tres videos m\u00e1s populares de Carlos Ballarta&nbsp; Hace unos d\u00edas, Biby Gayt\u00e1n y sus hijas Ana Paula y Alejandra mostraron sus artes culinarios al ense\u00f1ar c\u00f3mo se preparan los muffins de pl\u00e1tano. [embedded content] al Publicaci\u00f3n Original: https:\/\/www.eluniversal.com.mx\/espectaculos\/farandula\/biby-gaytan-arma-aventuras-de-cuarentena-con-sus-hijos\" \/>\n<meta property=\"og:url\" content=\"https:\/\/ferabrajan.com\/portal\/2020\/05\/29\/biby-gaytan-arma-aventuras-de-cuarentena-con-sus-hijos\/\" \/>\n<meta property=\"og:site_name\" content=\"Fer Abrajan\" \/>\n<meta property=\"article:publisher\" content=\"https:\/\/www.facebook.com\/NoticiasconFerAbrajan\/\" \/>\n<meta property=\"article:published_time\" content=\"2020-05-29T18:53:00+00:00\" \/>\n<meta name=\"author\" content=\"admin\" \/>\n<meta name=\"twitter:card\" content=\"summary_large_image\" \/>\n<meta name=\"twitter:creator\" content=\"@ferabrajan1\" \/>\n<meta name=\"twitter:site\" content=\"@ferabrajan1\" \/>\n<meta name=\"twitter:label1\" content=\"Escrito por\" \/>\n\t<meta name=\"twitter:data1\" content=\"admin\" \/>\n\t<meta name=\"twitter:label2\" content=\"Tiempo de lectura\" \/>\n\t<meta name=\"twitter:data2\" content=\"1 minuto\" \/>\n<script type=\"application\/ld+json\" class=\"yoast-schema-graph\">{\"@context\":\"https:\\\/\\\/schema.org\",\"@graph\":[{\"@type\":\"Article\",\"@id\":\"https:\\\/\\\/ferabrajan.com\\\/portal\\\/2020\\\/05\\\/29\\\/biby-gaytan-arma-aventuras-de-cuarentena-con-sus-hijos\\\/#article\",\"isPartOf\":{\"@id\":\"https:\\\/\\\/ferabrajan.com\\\/portal\\\/2020\\\/05\\\/29\\\/biby-gaytan-arma-aventuras-de-cuarentena-con-sus-hijos\\\/\"},\"author\":{\"name\":\"admin\",\"@id\":\"https:\\\/\\\/ferabrajan.com\\\/portal\\\/#\\\/schema\\\/person\\\/f6113b3cb1e036d5c6a9505685b257ba\"},\"headline\":\"Biby Gayt\u00e1n arma &#034;Aventuras de cuarentena&#034; con sus hijos\",\"datePublished\":\"2020-05-29T18:53:00+00:00\",\"mainEntityOfPage\":{\"@id\":\"https:\\\/\\\/ferabrajan.com\\\/portal\\\/2020\\\/05\\\/29\\\/biby-gaytan-arma-aventuras-de-cuarentena-con-sus-hijos\\\/\"},\"wordCount\":245,\"commentCount\":0,\"publisher\":{\"@id\":\"https:\\\/\\\/ferabrajan.com\\\/portal\\\/#organization\"},\"articleSection\":[\"El Mundo\"],\"inLanguage\":\"es\"},{\"@type\":\"WebPage\",\"@id\":\"https:\\\/\\\/ferabrajan.com\\\/portal\\\/2020\\\/05\\\/29\\\/biby-gaytan-arma-aventuras-de-cuarentena-con-sus-hijos\\\/\",\"url\":\"https:\\\/\\\/ferabrajan.com\\\/portal\\\/2020\\\/05\\\/29\\\/biby-gaytan-arma-aventuras-de-cuarentena-con-sus-hijos\\\/\",\"name\":\"Biby Gayt\u00e1n arma &#034;Aventuras de cuarentena&#034; con sus hijos - Fer Abrajan\",\"isPartOf\":{\"@id\":\"https:\\\/\\\/ferabrajan.com\\\/portal\\\/#website\"},\"datePublished\":\"2020-05-29T18:53:00+00:00\",\"breadcrumb\":{\"@id\":\"https:\\\/\\\/ferabrajan.com\\\/portal\\\/2020\\\/05\\\/29\\\/biby-gaytan-arma-aventuras-de-cuarentena-con-sus-hijos\\\/#breadcrumb\"},\"inLanguage\":\"es\",\"potentialAction\":[{\"@type\":\"ReadAction\",\"target\":[\"https:\\\/\\\/ferabrajan.com\\\/portal\\\/2020\\\/05\\\/29\\\/biby-gaytan-arma-aventuras-de-cuarentena-con-sus-hijos\\\/\"]}]},{\"@type\":\"BreadcrumbList\",\"@id\":\"https:\\\/\\\/ferabrajan.com\\\/portal\\\/2020\\\/05\\\/29\\\/biby-gaytan-arma-aventuras-de-cuarentena-con-sus-hijos\\\/#breadcrumb\",\"itemListElement\":[{\"@type\":\"ListItem\",\"position\":1,\"name\":\"Portada\",\"item\":\"https:\\\/\\\/ferabrajan.com\\\/portal\\\/\"},{\"@type\":\"ListItem\",\"position\":2,\"name\":\"Biby Gayt\u00e1n arma &#034;Aventuras de cuarentena&#034; con sus hijos\"}]},{\"@type\":\"WebSite\",\"@id\":\"https:\\\/\\\/ferabrajan.com\\\/portal\\\/#website\",\"url\":\"https:\\\/\\\/ferabrajan.com\\\/portal\\\/\",\"name\":\"Fer Abrajan\",\"description\":\"Noticias de Puebla, opini\u00f3n y radio en vivo\",\"publisher\":{\"@id\":\"https:\\\/\\\/ferabrajan.com\\\/portal\\\/#organization\"},\"potentialAction\":[{\"@type\":\"SearchAction\",\"target\":{\"@type\":\"EntryPoint\",\"urlTemplate\":\"https:\\\/\\\/ferabrajan.com\\\/portal\\\/?s={search_term_string}\"},\"query-input\":{\"@type\":\"PropertyValueSpecification\",\"valueRequired\":true,\"valueName\":\"search_term_string\"}}],\"inLanguage\":\"es\"},{\"@type\":\"Organization\",\"@id\":\"https:\\\/\\\/ferabrajan.com\\\/portal\\\/#organization\",\"name\":\"Fer Abrajan\",\"url\":\"https:\\\/\\\/ferabrajan.com\\\/portal\\\/\",\"logo\":{\"@type\":\"ImageObject\",\"inLanguage\":\"es\",\"@id\":\"https:\\\/\\\/ferabrajan.com\\\/portal\\\/#\\\/schema\\\/logo\\\/image\\\/\",\"url\":\"https:\\\/\\\/ferabrajan.com\\\/portal\\\/wp-content\\\/uploads\\\/2024\\\/10\\\/cropped-logo.jpeg\",\"contentUrl\":\"https:\\\/\\\/ferabrajan.com\\\/portal\\\/wp-content\\\/uploads\\\/2024\\\/10\\\/cropped-logo.jpeg\",\"width\":500,\"height\":250,\"caption\":\"Fer Abrajan\"},\"image\":{\"@id\":\"https:\\\/\\\/ferabrajan.com\\\/portal\\\/#\\\/schema\\\/logo\\\/image\\\/\"},\"sameAs\":[\"https:\\\/\\\/www.facebook.com\\\/NoticiasconFerAbrajan\\\/\",\"https:\\\/\\\/x.com\\\/ferabrajan1\"]},{\"@type\":\"Person\",\"@id\":\"https:\\\/\\\/ferabrajan.com\\\/portal\\\/#\\\/schema\\\/person\\\/f6113b3cb1e036d5c6a9505685b257ba\",\"name\":\"admin\",\"image\":{\"@type\":\"ImageObject\",\"inLanguage\":\"es\",\"@id\":\"https:\\\/\\\/secure.gravatar.com\\\/avatar\\\/072baa72775aad53c748dfc5d3048578e01b6c087eef335459ebfa04344e2d18?s=96&d=mm&r=g\",\"url\":\"https:\\\/\\\/secure.gravatar.com\\\/avatar\\\/072baa72775aad53c748dfc5d3048578e01b6c087eef335459ebfa04344e2d18?s=96&d=mm&r=g\",\"contentUrl\":\"https:\\\/\\\/secure.gravatar.com\\\/avatar\\\/072baa72775aad53c748dfc5d3048578e01b6c087eef335459ebfa04344e2d18?s=96&d=mm&r=g\",\"caption\":\"admin\"},\"sameAs\":[\"https:\\\/\\\/ferabrajan.com\\\/portal\"],\"url\":\"https:\\\/\\\/ferabrajan.com\\\/portal\\\/author\\\/admin\\\/\"}]}<\/script>\n<!-- \/ Yoast SEO plugin. -->","yoast_head_json":{"title":"Biby Gayt\u00e1n arma &#034;Aventuras de cuarentena&#034; con sus hijos - Fer Abrajan","robots":{"index":"index","follow":"follow","max-snippet":"max-snippet:-1","max-image-preview":"max-image-preview:large","max-video-preview":"max-video-preview:-1"},"canonical":"https:\/\/ferabrajan.com\/portal\/2020\/05\/29\/biby-gaytan-arma-aventuras-de-cuarentena-con-sus-hijos\/","og_locale":"es_ES","og_type":"article","og_title":"Biby Gayt\u00e1n arma &#034;Aventuras de cuarentena&#034; con sus hijos - Fer Abrajan","og_description":"Biby Gayt\u00e1n sorprendi\u00f3 a sus seguidores al mostrar la manera en que ha pasado el tiempo junto a sus hijos durante la cuarentena. A trav\u00e9s de su cuenta de Instagram, la actriz subi\u00f3 unas fotos y un video en donde se les ve viajando en una cuatrimoto e interpretando una canci\u00f3n a todo pulm\u00f3n. La publicaci\u00f3n lleva como descripci\u00f3n \u00abAventuras de la cuarentena\u00bb, lo que muestra que ha compartido tiempo junto a su familia. Tambien lee:&nbsp;Christian Ch\u00e1vez demanda a su exnovio por extorsi\u00f3n Las reacciones de sus seguidores no se hicieron esperar y mostraron su admiraci\u00f3n a la int\u00e9rprete de No Me Importa debido a que consideran que ha logrado mantener su belleza a trav\u00e9s de los a\u00f1os. \u00abMe encanta esta mujer, y despu\u00e9s de tantos a\u00f1os y todos esos ni\u00f1os, est\u00e1 igualita\u00bb, \u00abQue hermosa mujer, y que chula familia\u00bb y \u00abTanta belleza en una solo foto y en un solo video\u00bb fueron algunos de los comentarios que le dejaron. Tambi\u00e9n lee:&nbsp;Los tres videos m\u00e1s populares de Carlos Ballarta&nbsp; Hace unos d\u00edas, Biby Gayt\u00e1n y sus hijas Ana Paula y Alejandra mostraron sus artes culinarios al ense\u00f1ar c\u00f3mo se preparan los muffins de pl\u00e1tano. [embedded content] al Publicaci\u00f3n Original: https:\/\/www.eluniversal.com.mx\/espectaculos\/farandula\/biby-gaytan-arma-aventuras-de-cuarentena-con-sus-hijos","og_url":"https:\/\/ferabrajan.com\/portal\/2020\/05\/29\/biby-gaytan-arma-aventuras-de-cuarentena-con-sus-hijos\/","og_site_name":"Fer Abrajan","article_publisher":"https:\/\/www.facebook.com\/NoticiasconFerAbrajan\/","article_published_time":"2020-05-29T18:53:00+00:00","author":"admin","twitter_card":"summary_large_image","twitter_creator":"@ferabrajan1","twitter_site":"@ferabrajan1","twitter_misc":{"Escrito por":"admin","Tiempo de lectura":"1 minuto"},"schema":{"@context":"https:\/\/schema.org","@graph":[{"@type":"Article","@id":"https:\/\/ferabrajan.com\/portal\/2020\/05\/29\/biby-gaytan-arma-aventuras-de-cuarentena-con-sus-hijos\/#article","isPartOf":{"@id":"https:\/\/ferabrajan.com\/portal\/2020\/05\/29\/biby-gaytan-arma-aventuras-de-cuarentena-con-sus-hijos\/"},"author":{"name":"admin","@id":"https:\/\/ferabrajan.com\/portal\/#\/schema\/person\/f6113b3cb1e036d5c6a9505685b257ba"},"headline":"Biby Gayt\u00e1n arma &#034;Aventuras de cuarentena&#034; con sus hijos","datePublished":"2020-05-29T18:53:00+00:00","mainEntityOfPage":{"@id":"https:\/\/ferabrajan.com\/portal\/2020\/05\/29\/biby-gaytan-arma-aventuras-de-cuarentena-con-sus-hijos\/"},"wordCount":245,"commentCount":0,"publisher":{"@id":"https:\/\/ferabrajan.com\/portal\/#organization"},"articleSection":["El Mundo"],"inLanguage":"es"},{"@type":"WebPage","@id":"https:\/\/ferabrajan.com\/portal\/2020\/05\/29\/biby-gaytan-arma-aventuras-de-cuarentena-con-sus-hijos\/","url":"https:\/\/ferabrajan.com\/portal\/2020\/05\/29\/biby-gaytan-arma-aventuras-de-cuarentena-con-sus-hijos\/","name":"Biby Gayt\u00e1n arma &#034;Aventuras de cuarentena&#034; con sus hijos - Fer Abrajan","isPartOf":{"@id":"https:\/\/ferabrajan.com\/portal\/#website"},"datePublished":"2020-05-29T18:53:00+00:00","breadcrumb":{"@id":"https:\/\/ferabrajan.com\/portal\/2020\/05\/29\/biby-gaytan-arma-aventuras-de-cuarentena-con-sus-hijos\/#breadcrumb"},"inLanguage":"es","potentialAction":[{"@type":"ReadAction","target":["https:\/\/ferabrajan.com\/portal\/2020\/05\/29\/biby-gaytan-arma-aventuras-de-cuarentena-con-sus-hijos\/"]}]},{"@type":"BreadcrumbList","@id":"https:\/\/ferabrajan.com\/portal\/2020\/05\/29\/biby-gaytan-arma-aventuras-de-cuarentena-con-sus-hijos\/#breadcrumb","itemListElement":[{"@type":"ListItem","position":1,"name":"Portada","item":"https:\/\/ferabrajan.com\/portal\/"},{"@type":"ListItem","position":2,"name":"Biby Gayt\u00e1n arma &#034;Aventuras de cuarentena&#034; con sus hijos"}]},{"@type":"WebSite","@id":"https:\/\/ferabrajan.com\/portal\/#website","url":"https:\/\/ferabrajan.com\/portal\/","name":"Fer Abrajan","description":"Noticias de Puebla, opini\u00f3n y radio en vivo","publisher":{"@id":"https:\/\/ferabrajan.com\/portal\/#organization"},"potentialAction":[{"@type":"SearchAction","target":{"@type":"EntryPoint","urlTemplate":"https:\/\/ferabrajan.com\/portal\/?s={search_term_string}"},"query-input":{"@type":"PropertyValueSpecification","valueRequired":true,"valueName":"search_term_string"}}],"inLanguage":"es"},{"@type":"Organization","@id":"https:\/\/ferabrajan.com\/portal\/#organization","name":"Fer Abrajan","url":"https:\/\/ferabrajan.com\/portal\/","logo":{"@type":"ImageObject","inLanguage":"es","@id":"https:\/\/ferabrajan.com\/portal\/#\/schema\/logo\/image\/","url":"https:\/\/ferabrajan.com\/portal\/wp-content\/uploads\/2024\/10\/cropped-logo.jpeg","contentUrl":"https:\/\/ferabrajan.com\/portal\/wp-content\/uploads\/2024\/10\/cropped-logo.jpeg","width":500,"height":250,"caption":"Fer Abrajan"},"image":{"@id":"https:\/\/ferabrajan.com\/portal\/#\/schema\/logo\/image\/"},"sameAs":["https:\/\/www.facebook.com\/NoticiasconFerAbrajan\/","https:\/\/x.com\/ferabrajan1"]},{"@type":"Person","@id":"https:\/\/ferabrajan.com\/portal\/#\/schema\/person\/f6113b3cb1e036d5c6a9505685b257ba","name":"admin","image":{"@type":"ImageObject","inLanguage":"es","@id":"https:\/\/secure.gravatar.com\/avatar\/072baa72775aad53c748dfc5d3048578e01b6c087eef335459ebfa04344e2d18?s=96&d=mm&r=g","url":"https:\/\/secure.gravatar.com\/avatar\/072baa72775aad53c748dfc5d3048578e01b6c087eef335459ebfa04344e2d18?s=96&d=mm&r=g","contentUrl":"https:\/\/secure.gravatar.com\/avatar\/072baa72775aad53c748dfc5d3048578e01b6c087eef335459ebfa04344e2d18?s=96&d=mm&r=g","caption":"admin"},"sameAs":["https:\/\/ferabrajan.com\/portal"],"url":"https:\/\/ferabrajan.com\/portal\/author\/admin\/"}]}},"_links":{"self":[{"href":"https:\/\/ferabrajan.com\/portal\/wp-json\/wp\/v2\/posts\/12332","targetHints":{"allow":["GET"]}}],"collection":[{"href":"https:\/\/ferabrajan.com\/portal\/wp-json\/wp\/v2\/posts"}],"about":[{"href":"https:\/\/ferabrajan.com\/portal\/wp-json\/wp\/v2\/types\/post"}],"author":[{"embeddable":true,"href":"https:\/\/ferabrajan.com\/portal\/wp-json\/wp\/v2\/users\/1"}],"replies":[{"embeddable":true,"href":"https:\/\/ferabrajan.com\/portal\/wp-json\/wp\/v2\/comments?post=12332"}],"version-history":[{"count":0,"href":"https:\/\/ferabrajan.com\/portal\/wp-json\/wp\/v2\/posts\/12332\/revisions"}],"wp:attachment":[{"href":"https:\/\/ferabrajan.com\/portal\/wp-json\/wp\/v2\/media?parent=12332"}],"wp:term":[{"taxonomy":"category","embeddable":true,"href":"https:\/\/ferabrajan.com\/portal\/wp-json\/wp\/v2\/categories?post=12332"},{"taxonomy":"post_tag","embeddable":true,"href":"https:\/\/ferabrajan.com\/portal\/wp-json\/wp\/v2\/tags?post=12332"}],"curies":[{"name":"wp","href":"https:\/\/api.w.org\/{rel}","templated":true}]}}