{"id":12330,"date":"2020-05-29T19:02:00","date_gmt":"2020-05-29T19:02:00","guid":{"rendered":"http:\/\/www.ferabrajan.com\/?p=12330"},"modified":"2020-05-29T19:02:00","modified_gmt":"2020-05-29T19:02:00","slug":"senadores-se-reunen-con-empresarios-para-afinar-reformas-por-t-mec","status":"publish","type":"post","link":"https:\/\/ferabrajan.com\/portal\/2020\/05\/29\/senadores-se-reunen-con-empresarios-para-afinar-reformas-por-t-mec\/","title":{"rendered":"Senadores se re\u00fanen con empresarios para afinar reformas por T-MEC"},"content":{"rendered":"<div><img decoding=\"async\" src=\"https:\/\/www.eluniversal.com.mx\/sites\/default\/files\/styles\/f03-651x400\/public\/2020\/05\/28\/010senadores-empresarios-tmec.jpg?itok=4hbqNkEu\" class=\"ff-og-image-inserted\"><\/div>\n<p>La <strong>Comisi\u00f3n Especial de Seguimiento al T-MEC<\/strong> del <strong>Senado<\/strong> se reuni\u00f3 este jueves, con <strong>representantes de las c\u00e1maras industriales, de comercio<\/strong> y servicios del pa\u00eds, con el fin de afinar las <strong>reformas<\/strong> que deber\u00e1 acarrear la entrada en vigor del Tratado de Libre Comercio entre M\u00e9xico, Estados Unidos y Canad\u00e1 (T-MEC).&nbsp;<\/p>\n<p>Se acord\u00f3 que deber\u00e1n reformar, de manera prioritaria, la Ley de Infraestructura de la Calidad, misma que ya se encuentra para discutirse en las Comisiones Unidas de Hacienda y Cr\u00e9dito P\u00fablico y de Estudios Legislativos segunda de la C\u00e1mara Alta.<\/p>\n<p>En la reuni\u00f3n, que se dio de manera virtual, participaron representantes del Consejo Nacional Agropecuario, de la Confederaci\u00f3n de C\u00e1maras Nacionales de Comercio, Servicios y de la Confederaci\u00f3n de C\u00e1maras Industriales de los Estados Unidos Mexicanos.<\/p>\n<p>Tambi\u00e9n estuvieron presentes 14 senadores de seis grupos parlamentarios. Durante la reuni\u00f3n, la presidenta de la Comisi\u00f3n Especial, Claudia Ruiz Massieu (PRI), destac\u00f3 que el \u00f3rgano legislativo buscar ser -con estas reuniones- un espacio de di\u00e1logo sobre las diversas materias que deber\u00e1n ser analizadas una vez vigente el T-MEC.<\/p>\n<p>Los representantes empresariales se dijeron dispuestos para trabajar con los legisladores para consolidar una ley que beneficie el desarrollo de la industria, brinde confianza a la ciudadan\u00eda e impulse la inserci\u00f3n equitativa de M\u00e9xico en el comercio internacional.<\/p>\n<p>MAOT<\/p>\n<p>Publicaci\u00f3n Original: <a href=\"https:\/\/www.eluniversal.com.mx\/nacion\/politica\/senadores-se-reunen-con-empresarios-para-afinar-reformas-por-t-mec\" target=\"_blank\" rel=\"noopener noreferrer\">https:\/\/www.eluniversal.com.mx\/nacion\/politica\/senadores-se-reunen-con-empresarios-para-afinar-reformas-por-t-mec<\/a><\/p>\n","protected":false},"excerpt":{"rendered":"<p>La Comisi\u00f3n Especial de Seguimiento al T-MEC del Senado se reuni\u00f3 este jueves, con representantes de las c\u00e1maras industriales, de comercio y servicios del pa\u00eds, con el fin de afinar las reformas que deber\u00e1 acarrear la entrada en vigor del Tratado de Libre Comercio entre M\u00e9xico, Estados Unidos y Canad\u00e1 (T-MEC).&nbsp; Se acord\u00f3 que deber\u00e1n reformar, de manera prioritaria, la Ley de Infraestructura de la Calidad, misma que ya se encuentra para discutirse en las Comisiones Unidas de Hacienda y Cr\u00e9dito P\u00fablico y de Estudios Legislativos segunda de la C\u00e1mara Alta. En la reuni\u00f3n, que se dio de manera virtual, participaron representantes del Consejo Nacional Agropecuario, de la Confederaci\u00f3n de C\u00e1maras Nacionales de Comercio, Servicios y de la Confederaci\u00f3n de C\u00e1maras Industriales de los Estados Unidos Mexicanos. Tambi\u00e9n estuvieron presentes 14 senadores de seis grupos parlamentarios. Durante la reuni\u00f3n, la presidenta de la Comisi\u00f3n Especial, Claudia Ruiz Massieu (PRI), destac\u00f3 que el \u00f3rgano legislativo buscar ser -con estas reuniones- un espacio de di\u00e1logo sobre las diversas materias que deber\u00e1n ser analizadas una vez vigente el T-MEC. Los representantes empresariales se dijeron dispuestos para trabajar con los legisladores para consolidar una ley que beneficie el desarrollo de la industria, brinde confianza a la ciudadan\u00eda e impulse la inserci\u00f3n equitativa de M\u00e9xico en el comercio internacional. MAOT Publicaci\u00f3n Original: https:\/\/www.eluniversal.com.mx\/nacion\/politica\/senadores-se-reunen-con-empresarios-para-afinar-reformas-por-t-mec<\/p>\n","protected":false},"author":1,"featured_media":12331,"comment_status":"open","ping_status":"closed","sticky":false,"template":"","format":"standard","meta":{"_monsterinsights_skip_tracking":false,"_uf_show_specific_survey":0,"_uf_disable_surveys":false,"footnotes":""},"categories":[36],"tags":[],"class_list":["post-12330","post","type-post","status-publish","format-standard","has-post-thumbnail","hentry","category-el-mundo"],"yoast_head":"<!-- This site is optimized with the Yoast SEO plugin v27.5 - https:\/\/yoast.com\/product\/yoast-seo-wordpress\/ -->\n<title>Senadores se re\u00fanen con empresarios para afinar reformas por T-MEC - Fer Abrajan<\/title>\n<meta name=\"robots\" content=\"index, follow, max-snippet:-1, max-image-preview:large, max-video-preview:-1\" \/>\n<link rel=\"canonical\" href=\"https:\/\/ferabrajan.com\/portal\/2020\/05\/29\/senadores-se-reunen-con-empresarios-para-afinar-reformas-por-t-mec\/\" \/>\n<meta property=\"og:locale\" content=\"es_ES\" \/>\n<meta property=\"og:type\" content=\"article\" \/>\n<meta property=\"og:title\" content=\"Senadores se re\u00fanen con empresarios para afinar reformas por T-MEC - Fer Abrajan\" \/>\n<meta property=\"og:description\" content=\"La Comisi\u00f3n Especial de Seguimiento al T-MEC del Senado se reuni\u00f3 este jueves, con representantes de las c\u00e1maras industriales, de comercio y servicios del pa\u00eds, con el fin de afinar las reformas que deber\u00e1 acarrear la entrada en vigor del Tratado de Libre Comercio entre M\u00e9xico, Estados Unidos y Canad\u00e1 (T-MEC).&nbsp; Se acord\u00f3 que deber\u00e1n reformar, de manera prioritaria, la Ley de Infraestructura de la Calidad, misma que ya se encuentra para discutirse en las Comisiones Unidas de Hacienda y Cr\u00e9dito P\u00fablico y de Estudios Legislativos segunda de la C\u00e1mara Alta. En la reuni\u00f3n, que se dio de manera virtual, participaron representantes del Consejo Nacional Agropecuario, de la Confederaci\u00f3n de C\u00e1maras Nacionales de Comercio, Servicios y de la Confederaci\u00f3n de C\u00e1maras Industriales de los Estados Unidos Mexicanos. Tambi\u00e9n estuvieron presentes 14 senadores de seis grupos parlamentarios. Durante la reuni\u00f3n, la presidenta de la Comisi\u00f3n Especial, Claudia Ruiz Massieu (PRI), destac\u00f3 que el \u00f3rgano legislativo buscar ser -con estas reuniones- un espacio de di\u00e1logo sobre las diversas materias que deber\u00e1n ser analizadas una vez vigente el T-MEC. Los representantes empresariales se dijeron dispuestos para trabajar con los legisladores para consolidar una ley que beneficie el desarrollo de la industria, brinde confianza a la ciudadan\u00eda e impulse la inserci\u00f3n equitativa de M\u00e9xico en el comercio internacional. MAOT Publicaci\u00f3n Original: https:\/\/www.eluniversal.com.mx\/nacion\/politica\/senadores-se-reunen-con-empresarios-para-afinar-reformas-por-t-mec\" \/>\n<meta property=\"og:url\" content=\"https:\/\/ferabrajan.com\/portal\/2020\/05\/29\/senadores-se-reunen-con-empresarios-para-afinar-reformas-por-t-mec\/\" \/>\n<meta property=\"og:site_name\" content=\"Fer Abrajan\" \/>\n<meta property=\"article:publisher\" content=\"https:\/\/www.facebook.com\/NoticiasconFerAbrajan\/\" \/>\n<meta property=\"article:published_time\" content=\"2020-05-29T19:02:00+00:00\" \/>\n<meta name=\"author\" content=\"admin\" \/>\n<meta name=\"twitter:card\" content=\"summary_large_image\" \/>\n<meta name=\"twitter:creator\" content=\"@ferabrajan1\" \/>\n<meta name=\"twitter:site\" content=\"@ferabrajan1\" \/>\n<meta name=\"twitter:label1\" content=\"Escrito por\" \/>\n\t<meta name=\"twitter:data1\" content=\"admin\" \/>\n\t<meta name=\"twitter:label2\" content=\"Tiempo de lectura\" \/>\n\t<meta name=\"twitter:data2\" content=\"1 minuto\" \/>\n<script type=\"application\/ld+json\" class=\"yoast-schema-graph\">{\"@context\":\"https:\\\/\\\/schema.org\",\"@graph\":[{\"@type\":\"Article\",\"@id\":\"https:\\\/\\\/ferabrajan.com\\\/portal\\\/2020\\\/05\\\/29\\\/senadores-se-reunen-con-empresarios-para-afinar-reformas-por-t-mec\\\/#article\",\"isPartOf\":{\"@id\":\"https:\\\/\\\/ferabrajan.com\\\/portal\\\/2020\\\/05\\\/29\\\/senadores-se-reunen-con-empresarios-para-afinar-reformas-por-t-mec\\\/\"},\"author\":{\"name\":\"admin\",\"@id\":\"https:\\\/\\\/ferabrajan.com\\\/portal\\\/#\\\/schema\\\/person\\\/f6113b3cb1e036d5c6a9505685b257ba\"},\"headline\":\"Senadores se re\u00fanen con empresarios para afinar reformas por T-MEC\",\"datePublished\":\"2020-05-29T19:02:00+00:00\",\"mainEntityOfPage\":{\"@id\":\"https:\\\/\\\/ferabrajan.com\\\/portal\\\/2020\\\/05\\\/29\\\/senadores-se-reunen-con-empresarios-para-afinar-reformas-por-t-mec\\\/\"},\"wordCount\":258,\"commentCount\":0,\"publisher\":{\"@id\":\"https:\\\/\\\/ferabrajan.com\\\/portal\\\/#organization\"},\"image\":{\"@id\":\"https:\\\/\\\/ferabrajan.com\\\/portal\\\/2020\\\/05\\\/29\\\/senadores-se-reunen-con-empresarios-para-afinar-reformas-por-t-mec\\\/#primaryimage\"},\"thumbnailUrl\":\"\",\"articleSection\":[\"El Mundo\"],\"inLanguage\":\"es\"},{\"@type\":\"WebPage\",\"@id\":\"https:\\\/\\\/ferabrajan.com\\\/portal\\\/2020\\\/05\\\/29\\\/senadores-se-reunen-con-empresarios-para-afinar-reformas-por-t-mec\\\/\",\"url\":\"https:\\\/\\\/ferabrajan.com\\\/portal\\\/2020\\\/05\\\/29\\\/senadores-se-reunen-con-empresarios-para-afinar-reformas-por-t-mec\\\/\",\"name\":\"Senadores se re\u00fanen con empresarios para afinar reformas por T-MEC - Fer Abrajan\",\"isPartOf\":{\"@id\":\"https:\\\/\\\/ferabrajan.com\\\/portal\\\/#website\"},\"primaryImageOfPage\":{\"@id\":\"https:\\\/\\\/ferabrajan.com\\\/portal\\\/2020\\\/05\\\/29\\\/senadores-se-reunen-con-empresarios-para-afinar-reformas-por-t-mec\\\/#primaryimage\"},\"image\":{\"@id\":\"https:\\\/\\\/ferabrajan.com\\\/portal\\\/2020\\\/05\\\/29\\\/senadores-se-reunen-con-empresarios-para-afinar-reformas-por-t-mec\\\/#primaryimage\"},\"thumbnailUrl\":\"\",\"datePublished\":\"2020-05-29T19:02:00+00:00\",\"breadcrumb\":{\"@id\":\"https:\\\/\\\/ferabrajan.com\\\/portal\\\/2020\\\/05\\\/29\\\/senadores-se-reunen-con-empresarios-para-afinar-reformas-por-t-mec\\\/#breadcrumb\"},\"inLanguage\":\"es\",\"potentialAction\":[{\"@type\":\"ReadAction\",\"target\":[\"https:\\\/\\\/ferabrajan.com\\\/portal\\\/2020\\\/05\\\/29\\\/senadores-se-reunen-con-empresarios-para-afinar-reformas-por-t-mec\\\/\"]}]},{\"@type\":\"ImageObject\",\"inLanguage\":\"es\",\"@id\":\"https:\\\/\\\/ferabrajan.com\\\/portal\\\/2020\\\/05\\\/29\\\/senadores-se-reunen-con-empresarios-para-afinar-reformas-por-t-mec\\\/#primaryimage\",\"url\":\"\",\"contentUrl\":\"\"},{\"@type\":\"BreadcrumbList\",\"@id\":\"https:\\\/\\\/ferabrajan.com\\\/portal\\\/2020\\\/05\\\/29\\\/senadores-se-reunen-con-empresarios-para-afinar-reformas-por-t-mec\\\/#breadcrumb\",\"itemListElement\":[{\"@type\":\"ListItem\",\"position\":1,\"name\":\"Portada\",\"item\":\"https:\\\/\\\/ferabrajan.com\\\/portal\\\/\"},{\"@type\":\"ListItem\",\"position\":2,\"name\":\"Senadores se re\u00fanen con empresarios para afinar reformas por T-MEC\"}]},{\"@type\":\"WebSite\",\"@id\":\"https:\\\/\\\/ferabrajan.com\\\/portal\\\/#website\",\"url\":\"https:\\\/\\\/ferabrajan.com\\\/portal\\\/\",\"name\":\"Fer Abrajan\",\"description\":\"Noticias de Puebla, opini\u00f3n y radio en vivo\",\"publisher\":{\"@id\":\"https:\\\/\\\/ferabrajan.com\\\/portal\\\/#organization\"},\"potentialAction\":[{\"@type\":\"SearchAction\",\"target\":{\"@type\":\"EntryPoint\",\"urlTemplate\":\"https:\\\/\\\/ferabrajan.com\\\/portal\\\/?s={search_term_string}\"},\"query-input\":{\"@type\":\"PropertyValueSpecification\",\"valueRequired\":true,\"valueName\":\"search_term_string\"}}],\"inLanguage\":\"es\"},{\"@type\":\"Organization\",\"@id\":\"https:\\\/\\\/ferabrajan.com\\\/portal\\\/#organization\",\"name\":\"Fer Abrajan\",\"url\":\"https:\\\/\\\/ferabrajan.com\\\/portal\\\/\",\"logo\":{\"@type\":\"ImageObject\",\"inLanguage\":\"es\",\"@id\":\"https:\\\/\\\/ferabrajan.com\\\/portal\\\/#\\\/schema\\\/logo\\\/image\\\/\",\"url\":\"https:\\\/\\\/ferabrajan.com\\\/portal\\\/wp-content\\\/uploads\\\/2024\\\/10\\\/cropped-logo.jpeg\",\"contentUrl\":\"https:\\\/\\\/ferabrajan.com\\\/portal\\\/wp-content\\\/uploads\\\/2024\\\/10\\\/cropped-logo.jpeg\",\"width\":500,\"height\":250,\"caption\":\"Fer Abrajan\"},\"image\":{\"@id\":\"https:\\\/\\\/ferabrajan.com\\\/portal\\\/#\\\/schema\\\/logo\\\/image\\\/\"},\"sameAs\":[\"https:\\\/\\\/www.facebook.com\\\/NoticiasconFerAbrajan\\\/\",\"https:\\\/\\\/x.com\\\/ferabrajan1\"]},{\"@type\":\"Person\",\"@id\":\"https:\\\/\\\/ferabrajan.com\\\/portal\\\/#\\\/schema\\\/person\\\/f6113b3cb1e036d5c6a9505685b257ba\",\"name\":\"admin\",\"image\":{\"@type\":\"ImageObject\",\"inLanguage\":\"es\",\"@id\":\"https:\\\/\\\/secure.gravatar.com\\\/avatar\\\/072baa72775aad53c748dfc5d3048578e01b6c087eef335459ebfa04344e2d18?s=96&d=mm&r=g\",\"url\":\"https:\\\/\\\/secure.gravatar.com\\\/avatar\\\/072baa72775aad53c748dfc5d3048578e01b6c087eef335459ebfa04344e2d18?s=96&d=mm&r=g\",\"contentUrl\":\"https:\\\/\\\/secure.gravatar.com\\\/avatar\\\/072baa72775aad53c748dfc5d3048578e01b6c087eef335459ebfa04344e2d18?s=96&d=mm&r=g\",\"caption\":\"admin\"},\"sameAs\":[\"https:\\\/\\\/ferabrajan.com\\\/portal\"],\"url\":\"https:\\\/\\\/ferabrajan.com\\\/portal\\\/author\\\/admin\\\/\"}]}<\/script>\n<!-- \/ Yoast SEO plugin. -->","yoast_head_json":{"title":"Senadores se re\u00fanen con empresarios para afinar reformas por T-MEC - Fer Abrajan","robots":{"index":"index","follow":"follow","max-snippet":"max-snippet:-1","max-image-preview":"max-image-preview:large","max-video-preview":"max-video-preview:-1"},"canonical":"https:\/\/ferabrajan.com\/portal\/2020\/05\/29\/senadores-se-reunen-con-empresarios-para-afinar-reformas-por-t-mec\/","og_locale":"es_ES","og_type":"article","og_title":"Senadores se re\u00fanen con empresarios para afinar reformas por T-MEC - Fer Abrajan","og_description":"La Comisi\u00f3n Especial de Seguimiento al T-MEC del Senado se reuni\u00f3 este jueves, con representantes de las c\u00e1maras industriales, de comercio y servicios del pa\u00eds, con el fin de afinar las reformas que deber\u00e1 acarrear la entrada en vigor del Tratado de Libre Comercio entre M\u00e9xico, Estados Unidos y Canad\u00e1 (T-MEC).&nbsp; Se acord\u00f3 que deber\u00e1n reformar, de manera prioritaria, la Ley de Infraestructura de la Calidad, misma que ya se encuentra para discutirse en las Comisiones Unidas de Hacienda y Cr\u00e9dito P\u00fablico y de Estudios Legislativos segunda de la C\u00e1mara Alta. En la reuni\u00f3n, que se dio de manera virtual, participaron representantes del Consejo Nacional Agropecuario, de la Confederaci\u00f3n de C\u00e1maras Nacionales de Comercio, Servicios y de la Confederaci\u00f3n de C\u00e1maras Industriales de los Estados Unidos Mexicanos. Tambi\u00e9n estuvieron presentes 14 senadores de seis grupos parlamentarios. Durante la reuni\u00f3n, la presidenta de la Comisi\u00f3n Especial, Claudia Ruiz Massieu (PRI), destac\u00f3 que el \u00f3rgano legislativo buscar ser -con estas reuniones- un espacio de di\u00e1logo sobre las diversas materias que deber\u00e1n ser analizadas una vez vigente el T-MEC. Los representantes empresariales se dijeron dispuestos para trabajar con los legisladores para consolidar una ley que beneficie el desarrollo de la industria, brinde confianza a la ciudadan\u00eda e impulse la inserci\u00f3n equitativa de M\u00e9xico en el comercio internacional. MAOT Publicaci\u00f3n Original: https:\/\/www.eluniversal.com.mx\/nacion\/politica\/senadores-se-reunen-con-empresarios-para-afinar-reformas-por-t-mec","og_url":"https:\/\/ferabrajan.com\/portal\/2020\/05\/29\/senadores-se-reunen-con-empresarios-para-afinar-reformas-por-t-mec\/","og_site_name":"Fer Abrajan","article_publisher":"https:\/\/www.facebook.com\/NoticiasconFerAbrajan\/","article_published_time":"2020-05-29T19:02:00+00:00","author":"admin","twitter_card":"summary_large_image","twitter_creator":"@ferabrajan1","twitter_site":"@ferabrajan1","twitter_misc":{"Escrito por":"admin","Tiempo de lectura":"1 minuto"},"schema":{"@context":"https:\/\/schema.org","@graph":[{"@type":"Article","@id":"https:\/\/ferabrajan.com\/portal\/2020\/05\/29\/senadores-se-reunen-con-empresarios-para-afinar-reformas-por-t-mec\/#article","isPartOf":{"@id":"https:\/\/ferabrajan.com\/portal\/2020\/05\/29\/senadores-se-reunen-con-empresarios-para-afinar-reformas-por-t-mec\/"},"author":{"name":"admin","@id":"https:\/\/ferabrajan.com\/portal\/#\/schema\/person\/f6113b3cb1e036d5c6a9505685b257ba"},"headline":"Senadores se re\u00fanen con empresarios para afinar reformas por T-MEC","datePublished":"2020-05-29T19:02:00+00:00","mainEntityOfPage":{"@id":"https:\/\/ferabrajan.com\/portal\/2020\/05\/29\/senadores-se-reunen-con-empresarios-para-afinar-reformas-por-t-mec\/"},"wordCount":258,"commentCount":0,"publisher":{"@id":"https:\/\/ferabrajan.com\/portal\/#organization"},"image":{"@id":"https:\/\/ferabrajan.com\/portal\/2020\/05\/29\/senadores-se-reunen-con-empresarios-para-afinar-reformas-por-t-mec\/#primaryimage"},"thumbnailUrl":"","articleSection":["El Mundo"],"inLanguage":"es"},{"@type":"WebPage","@id":"https:\/\/ferabrajan.com\/portal\/2020\/05\/29\/senadores-se-reunen-con-empresarios-para-afinar-reformas-por-t-mec\/","url":"https:\/\/ferabrajan.com\/portal\/2020\/05\/29\/senadores-se-reunen-con-empresarios-para-afinar-reformas-por-t-mec\/","name":"Senadores se re\u00fanen con empresarios para afinar reformas por T-MEC - Fer Abrajan","isPartOf":{"@id":"https:\/\/ferabrajan.com\/portal\/#website"},"primaryImageOfPage":{"@id":"https:\/\/ferabrajan.com\/portal\/2020\/05\/29\/senadores-se-reunen-con-empresarios-para-afinar-reformas-por-t-mec\/#primaryimage"},"image":{"@id":"https:\/\/ferabrajan.com\/portal\/2020\/05\/29\/senadores-se-reunen-con-empresarios-para-afinar-reformas-por-t-mec\/#primaryimage"},"thumbnailUrl":"","datePublished":"2020-05-29T19:02:00+00:00","breadcrumb":{"@id":"https:\/\/ferabrajan.com\/portal\/2020\/05\/29\/senadores-se-reunen-con-empresarios-para-afinar-reformas-por-t-mec\/#breadcrumb"},"inLanguage":"es","potentialAction":[{"@type":"ReadAction","target":["https:\/\/ferabrajan.com\/portal\/2020\/05\/29\/senadores-se-reunen-con-empresarios-para-afinar-reformas-por-t-mec\/"]}]},{"@type":"ImageObject","inLanguage":"es","@id":"https:\/\/ferabrajan.com\/portal\/2020\/05\/29\/senadores-se-reunen-con-empresarios-para-afinar-reformas-por-t-mec\/#primaryimage","url":"","contentUrl":""},{"@type":"BreadcrumbList","@id":"https:\/\/ferabrajan.com\/portal\/2020\/05\/29\/senadores-se-reunen-con-empresarios-para-afinar-reformas-por-t-mec\/#breadcrumb","itemListElement":[{"@type":"ListItem","position":1,"name":"Portada","item":"https:\/\/ferabrajan.com\/portal\/"},{"@type":"ListItem","position":2,"name":"Senadores se re\u00fanen con empresarios para afinar reformas por T-MEC"}]},{"@type":"WebSite","@id":"https:\/\/ferabrajan.com\/portal\/#website","url":"https:\/\/ferabrajan.com\/portal\/","name":"Fer Abrajan","description":"Noticias de Puebla, opini\u00f3n y radio en vivo","publisher":{"@id":"https:\/\/ferabrajan.com\/portal\/#organization"},"potentialAction":[{"@type":"SearchAction","target":{"@type":"EntryPoint","urlTemplate":"https:\/\/ferabrajan.com\/portal\/?s={search_term_string}"},"query-input":{"@type":"PropertyValueSpecification","valueRequired":true,"valueName":"search_term_string"}}],"inLanguage":"es"},{"@type":"Organization","@id":"https:\/\/ferabrajan.com\/portal\/#organization","name":"Fer Abrajan","url":"https:\/\/ferabrajan.com\/portal\/","logo":{"@type":"ImageObject","inLanguage":"es","@id":"https:\/\/ferabrajan.com\/portal\/#\/schema\/logo\/image\/","url":"https:\/\/ferabrajan.com\/portal\/wp-content\/uploads\/2024\/10\/cropped-logo.jpeg","contentUrl":"https:\/\/ferabrajan.com\/portal\/wp-content\/uploads\/2024\/10\/cropped-logo.jpeg","width":500,"height":250,"caption":"Fer Abrajan"},"image":{"@id":"https:\/\/ferabrajan.com\/portal\/#\/schema\/logo\/image\/"},"sameAs":["https:\/\/www.facebook.com\/NoticiasconFerAbrajan\/","https:\/\/x.com\/ferabrajan1"]},{"@type":"Person","@id":"https:\/\/ferabrajan.com\/portal\/#\/schema\/person\/f6113b3cb1e036d5c6a9505685b257ba","name":"admin","image":{"@type":"ImageObject","inLanguage":"es","@id":"https:\/\/secure.gravatar.com\/avatar\/072baa72775aad53c748dfc5d3048578e01b6c087eef335459ebfa04344e2d18?s=96&d=mm&r=g","url":"https:\/\/secure.gravatar.com\/avatar\/072baa72775aad53c748dfc5d3048578e01b6c087eef335459ebfa04344e2d18?s=96&d=mm&r=g","contentUrl":"https:\/\/secure.gravatar.com\/avatar\/072baa72775aad53c748dfc5d3048578e01b6c087eef335459ebfa04344e2d18?s=96&d=mm&r=g","caption":"admin"},"sameAs":["https:\/\/ferabrajan.com\/portal"],"url":"https:\/\/ferabrajan.com\/portal\/author\/admin\/"}]}},"_links":{"self":[{"href":"https:\/\/ferabrajan.com\/portal\/wp-json\/wp\/v2\/posts\/12330","targetHints":{"allow":["GET"]}}],"collection":[{"href":"https:\/\/ferabrajan.com\/portal\/wp-json\/wp\/v2\/posts"}],"about":[{"href":"https:\/\/ferabrajan.com\/portal\/wp-json\/wp\/v2\/types\/post"}],"author":[{"embeddable":true,"href":"https:\/\/ferabrajan.com\/portal\/wp-json\/wp\/v2\/users\/1"}],"replies":[{"embeddable":true,"href":"https:\/\/ferabrajan.com\/portal\/wp-json\/wp\/v2\/comments?post=12330"}],"version-history":[{"count":0,"href":"https:\/\/ferabrajan.com\/portal\/wp-json\/wp\/v2\/posts\/12330\/revisions"}],"wp:attachment":[{"href":"https:\/\/ferabrajan.com\/portal\/wp-json\/wp\/v2\/media?parent=12330"}],"wp:term":[{"taxonomy":"category","embeddable":true,"href":"https:\/\/ferabrajan.com\/portal\/wp-json\/wp\/v2\/categories?post=12330"},{"taxonomy":"post_tag","embeddable":true,"href":"https:\/\/ferabrajan.com\/portal\/wp-json\/wp\/v2\/tags?post=12330"}],"curies":[{"name":"wp","href":"https:\/\/api.w.org\/{rel}","templated":true}]}}