{"id":12328,"date":"2020-05-29T19:07:00","date_gmt":"2020-05-29T19:07:00","guid":{"rendered":"http:\/\/www.ferabrajan.com\/?p=12328"},"modified":"2020-05-29T19:07:00","modified_gmt":"2020-05-29T19:07:00","slug":"mexico-supera-las-9-mil-muertes-por-covid-hay-81400-contagios","status":"publish","type":"post","link":"https:\/\/ferabrajan.com\/portal\/2020\/05\/29\/mexico-supera-las-9-mil-muertes-por-covid-hay-81400-contagios\/","title":{"rendered":"M\u00e9xico supera las 9 mil muertes por Covid; hay 81,400 contagios"},"content":{"rendered":"<div><img decoding=\"async\" src=\"https:\/\/www.eluniversal.com.mx\/sites\/default\/files\/styles\/f03-651x400\/public\/2020\/05\/28\/covid.jpg?itok=1N9NFde-\" class=\"ff-og-image-inserted\"><\/div>\n<p><strong>M\u00e9xico<\/strong> acumul\u00f3, al corte de este 28 de mayo, 9 mil 044 muertes por Covid-19, con 81 mil 400 casos de contagios confirmados de coronavirus, seg\u00fan informaron autoridades de la&nbsp;Secretar\u00eda de Salud.<\/p>\n<p>Hugo L\u00f3pez-Gatell, subsecretario de Prevenci\u00f3n y Promoci\u00f3n de la Salud, detall\u00f3 que hay 36 mil 131 casos sospechosos, aunque con 137 mil 263 casos negativos acumulados en el pa\u00eds.<\/p>\n<p>Hasta el mi\u00e9rcoles, la Secretar\u00eda de Salud hab\u00eda confirmado 78 mil 23 casos confirmados, 8 mil 597 muertos y 15 mil 592 casos activos por <strong>coronavirus en M\u00e9xico<\/strong>.<\/p>\n<p>Este jueves se dio a conocer que para la reactivaci\u00f3n de las actividades en la <strong>Ciudad de M\u00e9xico<\/strong>, empresas encargadas de la miner\u00eda, la fabricaci\u00f3n de equipo de transporte, venta de bicicletas y producci\u00f3n de cerveza, as\u00ed como sus cadenas de producci\u00f3n, el Instituto Mexicano del Seguro Social (<strong>IMSS<\/strong>) y la Secretar\u00eda de Desarrollo Econ\u00f3mico (Sedeco) emitir\u00e1n permisos para las aperturas, por lo que solicitar\u00e1n diversos requisitos, como los horarios escalonados.<\/p>\n<p>\u201cSe tiene que solicitar el permiso al IMSS y la instituci\u00f3n les informa que tienen que acercarse a las distintas secretar\u00edas de Gobierno de la Ciudad de M\u00e9xico, principalmente la Secretar\u00eda de Desarrollo Econ\u00f3mico, de tal manera que se pueda establecer, sobre todo horarios de trabajo\u201d, explic\u00f3 Claudia Sheinbaum, la jefa de Gobierno.<\/p>\n<p><u>Sigue aqu\u00ed la transmisi\u00f3n completa de la conferencia sobre casos de coronavirus en M\u00e9xico, desde Palacio Nacional:<\/u><\/p>\n<p>[embedded content]<\/p>\n<p>cev<\/p>\n<p>Publicaci\u00f3n Original: <a href=\"https:\/\/www.eluniversal.com.mx\/nacion\/sociedad\/coronavirus-28-de-mayo-mexico-supera-las-9-mil-muertes-por-covid-hay-81400-contagios\" target=\"_blank\" rel=\"noopener noreferrer\">https:\/\/www.eluniversal.com.mx\/nacion\/sociedad\/coronavirus-28-de-mayo-mexico-supera-las-9-mil-muertes-por-covid-hay-81400-contagios<\/a><\/p>\n","protected":false},"excerpt":{"rendered":"<p>M\u00e9xico acumul\u00f3, al corte de este 28 de mayo, 9 mil 044 muertes por Covid-19, con 81 mil 400 casos de contagios confirmados de coronavirus, seg\u00fan informaron autoridades de la&nbsp;Secretar\u00eda de Salud. Hugo L\u00f3pez-Gatell, subsecretario de Prevenci\u00f3n y Promoci\u00f3n de la Salud, detall\u00f3 que hay 36 mil 131 casos sospechosos, aunque con 137 mil 263 casos negativos acumulados en el pa\u00eds. Hasta el mi\u00e9rcoles, la Secretar\u00eda de Salud hab\u00eda confirmado 78 mil 23 casos confirmados, 8 mil 597 muertos y 15 mil 592 casos activos por coronavirus en M\u00e9xico. Este jueves se dio a conocer que para la reactivaci\u00f3n de las actividades en la Ciudad de M\u00e9xico, empresas encargadas de la miner\u00eda, la fabricaci\u00f3n de equipo de transporte, venta de bicicletas y producci\u00f3n de cerveza, as\u00ed como sus cadenas de producci\u00f3n, el Instituto Mexicano del Seguro Social (IMSS) y la Secretar\u00eda de Desarrollo Econ\u00f3mico (Sedeco) emitir\u00e1n permisos para las aperturas, por lo que solicitar\u00e1n diversos requisitos, como los horarios escalonados. \u201cSe tiene que solicitar el permiso al IMSS y la instituci\u00f3n les informa que tienen que acercarse a las distintas secretar\u00edas de Gobierno de la Ciudad de M\u00e9xico, principalmente la Secretar\u00eda de Desarrollo Econ\u00f3mico, de tal manera que se pueda establecer, sobre todo horarios de trabajo\u201d, explic\u00f3 Claudia Sheinbaum, la jefa de Gobierno. Sigue aqu\u00ed la transmisi\u00f3n completa de la conferencia sobre casos de coronavirus en M\u00e9xico, desde Palacio Nacional: [embedded content] cev Publicaci\u00f3n Original: https:\/\/www.eluniversal.com.mx\/nacion\/sociedad\/coronavirus-28-de-mayo-mexico-supera-las-9-mil-muertes-por-covid-hay-81400-contagios<\/p>\n","protected":false},"author":1,"featured_media":12329,"comment_status":"open","ping_status":"closed","sticky":false,"template":"","format":"standard","meta":{"_monsterinsights_skip_tracking":false,"_uf_show_specific_survey":0,"_uf_disable_surveys":false,"footnotes":""},"categories":[36],"tags":[],"class_list":["post-12328","post","type-post","status-publish","format-standard","has-post-thumbnail","hentry","category-el-mundo"],"yoast_head":"<!-- This site is optimized with the Yoast SEO plugin v27.5 - https:\/\/yoast.com\/product\/yoast-seo-wordpress\/ -->\n<title>M\u00e9xico supera las 9 mil muertes por Covid; hay 81,400 contagios - Fer Abrajan<\/title>\n<meta name=\"robots\" content=\"index, follow, max-snippet:-1, max-image-preview:large, max-video-preview:-1\" \/>\n<link rel=\"canonical\" href=\"https:\/\/ferabrajan.com\/portal\/2020\/05\/29\/mexico-supera-las-9-mil-muertes-por-covid-hay-81400-contagios\/\" \/>\n<meta property=\"og:locale\" content=\"es_ES\" \/>\n<meta property=\"og:type\" content=\"article\" \/>\n<meta property=\"og:title\" content=\"M\u00e9xico supera las 9 mil muertes por Covid; hay 81,400 contagios - Fer Abrajan\" \/>\n<meta property=\"og:description\" content=\"M\u00e9xico acumul\u00f3, al corte de este 28 de mayo, 9 mil 044 muertes por Covid-19, con 81 mil 400 casos de contagios confirmados de coronavirus, seg\u00fan informaron autoridades de la&nbsp;Secretar\u00eda de Salud. Hugo L\u00f3pez-Gatell, subsecretario de Prevenci\u00f3n y Promoci\u00f3n de la Salud, detall\u00f3 que hay 36 mil 131 casos sospechosos, aunque con 137 mil 263 casos negativos acumulados en el pa\u00eds. Hasta el mi\u00e9rcoles, la Secretar\u00eda de Salud hab\u00eda confirmado 78 mil 23 casos confirmados, 8 mil 597 muertos y 15 mil 592 casos activos por coronavirus en M\u00e9xico. Este jueves se dio a conocer que para la reactivaci\u00f3n de las actividades en la Ciudad de M\u00e9xico, empresas encargadas de la miner\u00eda, la fabricaci\u00f3n de equipo de transporte, venta de bicicletas y producci\u00f3n de cerveza, as\u00ed como sus cadenas de producci\u00f3n, el Instituto Mexicano del Seguro Social (IMSS) y la Secretar\u00eda de Desarrollo Econ\u00f3mico (Sedeco) emitir\u00e1n permisos para las aperturas, por lo que solicitar\u00e1n diversos requisitos, como los horarios escalonados. \u201cSe tiene que solicitar el permiso al IMSS y la instituci\u00f3n les informa que tienen que acercarse a las distintas secretar\u00edas de Gobierno de la Ciudad de M\u00e9xico, principalmente la Secretar\u00eda de Desarrollo Econ\u00f3mico, de tal manera que se pueda establecer, sobre todo horarios de trabajo\u201d, explic\u00f3 Claudia Sheinbaum, la jefa de Gobierno. Sigue aqu\u00ed la transmisi\u00f3n completa de la conferencia sobre casos de coronavirus en M\u00e9xico, desde Palacio Nacional: [embedded content] cev Publicaci\u00f3n Original: https:\/\/www.eluniversal.com.mx\/nacion\/sociedad\/coronavirus-28-de-mayo-mexico-supera-las-9-mil-muertes-por-covid-hay-81400-contagios\" \/>\n<meta property=\"og:url\" content=\"https:\/\/ferabrajan.com\/portal\/2020\/05\/29\/mexico-supera-las-9-mil-muertes-por-covid-hay-81400-contagios\/\" \/>\n<meta property=\"og:site_name\" content=\"Fer Abrajan\" \/>\n<meta property=\"article:publisher\" content=\"https:\/\/www.facebook.com\/NoticiasconFerAbrajan\/\" \/>\n<meta property=\"article:published_time\" content=\"2020-05-29T19:07:00+00:00\" \/>\n<meta name=\"author\" content=\"admin\" \/>\n<meta name=\"twitter:card\" content=\"summary_large_image\" \/>\n<meta name=\"twitter:creator\" content=\"@ferabrajan1\" \/>\n<meta name=\"twitter:site\" content=\"@ferabrajan1\" \/>\n<meta name=\"twitter:label1\" content=\"Escrito por\" \/>\n\t<meta name=\"twitter:data1\" content=\"admin\" \/>\n\t<meta name=\"twitter:label2\" content=\"Tiempo de lectura\" \/>\n\t<meta name=\"twitter:data2\" content=\"1 minuto\" \/>\n<script type=\"application\/ld+json\" class=\"yoast-schema-graph\">{\"@context\":\"https:\\\/\\\/schema.org\",\"@graph\":[{\"@type\":\"Article\",\"@id\":\"https:\\\/\\\/ferabrajan.com\\\/portal\\\/2020\\\/05\\\/29\\\/mexico-supera-las-9-mil-muertes-por-covid-hay-81400-contagios\\\/#article\",\"isPartOf\":{\"@id\":\"https:\\\/\\\/ferabrajan.com\\\/portal\\\/2020\\\/05\\\/29\\\/mexico-supera-las-9-mil-muertes-por-covid-hay-81400-contagios\\\/\"},\"author\":{\"name\":\"admin\",\"@id\":\"https:\\\/\\\/ferabrajan.com\\\/portal\\\/#\\\/schema\\\/person\\\/f6113b3cb1e036d5c6a9505685b257ba\"},\"headline\":\"M\u00e9xico supera las 9 mil muertes por Covid; hay 81,400 contagios\",\"datePublished\":\"2020-05-29T19:07:00+00:00\",\"mainEntityOfPage\":{\"@id\":\"https:\\\/\\\/ferabrajan.com\\\/portal\\\/2020\\\/05\\\/29\\\/mexico-supera-las-9-mil-muertes-por-covid-hay-81400-contagios\\\/\"},\"wordCount\":272,\"commentCount\":0,\"publisher\":{\"@id\":\"https:\\\/\\\/ferabrajan.com\\\/portal\\\/#organization\"},\"image\":{\"@id\":\"https:\\\/\\\/ferabrajan.com\\\/portal\\\/2020\\\/05\\\/29\\\/mexico-supera-las-9-mil-muertes-por-covid-hay-81400-contagios\\\/#primaryimage\"},\"thumbnailUrl\":\"\",\"articleSection\":[\"El Mundo\"],\"inLanguage\":\"es\"},{\"@type\":\"WebPage\",\"@id\":\"https:\\\/\\\/ferabrajan.com\\\/portal\\\/2020\\\/05\\\/29\\\/mexico-supera-las-9-mil-muertes-por-covid-hay-81400-contagios\\\/\",\"url\":\"https:\\\/\\\/ferabrajan.com\\\/portal\\\/2020\\\/05\\\/29\\\/mexico-supera-las-9-mil-muertes-por-covid-hay-81400-contagios\\\/\",\"name\":\"M\u00e9xico supera las 9 mil muertes por Covid; hay 81,400 contagios - Fer Abrajan\",\"isPartOf\":{\"@id\":\"https:\\\/\\\/ferabrajan.com\\\/portal\\\/#website\"},\"primaryImageOfPage\":{\"@id\":\"https:\\\/\\\/ferabrajan.com\\\/portal\\\/2020\\\/05\\\/29\\\/mexico-supera-las-9-mil-muertes-por-covid-hay-81400-contagios\\\/#primaryimage\"},\"image\":{\"@id\":\"https:\\\/\\\/ferabrajan.com\\\/portal\\\/2020\\\/05\\\/29\\\/mexico-supera-las-9-mil-muertes-por-covid-hay-81400-contagios\\\/#primaryimage\"},\"thumbnailUrl\":\"\",\"datePublished\":\"2020-05-29T19:07:00+00:00\",\"breadcrumb\":{\"@id\":\"https:\\\/\\\/ferabrajan.com\\\/portal\\\/2020\\\/05\\\/29\\\/mexico-supera-las-9-mil-muertes-por-covid-hay-81400-contagios\\\/#breadcrumb\"},\"inLanguage\":\"es\",\"potentialAction\":[{\"@type\":\"ReadAction\",\"target\":[\"https:\\\/\\\/ferabrajan.com\\\/portal\\\/2020\\\/05\\\/29\\\/mexico-supera-las-9-mil-muertes-por-covid-hay-81400-contagios\\\/\"]}]},{\"@type\":\"ImageObject\",\"inLanguage\":\"es\",\"@id\":\"https:\\\/\\\/ferabrajan.com\\\/portal\\\/2020\\\/05\\\/29\\\/mexico-supera-las-9-mil-muertes-por-covid-hay-81400-contagios\\\/#primaryimage\",\"url\":\"\",\"contentUrl\":\"\"},{\"@type\":\"BreadcrumbList\",\"@id\":\"https:\\\/\\\/ferabrajan.com\\\/portal\\\/2020\\\/05\\\/29\\\/mexico-supera-las-9-mil-muertes-por-covid-hay-81400-contagios\\\/#breadcrumb\",\"itemListElement\":[{\"@type\":\"ListItem\",\"position\":1,\"name\":\"Portada\",\"item\":\"https:\\\/\\\/ferabrajan.com\\\/portal\\\/\"},{\"@type\":\"ListItem\",\"position\":2,\"name\":\"M\u00e9xico supera las 9 mil muertes por Covid; hay 81,400 contagios\"}]},{\"@type\":\"WebSite\",\"@id\":\"https:\\\/\\\/ferabrajan.com\\\/portal\\\/#website\",\"url\":\"https:\\\/\\\/ferabrajan.com\\\/portal\\\/\",\"name\":\"Fer Abrajan\",\"description\":\"Noticias de Puebla, opini\u00f3n y radio en vivo\",\"publisher\":{\"@id\":\"https:\\\/\\\/ferabrajan.com\\\/portal\\\/#organization\"},\"potentialAction\":[{\"@type\":\"SearchAction\",\"target\":{\"@type\":\"EntryPoint\",\"urlTemplate\":\"https:\\\/\\\/ferabrajan.com\\\/portal\\\/?s={search_term_string}\"},\"query-input\":{\"@type\":\"PropertyValueSpecification\",\"valueRequired\":true,\"valueName\":\"search_term_string\"}}],\"inLanguage\":\"es\"},{\"@type\":\"Organization\",\"@id\":\"https:\\\/\\\/ferabrajan.com\\\/portal\\\/#organization\",\"name\":\"Fer Abrajan\",\"url\":\"https:\\\/\\\/ferabrajan.com\\\/portal\\\/\",\"logo\":{\"@type\":\"ImageObject\",\"inLanguage\":\"es\",\"@id\":\"https:\\\/\\\/ferabrajan.com\\\/portal\\\/#\\\/schema\\\/logo\\\/image\\\/\",\"url\":\"https:\\\/\\\/ferabrajan.com\\\/portal\\\/wp-content\\\/uploads\\\/2024\\\/10\\\/cropped-logo.jpeg\",\"contentUrl\":\"https:\\\/\\\/ferabrajan.com\\\/portal\\\/wp-content\\\/uploads\\\/2024\\\/10\\\/cropped-logo.jpeg\",\"width\":500,\"height\":250,\"caption\":\"Fer Abrajan\"},\"image\":{\"@id\":\"https:\\\/\\\/ferabrajan.com\\\/portal\\\/#\\\/schema\\\/logo\\\/image\\\/\"},\"sameAs\":[\"https:\\\/\\\/www.facebook.com\\\/NoticiasconFerAbrajan\\\/\",\"https:\\\/\\\/x.com\\\/ferabrajan1\"]},{\"@type\":\"Person\",\"@id\":\"https:\\\/\\\/ferabrajan.com\\\/portal\\\/#\\\/schema\\\/person\\\/f6113b3cb1e036d5c6a9505685b257ba\",\"name\":\"admin\",\"image\":{\"@type\":\"ImageObject\",\"inLanguage\":\"es\",\"@id\":\"https:\\\/\\\/secure.gravatar.com\\\/avatar\\\/072baa72775aad53c748dfc5d3048578e01b6c087eef335459ebfa04344e2d18?s=96&d=mm&r=g\",\"url\":\"https:\\\/\\\/secure.gravatar.com\\\/avatar\\\/072baa72775aad53c748dfc5d3048578e01b6c087eef335459ebfa04344e2d18?s=96&d=mm&r=g\",\"contentUrl\":\"https:\\\/\\\/secure.gravatar.com\\\/avatar\\\/072baa72775aad53c748dfc5d3048578e01b6c087eef335459ebfa04344e2d18?s=96&d=mm&r=g\",\"caption\":\"admin\"},\"sameAs\":[\"https:\\\/\\\/ferabrajan.com\\\/portal\"],\"url\":\"https:\\\/\\\/ferabrajan.com\\\/portal\\\/author\\\/admin\\\/\"}]}<\/script>\n<!-- \/ Yoast SEO plugin. -->","yoast_head_json":{"title":"M\u00e9xico supera las 9 mil muertes por Covid; hay 81,400 contagios - Fer Abrajan","robots":{"index":"index","follow":"follow","max-snippet":"max-snippet:-1","max-image-preview":"max-image-preview:large","max-video-preview":"max-video-preview:-1"},"canonical":"https:\/\/ferabrajan.com\/portal\/2020\/05\/29\/mexico-supera-las-9-mil-muertes-por-covid-hay-81400-contagios\/","og_locale":"es_ES","og_type":"article","og_title":"M\u00e9xico supera las 9 mil muertes por Covid; hay 81,400 contagios - Fer Abrajan","og_description":"M\u00e9xico acumul\u00f3, al corte de este 28 de mayo, 9 mil 044 muertes por Covid-19, con 81 mil 400 casos de contagios confirmados de coronavirus, seg\u00fan informaron autoridades de la&nbsp;Secretar\u00eda de Salud. Hugo L\u00f3pez-Gatell, subsecretario de Prevenci\u00f3n y Promoci\u00f3n de la Salud, detall\u00f3 que hay 36 mil 131 casos sospechosos, aunque con 137 mil 263 casos negativos acumulados en el pa\u00eds. Hasta el mi\u00e9rcoles, la Secretar\u00eda de Salud hab\u00eda confirmado 78 mil 23 casos confirmados, 8 mil 597 muertos y 15 mil 592 casos activos por coronavirus en M\u00e9xico. Este jueves se dio a conocer que para la reactivaci\u00f3n de las actividades en la Ciudad de M\u00e9xico, empresas encargadas de la miner\u00eda, la fabricaci\u00f3n de equipo de transporte, venta de bicicletas y producci\u00f3n de cerveza, as\u00ed como sus cadenas de producci\u00f3n, el Instituto Mexicano del Seguro Social (IMSS) y la Secretar\u00eda de Desarrollo Econ\u00f3mico (Sedeco) emitir\u00e1n permisos para las aperturas, por lo que solicitar\u00e1n diversos requisitos, como los horarios escalonados. \u201cSe tiene que solicitar el permiso al IMSS y la instituci\u00f3n les informa que tienen que acercarse a las distintas secretar\u00edas de Gobierno de la Ciudad de M\u00e9xico, principalmente la Secretar\u00eda de Desarrollo Econ\u00f3mico, de tal manera que se pueda establecer, sobre todo horarios de trabajo\u201d, explic\u00f3 Claudia Sheinbaum, la jefa de Gobierno. Sigue aqu\u00ed la transmisi\u00f3n completa de la conferencia sobre casos de coronavirus en M\u00e9xico, desde Palacio Nacional: [embedded content] cev Publicaci\u00f3n Original: https:\/\/www.eluniversal.com.mx\/nacion\/sociedad\/coronavirus-28-de-mayo-mexico-supera-las-9-mil-muertes-por-covid-hay-81400-contagios","og_url":"https:\/\/ferabrajan.com\/portal\/2020\/05\/29\/mexico-supera-las-9-mil-muertes-por-covid-hay-81400-contagios\/","og_site_name":"Fer Abrajan","article_publisher":"https:\/\/www.facebook.com\/NoticiasconFerAbrajan\/","article_published_time":"2020-05-29T19:07:00+00:00","author":"admin","twitter_card":"summary_large_image","twitter_creator":"@ferabrajan1","twitter_site":"@ferabrajan1","twitter_misc":{"Escrito por":"admin","Tiempo de lectura":"1 minuto"},"schema":{"@context":"https:\/\/schema.org","@graph":[{"@type":"Article","@id":"https:\/\/ferabrajan.com\/portal\/2020\/05\/29\/mexico-supera-las-9-mil-muertes-por-covid-hay-81400-contagios\/#article","isPartOf":{"@id":"https:\/\/ferabrajan.com\/portal\/2020\/05\/29\/mexico-supera-las-9-mil-muertes-por-covid-hay-81400-contagios\/"},"author":{"name":"admin","@id":"https:\/\/ferabrajan.com\/portal\/#\/schema\/person\/f6113b3cb1e036d5c6a9505685b257ba"},"headline":"M\u00e9xico supera las 9 mil muertes por Covid; hay 81,400 contagios","datePublished":"2020-05-29T19:07:00+00:00","mainEntityOfPage":{"@id":"https:\/\/ferabrajan.com\/portal\/2020\/05\/29\/mexico-supera-las-9-mil-muertes-por-covid-hay-81400-contagios\/"},"wordCount":272,"commentCount":0,"publisher":{"@id":"https:\/\/ferabrajan.com\/portal\/#organization"},"image":{"@id":"https:\/\/ferabrajan.com\/portal\/2020\/05\/29\/mexico-supera-las-9-mil-muertes-por-covid-hay-81400-contagios\/#primaryimage"},"thumbnailUrl":"","articleSection":["El Mundo"],"inLanguage":"es"},{"@type":"WebPage","@id":"https:\/\/ferabrajan.com\/portal\/2020\/05\/29\/mexico-supera-las-9-mil-muertes-por-covid-hay-81400-contagios\/","url":"https:\/\/ferabrajan.com\/portal\/2020\/05\/29\/mexico-supera-las-9-mil-muertes-por-covid-hay-81400-contagios\/","name":"M\u00e9xico supera las 9 mil muertes por Covid; hay 81,400 contagios - Fer Abrajan","isPartOf":{"@id":"https:\/\/ferabrajan.com\/portal\/#website"},"primaryImageOfPage":{"@id":"https:\/\/ferabrajan.com\/portal\/2020\/05\/29\/mexico-supera-las-9-mil-muertes-por-covid-hay-81400-contagios\/#primaryimage"},"image":{"@id":"https:\/\/ferabrajan.com\/portal\/2020\/05\/29\/mexico-supera-las-9-mil-muertes-por-covid-hay-81400-contagios\/#primaryimage"},"thumbnailUrl":"","datePublished":"2020-05-29T19:07:00+00:00","breadcrumb":{"@id":"https:\/\/ferabrajan.com\/portal\/2020\/05\/29\/mexico-supera-las-9-mil-muertes-por-covid-hay-81400-contagios\/#breadcrumb"},"inLanguage":"es","potentialAction":[{"@type":"ReadAction","target":["https:\/\/ferabrajan.com\/portal\/2020\/05\/29\/mexico-supera-las-9-mil-muertes-por-covid-hay-81400-contagios\/"]}]},{"@type":"ImageObject","inLanguage":"es","@id":"https:\/\/ferabrajan.com\/portal\/2020\/05\/29\/mexico-supera-las-9-mil-muertes-por-covid-hay-81400-contagios\/#primaryimage","url":"","contentUrl":""},{"@type":"BreadcrumbList","@id":"https:\/\/ferabrajan.com\/portal\/2020\/05\/29\/mexico-supera-las-9-mil-muertes-por-covid-hay-81400-contagios\/#breadcrumb","itemListElement":[{"@type":"ListItem","position":1,"name":"Portada","item":"https:\/\/ferabrajan.com\/portal\/"},{"@type":"ListItem","position":2,"name":"M\u00e9xico supera las 9 mil muertes por Covid; hay 81,400 contagios"}]},{"@type":"WebSite","@id":"https:\/\/ferabrajan.com\/portal\/#website","url":"https:\/\/ferabrajan.com\/portal\/","name":"Fer Abrajan","description":"Noticias de Puebla, opini\u00f3n y radio en vivo","publisher":{"@id":"https:\/\/ferabrajan.com\/portal\/#organization"},"potentialAction":[{"@type":"SearchAction","target":{"@type":"EntryPoint","urlTemplate":"https:\/\/ferabrajan.com\/portal\/?s={search_term_string}"},"query-input":{"@type":"PropertyValueSpecification","valueRequired":true,"valueName":"search_term_string"}}],"inLanguage":"es"},{"@type":"Organization","@id":"https:\/\/ferabrajan.com\/portal\/#organization","name":"Fer Abrajan","url":"https:\/\/ferabrajan.com\/portal\/","logo":{"@type":"ImageObject","inLanguage":"es","@id":"https:\/\/ferabrajan.com\/portal\/#\/schema\/logo\/image\/","url":"https:\/\/ferabrajan.com\/portal\/wp-content\/uploads\/2024\/10\/cropped-logo.jpeg","contentUrl":"https:\/\/ferabrajan.com\/portal\/wp-content\/uploads\/2024\/10\/cropped-logo.jpeg","width":500,"height":250,"caption":"Fer Abrajan"},"image":{"@id":"https:\/\/ferabrajan.com\/portal\/#\/schema\/logo\/image\/"},"sameAs":["https:\/\/www.facebook.com\/NoticiasconFerAbrajan\/","https:\/\/x.com\/ferabrajan1"]},{"@type":"Person","@id":"https:\/\/ferabrajan.com\/portal\/#\/schema\/person\/f6113b3cb1e036d5c6a9505685b257ba","name":"admin","image":{"@type":"ImageObject","inLanguage":"es","@id":"https:\/\/secure.gravatar.com\/avatar\/072baa72775aad53c748dfc5d3048578e01b6c087eef335459ebfa04344e2d18?s=96&d=mm&r=g","url":"https:\/\/secure.gravatar.com\/avatar\/072baa72775aad53c748dfc5d3048578e01b6c087eef335459ebfa04344e2d18?s=96&d=mm&r=g","contentUrl":"https:\/\/secure.gravatar.com\/avatar\/072baa72775aad53c748dfc5d3048578e01b6c087eef335459ebfa04344e2d18?s=96&d=mm&r=g","caption":"admin"},"sameAs":["https:\/\/ferabrajan.com\/portal"],"url":"https:\/\/ferabrajan.com\/portal\/author\/admin\/"}]}},"_links":{"self":[{"href":"https:\/\/ferabrajan.com\/portal\/wp-json\/wp\/v2\/posts\/12328","targetHints":{"allow":["GET"]}}],"collection":[{"href":"https:\/\/ferabrajan.com\/portal\/wp-json\/wp\/v2\/posts"}],"about":[{"href":"https:\/\/ferabrajan.com\/portal\/wp-json\/wp\/v2\/types\/post"}],"author":[{"embeddable":true,"href":"https:\/\/ferabrajan.com\/portal\/wp-json\/wp\/v2\/users\/1"}],"replies":[{"embeddable":true,"href":"https:\/\/ferabrajan.com\/portal\/wp-json\/wp\/v2\/comments?post=12328"}],"version-history":[{"count":0,"href":"https:\/\/ferabrajan.com\/portal\/wp-json\/wp\/v2\/posts\/12328\/revisions"}],"wp:attachment":[{"href":"https:\/\/ferabrajan.com\/portal\/wp-json\/wp\/v2\/media?parent=12328"}],"wp:term":[{"taxonomy":"category","embeddable":true,"href":"https:\/\/ferabrajan.com\/portal\/wp-json\/wp\/v2\/categories?post=12328"},{"taxonomy":"post_tag","embeddable":true,"href":"https:\/\/ferabrajan.com\/portal\/wp-json\/wp\/v2\/tags?post=12328"}],"curies":[{"name":"wp","href":"https:\/\/api.w.org\/{rel}","templated":true}]}}